{"id":598,"date":"2019-10-10T07:30:49","date_gmt":"2019-10-10T05:30:49","guid":{"rendered":"https:\/\/brm-conseil.fr\/?p=598"},"modified":"2020-02-11T17:26:14","modified_gmt":"2020-02-11T16:26:14","slug":"jeudi-10-octobre-journee-nationale-des-dys","status":"publish","type":"post","link":"https:\/\/brm-conseil.fr\/it\/2019\/10\/10\/jeudi-10-octobre-journee-nationale-des-dys\/","title":{"rendered":"Jeudi 10 octobre : journ\u00e9e nationale des DYS"},"content":{"rendered":"<p><strong>Le jeudi 10 octobre est la journ\u00e9e nationale des DYS : comment un orthophoniste peut aider les patients atteints de ces troubles ? <\/strong><\/p>\n\n\n\n<p style=\"text-align:justify\">En cette journ\u00e9e nationale des <strong>DYS<\/strong>, nous vous proposons d&rsquo;en apprendre un peu plus sur les troubles cognitifs sp\u00e9cifiques. D\u00e9couvrez de quelle mani\u00e8re un orthophoniste sera en capacit\u00e9 d&rsquo;aider ses patients atteints de troubles DYS \u00e0 mieux appr\u00e9hender certaines difficult\u00e9s li\u00e9es au langage. <\/p>\n\n\n\n<h2><strong>Quels sont les troubles DYS ? <\/strong><\/h2>\n\n\n\n<p style=\"text-align:justify\">Les troubles cognitifs sp\u00e9cifiques ou troubles DYS induisent des troubles sp\u00e9cifiques du langage et des apprentissages. Il s&rsquo;agit d&rsquo;un trouble structurel. Les troubles DYS sont multiples : <strong>dyslexie<\/strong>, dyspraxie, dysphasie, dyscalculie, dysgraphie, dysorthographie et troubles de l&rsquo;attention (TDAH). Il est \u00e0 noter que 40% des personnes DYS pr\u00e9sentent des troubles associ\u00e9s. <\/p>\n\n\n\n<p style=\"text-align:justify\">Il est fr\u00e9quent, par exemple, de voir des troubles li\u00e9s \u00e0 la motricit\u00e9 &#8211; comme la dysgraphie ou la dyspraxie &#8211; accompagner des troubles dyslexiques. Le point commun de tous ces troubles est qu&rsquo;ils mettent en difficult\u00e9 la personne DYS lorsqu&rsquo;elle doit faire face \u00e0 certaines circonstances. Cela peut se voir dans des situations d&rsquo;apprentissage, d&rsquo;<a href=\"https:\/\/brm-conseil.fr\/it\/2019\/07\/18\/reconversion-professionnelle-pourquoi-se-tourner-vers-les-metiers-de-la-sante\/\">insertion professionnelle<\/a> et de vie sociale. Heureusement, certains professionnels du soin peuvent accompagner la personne DYS dans l&rsquo;am\u00e9lioration de ses capacit\u00e9s. <\/p>\n\n\n\n<h2><strong>Le r\u00f4le de l&rsquo;orthophoniste dans le\ntraitement des troubles DYS<\/strong><\/h2>\n\n\n\n<p style=\"text-align:justify\">Puisque les aires c\u00e9r\u00e9brales impliqu\u00e9es et les manifestations de ces troubles ne sont pas identiques, les troubles DYS demandent une prise en charge adapt\u00e9e. En l&rsquo;occurrence, les troubles li\u00e9s au langage et les troubles logico-math\u00e9matiques. Ceux-ci peuvent \u00eatre trait\u00e9s par un <a href=\"https:\/\/brm-conseil.fr\/it\/2019\/05\/23\/secteur-de-la-sante-quels-sont-les-metiers-qui-recrutent-en-2019\/\">orthophoniste<\/a>, dans le cadre d&rsquo;un accompagnement d\u00e9di\u00e9.<\/p>\n\n\n\n<p style=\"text-align:justify\">Lors du premier rendez-vous avec l&rsquo;orthophoniste, celui-ci pratiquera un bilan qui lui permettra d&rsquo;\u00e9valuer le langage oral et \u00e9crit et le raisonnement logico-math\u00e9matique du patient. Ce bilan dure minimum 1 heure et est d\u00e9coup\u00e9 en deux parties : un entretien (si le patient est mineur, il s&rsquo;agira d&rsquo;un entretien avec sa famille) et les tests \u00e0 proprement parler. L&rsquo;entretien avec la famille permet de conna\u00eetre l&rsquo;historique, les habitudes de vie et les ant\u00e9c\u00e9dents m\u00e9dicaux du <strong>patient<\/strong>. Les tests servent \u00e0 \u00e9valuer le niveau d&rsquo;expression et de compr\u00e9hension.<\/p>\n\n\n\n<p style=\"text-align:justify\">Il existe deux types de bilans orthophoniques : le bilan orthophonique d&rsquo;investigation et le bilan orthophonique de r\u00e9\u00e9ducation. Le bilan requiert une prescription m\u00e9dicale. Le suivi men\u00e9 par l&rsquo;orthophoniste s&rsquo;adapte au patient et s&rsquo;ajuste au fil des consultations et permettra au patient de consolider ses capacit\u00e9s et d&rsquo;am\u00e9liorer certaines <strong>comp\u00e9tences<\/strong>. En effet, le patient sera amen\u00e9 \u00e0 travailler l&rsquo;\u00e9crit, la lecture et l&rsquo;oral via des exercices planifi\u00e9s.<\/p>\n\n\n\n<p style=\"text-align:justify\">Gr\u00e2ce \u00e0 une grande am\u00e9lioration de leur <a href=\"https:\/\/brm-conseil.fr\/it\/\">formation initiale <\/a>concernant les troubles DYS et une mise \u00e0 jour r\u00e9guli\u00e8re de leurs connaissances, les orthophonistes sont en capacit\u00e9 d&rsquo;accueillir toute personne porteuse de trouble DYS ainsi que sa famille. N&rsquo;oubliez pas qu&rsquo;un diagnostic pr\u00e9coce et une r\u00e9\u00e9ducation intensive procurent de meilleurs r\u00e9sultats.<\/p>","protected":false},"excerpt":{"rendered":"<p>Journ\u00e9e nationale des DYS : d\u00e9couvrez comment un orthophoniste peut aider les patients atteints des troubles cognitifs sp\u00e9cifiques.<\/p>","protected":false},"author":3,"featured_media":599,"comment_status":"closed","ping_status":"closed","sticky":false,"template":"","format":"standard","meta":{"_et_pb_use_builder":"off","_et_pb_old_content":"","_et_gb_content_width":""},"categories":[131],"tags":[],"yoast_head":"<!-- This site is optimized with the Yoast SEO plugin v19.4 - https:\/\/yoast.com\/wordpress\/plugins\/seo\/ -->\n<title>Les troubles DYS pris en charge par les orthophonistes<\/title>\n<meta name=\"description\" content=\"Journ\u00e9e nationale des DYS : d\u00e9couvrez comment un orthophoniste peut aider les patients atteints des troubles cognitifs sp\u00e9cifiques.\" \/>\n<meta name=\"robots\" content=\"index, follow, max-snippet:-1, max-image-preview:large, max-video-preview:-1\" \/>\n<link rel=\"canonical\" href=\"https:\/\/brm-conseil.fr\/it\/wp-json\/wp\/v2\/posts\/598\" \/>\n<meta property=\"og:locale\" content=\"it_IT\" \/>\n<meta property=\"og:type\" content=\"article\" \/>\n<meta property=\"og:title\" content=\"Les troubles DYS pris en charge par les orthophonistes\" \/>\n<meta property=\"og:description\" content=\"Journ\u00e9e nationale des DYS : d\u00e9couvrez comment un orthophoniste peut aider les patients atteints des troubles cognitifs sp\u00e9cifiques.\" \/>\n<meta property=\"og:url\" content=\"https:\/\/brm-conseil.fr\/it\/wp-json\/wp\/v2\/posts\/598\" \/>\n<meta property=\"og:site_name\" content=\"BRM Conseil\" \/>\n<meta property=\"article:published_time\" content=\"2019-10-10T05:30:49+00:00\" \/>\n<meta property=\"article:modified_time\" content=\"2020-02-11T16:26:14+00:00\" \/>\n<meta property=\"og:image\" content=\"https:\/\/brm-conseil.fr\/wp-content\/uploads\/2020\/01\/LinkedIn_Brm-Conseil.png\" \/>\n\t<meta property=\"og:image:width\" content=\"1920\" \/>\n\t<meta property=\"og:image:height\" content=\"1114\" \/>\n\t<meta property=\"og:image:type\" content=\"image\/jpeg\" \/>\n<meta name=\"author\" content=\"Blogueur BRM Conseil\" \/>\n<meta name=\"twitter:card\" content=\"summary_large_image\" \/>\n<meta name=\"twitter:label1\" content=\"Scritto da\" \/>\n\t<meta name=\"twitter:data1\" content=\"Blogueur BRM Conseil\" \/>\n\t<meta name=\"twitter:label2\" content=\"Tempo di lettura stimato\" \/>\n\t<meta name=\"twitter:data2\" content=\"2 minuti\" \/>\n<script type=\"application\/ld+json\" class=\"yoast-schema-graph\">{\"@context\":\"https:\/\/schema.org\",\"@graph\":[{\"@type\":\"Organization\",\"@id\":\"https:\/\/brm-conseil.fr\/fr\/#organization\",\"name\":\"BRM Conseil\",\"url\":\"https:\/\/brm-conseil.fr\/fr\/\",\"sameAs\":[],\"logo\":{\"@type\":\"ImageObject\",\"inLanguage\":\"it-IT\",\"@id\":\"https:\/\/brm-conseil.fr\/fr\/#\/schema\/logo\/image\/\",\"url\":\"https:\/\/brm-conseil.fr\/wp-content\/uploads\/2019\/06\/logo-brmconseil.png\",\"contentUrl\":\"https:\/\/brm-conseil.fr\/wp-content\/uploads\/2019\/06\/logo-brmconseil.png\",\"width\":420,\"height\":66,\"caption\":\"BRM Conseil\"},\"image\":{\"@id\":\"https:\/\/brm-conseil.fr\/fr\/#\/schema\/logo\/image\/\"}},{\"@type\":\"WebSite\",\"@id\":\"https:\/\/brm-conseil.fr\/fr\/#website\",\"url\":\"https:\/\/brm-conseil.fr\/fr\/\",\"name\":\"BrmConseil\",\"description\":\"Sp\u00e9cialiste du recrutement m\u00e9dical\",\"publisher\":{\"@id\":\"https:\/\/brm-conseil.fr\/fr\/#organization\"},\"potentialAction\":[{\"@type\":\"SearchAction\",\"target\":{\"@type\":\"EntryPoint\",\"urlTemplate\":\"https:\/\/brm-conseil.fr\/fr\/?s={search_term_string}\"},\"query-input\":\"required name=search_term_string\"}],\"inLanguage\":\"it-IT\"},{\"@type\":\"WebPage\",\"@id\":\"https:\/\/brm-conseil.fr\/fr\/2019\/10\/10\/jeudi-10-octobre-journee-nationale-des-dys\/\",\"url\":\"https:\/\/brm-conseil.fr\/fr\/2019\/10\/10\/jeudi-10-octobre-journee-nationale-des-dys\/\",\"name\":\"Les troubles DYS pris en charge par les orthophonistes\",\"isPartOf\":{\"@id\":\"https:\/\/brm-conseil.fr\/fr\/#website\"},\"datePublished\":\"2019-10-10T05:30:49+00:00\",\"dateModified\":\"2020-02-11T16:26:14+00:00\",\"description\":\"Journ\u00e9e nationale des DYS : d\u00e9couvrez comment un orthophoniste peut aider les patients atteints des troubles cognitifs sp\u00e9cifiques.\",\"breadcrumb\":{\"@id\":\"https:\/\/brm-conseil.fr\/fr\/2019\/10\/10\/jeudi-10-octobre-journee-nationale-des-dys\/#breadcrumb\"},\"inLanguage\":\"it-IT\",\"potentialAction\":[{\"@type\":\"ReadAction\",\"target\":[\"https:\/\/brm-conseil.fr\/fr\/2019\/10\/10\/jeudi-10-octobre-journee-nationale-des-dys\/\"]}]},{\"@type\":\"BreadcrumbList\",\"@id\":\"https:\/\/brm-conseil.fr\/fr\/2019\/10\/10\/jeudi-10-octobre-journee-nationale-des-dys\/#breadcrumb\",\"itemListElement\":[{\"@type\":\"ListItem\",\"position\":1,\"name\":\"Accueil\",\"item\":\"https:\/\/brm-conseil.fr\/fr\/\"},{\"@type\":\"ListItem\",\"position\":2,\"name\":\"Jeudi 10 octobre : journ\u00e9e nationale des DYS\"}]},{\"@type\":\"Article\",\"@id\":\"https:\/\/brm-conseil.fr\/fr\/2019\/10\/10\/jeudi-10-octobre-journee-nationale-des-dys\/#article\",\"isPartOf\":{\"@id\":\"https:\/\/brm-conseil.fr\/fr\/2019\/10\/10\/jeudi-10-octobre-journee-nationale-des-dys\/\"},\"author\":{\"name\":\"Blogueur BRM Conseil\",\"@id\":\"https:\/\/brm-conseil.fr\/fr\/#\/schema\/person\/9e5d4f1cb7974f23b087f35a80469c89\"},\"headline\":\"Jeudi 10 octobre : journ\u00e9e nationale des DYS\",\"datePublished\":\"2019-10-10T05:30:49+00:00\",\"dateModified\":\"2020-02-11T16:26:14+00:00\",\"mainEntityOfPage\":{\"@id\":\"https:\/\/brm-conseil.fr\/fr\/2019\/10\/10\/jeudi-10-octobre-journee-nationale-des-dys\/\"},\"wordCount\":498,\"publisher\":{\"@id\":\"https:\/\/brm-conseil.fr\/fr\/#organization\"},\"articleSection\":[\"Orthophoniste\"],\"inLanguage\":\"it-IT\"},{\"@type\":\"Person\",\"@id\":\"https:\/\/brm-conseil.fr\/fr\/#\/schema\/person\/9e5d4f1cb7974f23b087f35a80469c89\",\"name\":\"Blogueur BRM Conseil\",\"image\":{\"@type\":\"ImageObject\",\"inLanguage\":\"it-IT\",\"@id\":\"https:\/\/brm-conseil.fr\/fr\/#\/schema\/person\/image\/\",\"url\":\"https:\/\/secure.gravatar.com\/avatar\/970f8c3497a522d7e0e65aff2a9986ef?s=96&d=mm&r=g\",\"contentUrl\":\"https:\/\/secure.gravatar.com\/avatar\/970f8c3497a522d7e0e65aff2a9986ef?s=96&d=mm&r=g\",\"caption\":\"Blogueur BRM Conseil\"},\"url\":\"https:\/\/brm-conseil.fr\/it\/author\/brmconseilblog\/\"}]}<\/script>\n<!-- \/ Yoast SEO plugin. -->","yoast_head_json":{"title":"Les troubles DYS pris en charge par les orthophonistes","description":"Journ\u00e9e nationale des DYS : d\u00e9couvrez comment un orthophoniste peut aider les patients atteints des troubles cognitifs sp\u00e9cifiques.","robots":{"index":"index","follow":"follow","max-snippet":"max-snippet:-1","max-image-preview":"max-image-preview:large","max-video-preview":"max-video-preview:-1"},"canonical":"https:\/\/brm-conseil.fr\/it\/wp-json\/wp\/v2\/posts\/598","og_locale":"it_IT","og_type":"article","og_title":"Les troubles DYS pris en charge par les orthophonistes","og_description":"Journ\u00e9e nationale des DYS : d\u00e9couvrez comment un orthophoniste peut aider les patients atteints des troubles cognitifs sp\u00e9cifiques.","og_url":"https:\/\/brm-conseil.fr\/it\/wp-json\/wp\/v2\/posts\/598","og_site_name":"BRM Conseil","article_published_time":"2019-10-10T05:30:49+00:00","article_modified_time":"2020-02-11T16:26:14+00:00","og_image":[{"width":1920,"height":1114,"url":"https:\/\/brm-conseil.fr\/wp-content\/uploads\/2020\/01\/LinkedIn_Brm-Conseil.png","type":"image\/jpeg"}],"author":"Blogueur BRM Conseil","twitter_card":"summary_large_image","twitter_misc":{"Scritto da":"Blogueur BRM Conseil","Tempo di lettura stimato":"2 minuti"},"schema":{"@context":"https:\/\/schema.org","@graph":[{"@type":"Organization","@id":"https:\/\/brm-conseil.fr\/fr\/#organization","name":"BRM Conseil","url":"https:\/\/brm-conseil.fr\/fr\/","sameAs":[],"logo":{"@type":"ImageObject","inLanguage":"it-IT","@id":"https:\/\/brm-conseil.fr\/fr\/#\/schema\/logo\/image\/","url":"https:\/\/brm-conseil.fr\/wp-content\/uploads\/2019\/06\/logo-brmconseil.png","contentUrl":"https:\/\/brm-conseil.fr\/wp-content\/uploads\/2019\/06\/logo-brmconseil.png","width":420,"height":66,"caption":"BRM Conseil"},"image":{"@id":"https:\/\/brm-conseil.fr\/fr\/#\/schema\/logo\/image\/"}},{"@type":"WebSite","@id":"https:\/\/brm-conseil.fr\/fr\/#website","url":"https:\/\/brm-conseil.fr\/fr\/","name":"BrmConseil","description":"Specialista in reclutamento medico","publisher":{"@id":"https:\/\/brm-conseil.fr\/fr\/#organization"},"potentialAction":[{"@type":"SearchAction","target":{"@type":"EntryPoint","urlTemplate":"https:\/\/brm-conseil.fr\/fr\/?s={search_term_string}"},"query-input":"required name=search_term_string"}],"inLanguage":"it-IT"},{"@type":"WebPage","@id":"https:\/\/brm-conseil.fr\/fr\/2019\/10\/10\/jeudi-10-octobre-journee-nationale-des-dys\/","url":"https:\/\/brm-conseil.fr\/fr\/2019\/10\/10\/jeudi-10-octobre-journee-nationale-des-dys\/","name":"Les troubles DYS pris en charge par les orthophonistes","isPartOf":{"@id":"https:\/\/brm-conseil.fr\/fr\/#website"},"datePublished":"2019-10-10T05:30:49+00:00","dateModified":"2020-02-11T16:26:14+00:00","description":"Journ\u00e9e nationale des DYS : d\u00e9couvrez comment un orthophoniste peut aider les patients atteints des troubles cognitifs sp\u00e9cifiques.","breadcrumb":{"@id":"https:\/\/brm-conseil.fr\/fr\/2019\/10\/10\/jeudi-10-octobre-journee-nationale-des-dys\/#breadcrumb"},"inLanguage":"it-IT","potentialAction":[{"@type":"ReadAction","target":["https:\/\/brm-conseil.fr\/fr\/2019\/10\/10\/jeudi-10-octobre-journee-nationale-des-dys\/"]}]},{"@type":"BreadcrumbList","@id":"https:\/\/brm-conseil.fr\/fr\/2019\/10\/10\/jeudi-10-octobre-journee-nationale-des-dys\/#breadcrumb","itemListElement":[{"@type":"ListItem","position":1,"name":"Accueil","item":"https:\/\/brm-conseil.fr\/fr\/"},{"@type":"ListItem","position":2,"name":"Jeudi 10 octobre : journ\u00e9e nationale des DYS"}]},{"@type":"Article","@id":"https:\/\/brm-conseil.fr\/fr\/2019\/10\/10\/jeudi-10-octobre-journee-nationale-des-dys\/#article","isPartOf":{"@id":"https:\/\/brm-conseil.fr\/fr\/2019\/10\/10\/jeudi-10-octobre-journee-nationale-des-dys\/"},"author":{"name":"Blogueur BRM Conseil","@id":"https:\/\/brm-conseil.fr\/fr\/#\/schema\/person\/9e5d4f1cb7974f23b087f35a80469c89"},"headline":"Jeudi 10 octobre : journ\u00e9e nationale des DYS","datePublished":"2019-10-10T05:30:49+00:00","dateModified":"2020-02-11T16:26:14+00:00","mainEntityOfPage":{"@id":"https:\/\/brm-conseil.fr\/fr\/2019\/10\/10\/jeudi-10-octobre-journee-nationale-des-dys\/"},"wordCount":498,"publisher":{"@id":"https:\/\/brm-conseil.fr\/fr\/#organization"},"articleSection":["Orthophoniste"],"inLanguage":"it-IT"},{"@type":"Person","@id":"https:\/\/brm-conseil.fr\/fr\/#\/schema\/person\/9e5d4f1cb7974f23b087f35a80469c89","name":"Blogger BRM Conseil","image":{"@type":"ImageObject","inLanguage":"it-IT","@id":"https:\/\/brm-conseil.fr\/fr\/#\/schema\/person\/image\/","url":"https:\/\/secure.gravatar.com\/avatar\/970f8c3497a522d7e0e65aff2a9986ef?s=96&d=mm&r=g","contentUrl":"https:\/\/secure.gravatar.com\/avatar\/970f8c3497a522d7e0e65aff2a9986ef?s=96&d=mm&r=g","caption":"Blogueur BRM Conseil"},"url":"https:\/\/brm-conseil.fr\/it\/author\/brmconseilblog\/"}]}},"_links":{"self":[{"href":"https:\/\/brm-conseil.fr\/it\/wp-json\/wp\/v2\/posts\/598"}],"collection":[{"href":"https:\/\/brm-conseil.fr\/it\/wp-json\/wp\/v2\/posts"}],"about":[{"href":"https:\/\/brm-conseil.fr\/it\/wp-json\/wp\/v2\/types\/post"}],"author":[{"embeddable":true,"href":"https:\/\/brm-conseil.fr\/it\/wp-json\/wp\/v2\/users\/3"}],"replies":[{"embeddable":true,"href":"https:\/\/brm-conseil.fr\/it\/wp-json\/wp\/v2\/comments?post=598"}],"version-history":[{"count":2,"href":"https:\/\/brm-conseil.fr\/it\/wp-json\/wp\/v2\/posts\/598\/revisions"}],"predecessor-version":[{"id":601,"href":"https:\/\/brm-conseil.fr\/it\/wp-json\/wp\/v2\/posts\/598\/revisions\/601"}],"wp:featuredmedia":[{"embeddable":true,"href":"https:\/\/brm-conseil.fr\/it\/wp-json\/wp\/v2\/media\/599"}],"wp:attachment":[{"href":"https:\/\/brm-conseil.fr\/it\/wp-json\/wp\/v2\/media?parent=598"}],"wp:term":[{"taxonomy":"category","embeddable":true,"href":"https:\/\/brm-conseil.fr\/it\/wp-json\/wp\/v2\/categories?post=598"},{"taxonomy":"post_tag","embeddable":true,"href":"https:\/\/brm-conseil.fr\/it\/wp-json\/wp\/v2\/tags?post=598"}],"curies":[{"name":"wp","href":"https:\/\/api.w.org\/{rel}","templated":true}]}}