{"id":3241,"date":"2020-02-26T14:50:32","date_gmt":"2020-02-26T13:50:32","guid":{"rendered":"https:\/\/brm-conseil.fr\/?p=3241"},"modified":"2022-06-22T23:16:51","modified_gmt":"2022-06-22T21:16:51","slug":"emprego-em-franca-quais-os-procedimentos-administrativos-para-trabalhar-como-medico-de-medicina-geral","status":"publish","type":"post","link":"https:\/\/brm-conseil.fr\/it\/2020\/02\/26\/emprego-em-franca-quais-os-procedimentos-administrativos-para-trabalhar-como-medico-de-medicina-geral\/","title":{"rendered":"Emprego em Fran\u00e7a: quais os procedimentos administrativos para trabalhar como m\u00e9dico de medicina geral?"},"content":{"rendered":"<p>[et_pb_section fb_built=\u00a0\u00bb1&Prime; _builder_version=\u00a0\u00bb4.3.2&Prime; background_image=\u00a0\u00bbhttps:\/\/brm-conseil.fr\/wp-content\/uploads\/2020\/02\/helloquence-EPppwcVTZEo-unsplash-scaled.jpg\u00a0\u00bb custom_padding=\u00a0\u00bb150px||150px\u00a0\u00bb global_colors_info=\u00a0\u00bb{}\u00a0\u00bb][\/et_pb_section][et_pb_section fb_built=\u00a0\u00bb1&Prime; _builder_version=\u00a0\u00bb3.25.2&Prime; background_color=\u00a0\u00bbrgba(0,0,0,0)\u00a0\u00bb custom_margin=\u00a0\u00bb-150px||\u00a0\u00bb custom_padding=\u00a0\u00bb|||||\u00a0\u00bb global_colors_info=\u00a0\u00bb{}\u00a0\u00bb][et_pb_row column_structure=\u00a0\u00bb1_2,1_2&Prime; _builder_version=\u00a0\u00bb3.25.2&Prime; global_colors_info=\u00a0\u00bb{}\u00a0\u00bb][et_pb_column type=\u00a0\u00bb1_2&Prime; _builder_version=\u00a0\u00bb3.25.2&Prime; global_colors_info=\u00a0\u00bb{}\u00a0\u00bb][\/et_pb_column][et_pb_column type=\u00a0\u00bb1_2&Prime; _builder_version=\u00a0\u00bb3.25.2&Prime; background_color=\u00a0\u00bb#0c71c3&Prime; custom_padding=\u00a0\u00bb30px|20px|30px|20px\u00a0\u00bb global_colors_info=\u00a0\u00bb{}\u00a0\u00bb][et_pb_post_title author=\u00a0\u00bboff\u00a0\u00bb date_format=\u00a0\u00bbj F Y\u00a0\u00bb comments=\u00a0\u00bboff\u00a0\u00bb featured_image=\u00a0\u00bboff\u00a0\u00bb _builder_version=\u00a0\u00bb4.0.3&Prime; title_font=\u00a0\u00bb|600|||||||\u00a0\u00bb title_text_align=\u00a0\u00bbleft\u00a0\u00bb title_text_color=\u00a0\u00bb#ffffff\u00a0\u00bb title_font_size=\u00a0\u00bb30px\u00a0\u00bb meta_font=\u00a0\u00bb||||||||\u00a0\u00bb meta_text_color=\u00a0\u00bb#ffffff\u00a0\u00bb title_font_size_tablet=\u00a0\u00bb20px\u00a0\u00bb title_font_size_phone=\u00a0\u00bb\u00a0\u00bb title_font_size_last_edited=\u00a0\u00bbon|phone\u00a0\u00bb global_colors_info=\u00a0\u00bb{}\u00a0\u00bb][\/et_pb_post_title][\/et_pb_column][\/et_pb_row][\/et_pb_section][et_pb_section fb_built=\u00a0\u00bb1&Prime; _builder_version=\u00a0\u00bb4.0.3&Prime; custom_margin=\u00a0\u00bb-100px||-30px||false|false\u00a0\u00bb global_colors_info=\u00a0\u00bb{}\u00a0\u00bb][et_pb_row _builder_version=\u00a0\u00bb3.25.2&Prime; global_colors_info=\u00a0\u00bb{}\u00a0\u00bb][et_pb_column type=\u00a0\u00bb4_4&Prime; _builder_version=\u00a0\u00bb3.25.2&Prime; global_colors_info=\u00a0\u00bb{}\u00a0\u00bb][et_pb_text _builder_version=\u00a0\u00bb4.0.3&Prime; custom_margin=\u00a0\u00bb-9px|100px||100px||\u00a0\u00bb custom_margin_tablet=\u00a0\u00bb|0px||0px\u00a0\u00bb custom_margin_phone=\u00a0\u00bb\u00a0\u00bb custom_margin_last_edited=\u00a0\u00bbon|tablet\u00a0\u00bb global_colors_info=\u00a0\u00bb{}\u00a0\u00bb]<\/p>\n<p style=\"text-align: justify\">Est\u00e1 \u00e0 procura de um <a href=\"https:\/\/brm-conseil.fr\/\">emprego como m\u00e9dico de medicina geral em Fran\u00e7a<\/a>\u2009? Atualmente \u00e9 estudante de medicina, m\u00e9dico franc\u00eas ou <strong>estrangeiro<\/strong> ou est\u00e1 em reconvers\u00e3o profissional? Encontre todas as obriga\u00e7\u00f5es administrativas para realizar a sua carreira como m\u00e9dico de medicina geral em Fran\u00e7a.<\/p>\n<h2 style=\"text-align: justify\">A escolha de um lugar para encontrar um emprego como m\u00e9dico em Fran\u00e7a<\/h2>\n<p style=\"text-align: justify\">Durante os procedimentos administrativos, o local para o exerc\u00edcio da sua atividade deve ser definido e mencionado. Esta informa\u00e7\u00e3o condiciona o seu registo obrigat\u00f3rio no Conselho Nacional da Ordem dos M\u00e9dicos, para trabalhar legalmente em Fran\u00e7a. Especificar um ou mais locais para encontrar o seu <a href=\"https:\/\/brm-conseil.fr\/offres-demploi-sante\/\">emprego de m\u00e9dico de medicina geral<\/a> \u00e9, portanto, essencial.\u00a0\u00a0<\/p>\n<h2 style=\"text-align: justify\">O Conselho Nacional da Ordem dos M\u00e9dicos<\/h2>\n<p style=\"text-align: justify\">Para exercer a profiss\u00e3o de <strong>m\u00e9dico de medicina geral<\/strong> em Fran\u00e7a, a primeira etapa administrativa consiste em registar-se no conselho departamental da Ordem dos M\u00e9dicos associado ao local onde a atividade m\u00e9dica \u00e9 praticada. Etapa indispens\u00e1vel, caso contr\u00e1rio, a pr\u00e1tica da medicina n\u00e3o \u00e9 autorizada em solo franc\u00eas. Ap\u00f3s esse registo, o m\u00e9dico recebe automaticamente a c\u00e9dula profissional enviada pela Ag\u00eancia de sistemas de informa\u00e7\u00e3o partilhados em sa\u00fade (ASIP Sa\u00fade).<\/p>\n<p style=\"text-align: justify\">A Ordem dos M\u00e9dicos estabelece o certificado do m\u00e9dico com o seu n\u00famero \u00fanico de RPPS e indica o(s) local(is) de pr\u00e1tica anteriormente indicado(s) ao se registar na Ordem dos M\u00e9dicos.<\/p>\n<h2 style=\"text-align: justify\">Registo no Seguro de Sa\u00fade<\/h2>\n<p style=\"text-align: justify\">Uma vez obtida a <strong>c\u00e9dula profissional<\/strong>, o m\u00e9dico deve registar-se no Seguro de Sa\u00fade do departamento em que atua. Durante esta fase, o m\u00e9dico indica se tem um acordo 1 ou 2 (com taxas gratuitas). O Seguro de Sa\u00fade apoia os m\u00e9dicos de medicina geral para o seu registo no Urssaf.<\/p>\n<h2 style=\"text-align: justify\">Garantir a carreira do seu m\u00e9dico em Fran\u00e7a<\/h2>\n<p style=\"text-align: justify\">Todos os m\u00e9dicos devem ter seguro de responsabilidade civil. O m\u00e9dico de medicina geral em Fran\u00e7a \u00e9 obrigado a assegurar os atos m\u00e9dicos que realiza, fazendo um seguro de responsabilidade profissional.<\/p>\n<h2 style=\"text-align: justify\">Contribuir para a pens\u00e3o em Fran\u00e7a<\/h2>\n<p style=\"text-align: justify\">Durante uma atividade liberal, em per\u00edodo integral ou parcial, os profissionais de sa\u00fade devem pagar as suas contribui\u00e7\u00f5es para um fundo de pens\u00f5es. Portanto, \u00e9 aconselh\u00e1vel registar-se no Fundo Aut\u00f3nomo de Pens\u00f5es de M\u00e9dicos de Fran\u00e7a.<\/p>\n<h2 style=\"text-align: justify\">CAF, os seus direitos e deveres<\/h2>\n<p style=\"text-align: justify\">Para beneficiar dos direitos e subs\u00eddios do Fundo de Abonos de Fam\u00edlia (CAF), o m\u00e9dico de medicina geral deve registar-se no Fundo associado ao seu local de pr\u00e1tica m\u00e9dica.<\/p>\n<h2 style=\"text-align: justify\">Normas de instala\u00e7\u00e3o para m\u00e9dicos de medicina geral<\/h2>\n<p style=\"text-align: justify\">Os m\u00e9dicos de medicina geral devem praticar <strong>medicina<\/strong> e dar as boas-vindas aos seus pacientes em locais que cumpram rigorosas regras de higiene. A publica\u00e7\u00e3o \u00e9 obrigat\u00f3ria para apresentar os pre\u00e7os, o 1&gt;<u>setor convencionado<\/u> e a associa\u00e7\u00e3o a associa\u00e7\u00f5es.<\/p>\n<p>[\/et_pb_text][\/et_pb_column][\/et_pb_row][\/et_pb_section][et_pb_section fb_built=\u00a0\u00bb1&Prime; _builder_version=\u00a0\u00bb4.0.3&Prime; custom_margin=\u00a0\u00bb0px||||false|false\u00a0\u00bb custom_padding=\u00a0\u00bb0px||||false|false\u00a0\u00bb global_colors_info=\u00a0\u00bb{}\u00a0\u00bb][et_pb_row column_structure=\u00a0\u00bb1_2,1_2&Prime; _builder_version=\u00a0\u00bb4.0.3&Prime; background_color=\u00a0\u00bbrgba(0,0,0,0)\u00a0\u00bb background_size=\u00a0\u00bbinitial\u00a0\u00bb background_position=\u00a0\u00bbtop_left\u00a0\u00bb background_repeat=\u00a0\u00bbrepeat\u00a0\u00bb global_colors_info=\u00a0\u00bb{}\u00a0\u00bb][et_pb_column type=\u00a0\u00bb1_2&Prime; _builder_version=\u00a0\u00bb4.0.3&Prime; background_color=\u00a0\u00bb#0c71c3&Prime; custom_padding=\u00a0\u00bb20px|15px|20px|15px|false|false\u00a0\u00bb global_colors_info=\u00a0\u00bb{}\u00a0\u00bb][et_pb_text _builder_version=\u00a0\u00bb4.3.2&Prime; text_font=\u00a0\u00bb|800|||||||\u00a0\u00bb text_text_color=\u00a0\u00bb#ffffff\u00a0\u00bb text_font_size=\u00a0\u00bb16px\u00a0\u00bb global_colors_info=\u00a0\u00bb{}\u00a0\u00bb]<\/p>\n<p style=\"text-align: center\">Candidate-se a nossas ofertas de emprego para m\u00e9dicos<\/p>\n<p>[\/et_pb_text][et_pb_button button_url=\u00a0\u00bbhttps:\/\/brm-conseil.fr\/pt\/annonces-medicales-dentaires\/\u00a0\u00bb button_text=\u00a0\u00bbaplica\u00e7\u00e3o espont\u00e2nea\u00a0\u00bb button_alignment=\u00a0\u00bbcenter\u00a0\u00bb _builder_version=\u00a0\u00bb4.10.7&Prime; custom_button=\u00a0\u00bbon\u00a0\u00bb button_text_size=\u00a0\u00bb18px\u00a0\u00bb button_text_color=\u00a0\u00bb#0c71c3&Prime; button_bg_color=\u00a0\u00bb#ffffff\u00a0\u00bb button_border_width=\u00a0\u00bb2px\u00a0\u00bb button_border_radius=\u00a0\u00bb30px\u00a0\u00bb hover_enabled=\u00a0\u00bb0&Prime; global_colors_info=\u00a0\u00bb{}\u00a0\u00bb sticky_enabled=\u00a0\u00bb0&Prime;][\/et_pb_button][\/et_pb_column][et_pb_column type=\u00a0\u00bb1_2&Prime; _builder_version=\u00a0\u00bb4.0.3&Prime; background_color=\u00a0\u00bb#d6d6d6&Prime; custom_padding=\u00a0\u00bb20px|15px|20px|15px|false|false\u00a0\u00bb global_colors_info=\u00a0\u00bb{}\u00a0\u00bb][et_pb_text _builder_version=\u00a0\u00bb4.3.2&Prime; text_font=\u00a0\u00bb|800|||||||\u00a0\u00bb text_font_size=\u00a0\u00bb16px\u00a0\u00bb global_colors_info=\u00a0\u00bb{}\u00a0\u00bb]<\/p>\n<p style=\"text-align: center\">Deseja entrar em contato conosco diretamente ?<\/p>\n<p>[\/et_pb_text][et_pb_button button_url=\u00a0\u00bbhttps:\/\/brm-conseil.fr\/pt\/contacto-pt\/\u00a0\u00bb button_text=\u00a0\u00bbContate-nos\u00a0\u00bb button_alignment=\u00a0\u00bbcenter\u00a0\u00bb _builder_version=\u00a0\u00bb4.3.2&Prime; custom_button=\u00a0\u00bbon\u00a0\u00bb button_text_size=\u00a0\u00bb18px\u00a0\u00bb button_border_radius=\u00a0\u00bb30px\u00a0\u00bb global_colors_info=\u00a0\u00bb{}\u00a0\u00bb][\/et_pb_button][\/et_pb_column][\/et_pb_row][\/et_pb_section]<\/p>\n","protected":false},"excerpt":{"rendered":"<p>Encontrar um emprego como cl\u00ednico geral envolve a execu\u00e7\u00e3o de v\u00e1rios procedimentos administrativos obrigat\u00f3rios para a pr\u00e1tica legal.<\/p>","protected":false},"author":3,"featured_media":3177,"comment_status":"closed","ping_status":"closed","sticky":false,"template":"","format":"standard","meta":{"_et_pb_use_builder":"on","_et_pb_old_content":"","_et_gb_content_width":"1080"},"categories":[648],"tags":[],"yoast_head":"<!-- This site is optimized with the Yoast SEO plugin v19.4 - https:\/\/yoast.com\/wordpress\/plugins\/seo\/ -->\n<title>Como trabalhar como cl\u00ednico geral na Fran\u00e7a ?<\/title>\n<meta name=\"description\" content=\"Encontrar um emprego como cl\u00ednico geral envolve a execu\u00e7\u00e3o de v\u00e1rios procedimentos administrativos obrigat\u00f3rios para a pr\u00e1tica legal.\" \/>\n<meta name=\"robots\" content=\"index, follow, max-snippet:-1, max-image-preview:large, max-video-preview:-1\" \/>\n<link rel=\"canonical\" href=\"https:\/\/brm-conseil.fr\/it\/wp-json\/wp\/v2\/posts\/3241\" \/>\n<meta property=\"og:locale\" content=\"it_IT\" \/>\n<meta property=\"og:type\" content=\"article\" \/>\n<meta property=\"og:title\" content=\"Como trabalhar como cl\u00ednico geral na Fran\u00e7a ?\" \/>\n<meta property=\"og:description\" content=\"Encontrar um emprego como cl\u00ednico geral envolve a execu\u00e7\u00e3o de v\u00e1rios procedimentos administrativos obrigat\u00f3rios para a pr\u00e1tica legal.\" \/>\n<meta property=\"og:url\" content=\"https:\/\/brm-conseil.fr\/it\/wp-json\/wp\/v2\/posts\/3241\" \/>\n<meta property=\"og:site_name\" content=\"BRM Conseil\" \/>\n<meta property=\"article:published_time\" content=\"2020-02-26T13:50:32+00:00\" \/>\n<meta property=\"article:modified_time\" content=\"2022-06-22T21:16:51+00:00\" \/>\n<meta property=\"og:image\" content=\"https:\/\/brm-conseil.fr\/wp-content\/uploads\/2020\/01\/LinkedIn_Brm-Conseil.png\" \/>\n\t<meta property=\"og:image:width\" content=\"2560\" \/>\n\t<meta property=\"og:image:height\" content=\"1709\" \/>\n\t<meta property=\"og:image:type\" content=\"image\/jpeg\" \/>\n<meta name=\"author\" content=\"Blogueur BRM Conseil\" \/>\n<meta name=\"twitter:card\" content=\"summary_large_image\" \/>\n<meta name=\"twitter:label1\" content=\"Scritto da\" \/>\n\t<meta name=\"twitter:data1\" content=\"Blogueur BRM Conseil\" \/>\n\t<meta name=\"twitter:label2\" content=\"Tempo di lettura stimato\" \/>\n\t<meta name=\"twitter:data2\" content=\"5 minuti\" \/>\n<script type=\"application\/ld+json\" class=\"yoast-schema-graph\">{\"@context\":\"https:\/\/schema.org\",\"@graph\":[{\"@type\":\"Organization\",\"@id\":\"https:\/\/brm-conseil.fr\/fr\/#organization\",\"name\":\"BRM Conseil\",\"url\":\"https:\/\/brm-conseil.fr\/fr\/\",\"sameAs\":[],\"logo\":{\"@type\":\"ImageObject\",\"inLanguage\":\"it-IT\",\"@id\":\"https:\/\/brm-conseil.fr\/fr\/#\/schema\/logo\/image\/\",\"url\":\"https:\/\/brm-conseil.fr\/wp-content\/uploads\/2019\/06\/logo-brmconseil.png\",\"contentUrl\":\"https:\/\/brm-conseil.fr\/wp-content\/uploads\/2019\/06\/logo-brmconseil.png\",\"width\":420,\"height\":66,\"caption\":\"BRM Conseil\"},\"image\":{\"@id\":\"https:\/\/brm-conseil.fr\/fr\/#\/schema\/logo\/image\/\"}},{\"@type\":\"WebSite\",\"@id\":\"https:\/\/brm-conseil.fr\/fr\/#website\",\"url\":\"https:\/\/brm-conseil.fr\/fr\/\",\"name\":\"BrmConseil\",\"description\":\"Sp\u00e9cialiste du recrutement m\u00e9dical\",\"publisher\":{\"@id\":\"https:\/\/brm-conseil.fr\/fr\/#organization\"},\"potentialAction\":[{\"@type\":\"SearchAction\",\"target\":{\"@type\":\"EntryPoint\",\"urlTemplate\":\"https:\/\/brm-conseil.fr\/fr\/?s={search_term_string}\"},\"query-input\":\"required name=search_term_string\"}],\"inLanguage\":\"it-IT\"},{\"@type\":\"WebPage\",\"@id\":\"https:\/\/brm-conseil.fr\/fr\/2020\/02\/26\/emprego-em-franca-quais-os-procedimentos-administrativos-para-trabalhar-como-medico-de-medicina-geral\/\",\"url\":\"https:\/\/brm-conseil.fr\/fr\/2020\/02\/26\/emprego-em-franca-quais-os-procedimentos-administrativos-para-trabalhar-como-medico-de-medicina-geral\/\",\"name\":\"Como trabalhar como cl\u00ednico geral na Fran\u00e7a ?\",\"isPartOf\":{\"@id\":\"https:\/\/brm-conseil.fr\/fr\/#website\"},\"datePublished\":\"2020-02-26T13:50:32+00:00\",\"dateModified\":\"2022-06-22T21:16:51+00:00\",\"description\":\"Encontrar um emprego como cl\u00ednico geral envolve a execu\u00e7\u00e3o de v\u00e1rios procedimentos administrativos obrigat\u00f3rios para a pr\u00e1tica legal.\",\"breadcrumb\":{\"@id\":\"https:\/\/brm-conseil.fr\/fr\/2020\/02\/26\/emprego-em-franca-quais-os-procedimentos-administrativos-para-trabalhar-como-medico-de-medicina-geral\/#breadcrumb\"},\"inLanguage\":\"it-IT\",\"potentialAction\":[{\"@type\":\"ReadAction\",\"target\":[\"https:\/\/brm-conseil.fr\/fr\/2020\/02\/26\/emprego-em-franca-quais-os-procedimentos-administrativos-para-trabalhar-como-medico-de-medicina-geral\/\"]}]},{\"@type\":\"BreadcrumbList\",\"@id\":\"https:\/\/brm-conseil.fr\/fr\/2020\/02\/26\/emprego-em-franca-quais-os-procedimentos-administrativos-para-trabalhar-como-medico-de-medicina-geral\/#breadcrumb\",\"itemListElement\":[{\"@type\":\"ListItem\",\"position\":1,\"name\":\"Accueil\",\"item\":\"https:\/\/brm-conseil.fr\/fr\/\"},{\"@type\":\"ListItem\",\"position\":2,\"name\":\"Emprego em Fran\u00e7a: quais os procedimentos administrativos para trabalhar como m\u00e9dico de medicina geral?\"}]},{\"@type\":\"Article\",\"@id\":\"https:\/\/brm-conseil.fr\/fr\/2020\/02\/26\/emprego-em-franca-quais-os-procedimentos-administrativos-para-trabalhar-como-medico-de-medicina-geral\/#article\",\"isPartOf\":{\"@id\":\"https:\/\/brm-conseil.fr\/fr\/2020\/02\/26\/emprego-em-franca-quais-os-procedimentos-administrativos-para-trabalhar-como-medico-de-medicina-geral\/\"},\"author\":{\"name\":\"Blogueur BRM Conseil\",\"@id\":\"https:\/\/brm-conseil.fr\/fr\/#\/schema\/person\/9e5d4f1cb7974f23b087f35a80469c89\"},\"headline\":\"Emprego em Fran\u00e7a: quais os procedimentos administrativos para trabalhar como m\u00e9dico de medicina geral?\",\"datePublished\":\"2020-02-26T13:50:32+00:00\",\"dateModified\":\"2022-06-22T21:16:51+00:00\",\"mainEntityOfPage\":{\"@id\":\"https:\/\/brm-conseil.fr\/fr\/2020\/02\/26\/emprego-em-franca-quais-os-procedimentos-administrativos-para-trabalhar-como-medico-de-medicina-geral\/\"},\"wordCount\":996,\"publisher\":{\"@id\":\"https:\/\/brm-conseil.fr\/fr\/#organization\"},\"articleSection\":[\"M\u00e9dico de cl\u00ednica geral\"],\"inLanguage\":\"it-IT\"},{\"@type\":\"Person\",\"@id\":\"https:\/\/brm-conseil.fr\/fr\/#\/schema\/person\/9e5d4f1cb7974f23b087f35a80469c89\",\"name\":\"Blogueur BRM Conseil\",\"image\":{\"@type\":\"ImageObject\",\"inLanguage\":\"it-IT\",\"@id\":\"https:\/\/brm-conseil.fr\/fr\/#\/schema\/person\/image\/\",\"url\":\"https:\/\/secure.gravatar.com\/avatar\/970f8c3497a522d7e0e65aff2a9986ef?s=96&d=mm&r=g\",\"contentUrl\":\"https:\/\/secure.gravatar.com\/avatar\/970f8c3497a522d7e0e65aff2a9986ef?s=96&d=mm&r=g\",\"caption\":\"Blogueur BRM Conseil\"},\"url\":\"https:\/\/brm-conseil.fr\/it\/author\/brmconseilblog\/\"}]}<\/script>\n<!-- \/ Yoast SEO plugin. -->","yoast_head_json":{"title":"Como trabalhar como cl\u00ednico geral na Fran\u00e7a ?","description":"Encontrar um emprego como cl\u00ednico geral envolve a execu\u00e7\u00e3o de v\u00e1rios procedimentos administrativos obrigat\u00f3rios para a pr\u00e1tica legal.","robots":{"index":"index","follow":"follow","max-snippet":"max-snippet:-1","max-image-preview":"max-image-preview:large","max-video-preview":"max-video-preview:-1"},"canonical":"https:\/\/brm-conseil.fr\/it\/wp-json\/wp\/v2\/posts\/3241","og_locale":"it_IT","og_type":"article","og_title":"Como trabalhar como cl\u00ednico geral na Fran\u00e7a ?","og_description":"Encontrar um emprego como cl\u00ednico geral envolve a execu\u00e7\u00e3o de v\u00e1rios procedimentos administrativos obrigat\u00f3rios para a pr\u00e1tica legal.","og_url":"https:\/\/brm-conseil.fr\/it\/wp-json\/wp\/v2\/posts\/3241","og_site_name":"BRM Conseil","article_published_time":"2020-02-26T13:50:32+00:00","article_modified_time":"2022-06-22T21:16:51+00:00","og_image":[{"width":2560,"height":1709,"url":"https:\/\/brm-conseil.fr\/wp-content\/uploads\/2020\/01\/LinkedIn_Brm-Conseil.png","type":"image\/jpeg"}],"author":"Blogueur BRM Conseil","twitter_card":"summary_large_image","twitter_misc":{"Scritto da":"Blogueur BRM Conseil","Tempo di lettura stimato":"5 minuti"},"schema":{"@context":"https:\/\/schema.org","@graph":[{"@type":"Organization","@id":"https:\/\/brm-conseil.fr\/fr\/#organization","name":"BRM Conseil","url":"https:\/\/brm-conseil.fr\/fr\/","sameAs":[],"logo":{"@type":"ImageObject","inLanguage":"it-IT","@id":"https:\/\/brm-conseil.fr\/fr\/#\/schema\/logo\/image\/","url":"https:\/\/brm-conseil.fr\/wp-content\/uploads\/2019\/06\/logo-brmconseil.png","contentUrl":"https:\/\/brm-conseil.fr\/wp-content\/uploads\/2019\/06\/logo-brmconseil.png","width":420,"height":66,"caption":"BRM Conseil"},"image":{"@id":"https:\/\/brm-conseil.fr\/fr\/#\/schema\/logo\/image\/"}},{"@type":"WebSite","@id":"https:\/\/brm-conseil.fr\/fr\/#website","url":"https:\/\/brm-conseil.fr\/fr\/","name":"BrmConseil","description":"Specialista in reclutamento medico","publisher":{"@id":"https:\/\/brm-conseil.fr\/fr\/#organization"},"potentialAction":[{"@type":"SearchAction","target":{"@type":"EntryPoint","urlTemplate":"https:\/\/brm-conseil.fr\/fr\/?s={search_term_string}"},"query-input":"required name=search_term_string"}],"inLanguage":"it-IT"},{"@type":"WebPage","@id":"https:\/\/brm-conseil.fr\/fr\/2020\/02\/26\/emprego-em-franca-quais-os-procedimentos-administrativos-para-trabalhar-como-medico-de-medicina-geral\/","url":"https:\/\/brm-conseil.fr\/fr\/2020\/02\/26\/emprego-em-franca-quais-os-procedimentos-administrativos-para-trabalhar-como-medico-de-medicina-geral\/","name":"Como trabalhar como cl\u00ednico geral na Fran\u00e7a ?","isPartOf":{"@id":"https:\/\/brm-conseil.fr\/fr\/#website"},"datePublished":"2020-02-26T13:50:32+00:00","dateModified":"2022-06-22T21:16:51+00:00","description":"Encontrar um emprego como cl\u00ednico geral envolve a execu\u00e7\u00e3o de v\u00e1rios procedimentos administrativos obrigat\u00f3rios para a pr\u00e1tica legal.","breadcrumb":{"@id":"https:\/\/brm-conseil.fr\/fr\/2020\/02\/26\/emprego-em-franca-quais-os-procedimentos-administrativos-para-trabalhar-como-medico-de-medicina-geral\/#breadcrumb"},"inLanguage":"it-IT","potentialAction":[{"@type":"ReadAction","target":["https:\/\/brm-conseil.fr\/fr\/2020\/02\/26\/emprego-em-franca-quais-os-procedimentos-administrativos-para-trabalhar-como-medico-de-medicina-geral\/"]}]},{"@type":"BreadcrumbList","@id":"https:\/\/brm-conseil.fr\/fr\/2020\/02\/26\/emprego-em-franca-quais-os-procedimentos-administrativos-para-trabalhar-como-medico-de-medicina-geral\/#breadcrumb","itemListElement":[{"@type":"ListItem","position":1,"name":"Accueil","item":"https:\/\/brm-conseil.fr\/fr\/"},{"@type":"ListItem","position":2,"name":"Emprego em Fran\u00e7a: quais os procedimentos administrativos para trabalhar como m\u00e9dico de medicina geral?"}]},{"@type":"Article","@id":"https:\/\/brm-conseil.fr\/fr\/2020\/02\/26\/emprego-em-franca-quais-os-procedimentos-administrativos-para-trabalhar-como-medico-de-medicina-geral\/#article","isPartOf":{"@id":"https:\/\/brm-conseil.fr\/fr\/2020\/02\/26\/emprego-em-franca-quais-os-procedimentos-administrativos-para-trabalhar-como-medico-de-medicina-geral\/"},"author":{"name":"Blogueur BRM Conseil","@id":"https:\/\/brm-conseil.fr\/fr\/#\/schema\/person\/9e5d4f1cb7974f23b087f35a80469c89"},"headline":"Emprego em Fran\u00e7a: quais os procedimentos administrativos para trabalhar como m\u00e9dico de medicina geral?","datePublished":"2020-02-26T13:50:32+00:00","dateModified":"2022-06-22T21:16:51+00:00","mainEntityOfPage":{"@id":"https:\/\/brm-conseil.fr\/fr\/2020\/02\/26\/emprego-em-franca-quais-os-procedimentos-administrativos-para-trabalhar-como-medico-de-medicina-geral\/"},"wordCount":996,"publisher":{"@id":"https:\/\/brm-conseil.fr\/fr\/#organization"},"articleSection":["M\u00e9dico de cl\u00ednica geral"],"inLanguage":"it-IT"},{"@type":"Person","@id":"https:\/\/brm-conseil.fr\/fr\/#\/schema\/person\/9e5d4f1cb7974f23b087f35a80469c89","name":"Blogger BRM Conseil","image":{"@type":"ImageObject","inLanguage":"it-IT","@id":"https:\/\/brm-conseil.fr\/fr\/#\/schema\/person\/image\/","url":"https:\/\/secure.gravatar.com\/avatar\/970f8c3497a522d7e0e65aff2a9986ef?s=96&d=mm&r=g","contentUrl":"https:\/\/secure.gravatar.com\/avatar\/970f8c3497a522d7e0e65aff2a9986ef?s=96&d=mm&r=g","caption":"Blogueur BRM Conseil"},"url":"https:\/\/brm-conseil.fr\/it\/author\/brmconseilblog\/"}]}},"_links":{"self":[{"href":"https:\/\/brm-conseil.fr\/it\/wp-json\/wp\/v2\/posts\/3241"}],"collection":[{"href":"https:\/\/brm-conseil.fr\/it\/wp-json\/wp\/v2\/posts"}],"about":[{"href":"https:\/\/brm-conseil.fr\/it\/wp-json\/wp\/v2\/types\/post"}],"author":[{"embeddable":true,"href":"https:\/\/brm-conseil.fr\/it\/wp-json\/wp\/v2\/users\/3"}],"replies":[{"embeddable":true,"href":"https:\/\/brm-conseil.fr\/it\/wp-json\/wp\/v2\/comments?post=3241"}],"version-history":[{"count":7,"href":"https:\/\/brm-conseil.fr\/it\/wp-json\/wp\/v2\/posts\/3241\/revisions"}],"predecessor-version":[{"id":10852,"href":"https:\/\/brm-conseil.fr\/it\/wp-json\/wp\/v2\/posts\/3241\/revisions\/10852"}],"wp:featuredmedia":[{"embeddable":true,"href":"https:\/\/brm-conseil.fr\/it\/wp-json\/wp\/v2\/media\/3177"}],"wp:attachment":[{"href":"https:\/\/brm-conseil.fr\/it\/wp-json\/wp\/v2\/media?parent=3241"}],"wp:term":[{"taxonomy":"category","embeddable":true,"href":"https:\/\/brm-conseil.fr\/it\/wp-json\/wp\/v2\/categories?post=3241"},{"taxonomy":"post_tag","embeddable":true,"href":"https:\/\/brm-conseil.fr\/it\/wp-json\/wp\/v2\/tags?post=3241"}],"curies":[{"name":"wp","href":"https:\/\/api.w.org\/{rel}","templated":true}]}}