{"id":2528,"date":"2020-01-30T11:35:43","date_gmt":"2020-01-30T10:35:43","guid":{"rendered":"https:\/\/brm-conseil.fr\/?p=2528"},"modified":"2020-02-11T17:14:02","modified_gmt":"2020-02-11T16:14:02","slug":"reforme-des-retraites-des-medecins-quoi-de-neuf","status":"publish","type":"post","link":"https:\/\/brm-conseil.fr\/it\/2020\/01\/30\/reforme-des-retraites-des-medecins-quoi-de-neuf\/","title":{"rendered":"R\u00e9forme des retraites des m\u00e9decins : quoi de neuf ?"},"content":{"rendered":"\n\n\n[et_pb_section fb_built=\u00a0\u00bb1&Prime; _builder_version=\u00a0\u00bb4.0.3&Prime; background_image=\u00a0\u00bbhttps:\/\/brm-conseil.fr\/wp-content\/uploads\/2020\/01\/luis-melendez-Pd4lRfKo16U-unsplash-1.jpg\u00a0\u00bb custom_padding=\u00a0\u00bb150px||150px\u00a0\u00bb hover_enabled=\u00a0\u00bb0&Prime;][\/et_pb_section][et_pb_section fb_built=\u00a0\u00bb1&Prime; _builder_version=\u00a0\u00bb3.25.2&Prime; background_color=\u00a0\u00bbrgba(0,0,0,0)\u00a0\u00bb custom_margin=\u00a0\u00bb-150px||\u00a0\u00bb custom_padding=\u00a0\u00bb|||||\u00a0\u00bb][et_pb_row column_structure=\u00a0\u00bb1_2,1_2&Prime; _builder_version=\u00a0\u00bb3.25.2&Prime;][et_pb_column type=\u00a0\u00bb1_2&Prime; _builder_version=\u00a0\u00bb3.25.2&Prime;][\/et_pb_column][et_pb_column type=\u00a0\u00bb1_2&Prime; _builder_version=\u00a0\u00bb3.25.2&Prime; background_color=\u00a0\u00bb#0c71c3&Prime; custom_padding=\u00a0\u00bb30px|20px|30px|20px\u00a0\u00bb][et_pb_post_title author=\u00a0\u00bboff\u00a0\u00bb date_format=\u00a0\u00bbj F Y\u00a0\u00bb comments=\u00a0\u00bboff\u00a0\u00bb featured_image=\u00a0\u00bboff\u00a0\u00bb _builder_version=\u00a0\u00bb4.0.3&Prime; title_font=\u00a0\u00bb|600|||||||\u00a0\u00bb title_text_align=\u00a0\u00bbleft\u00a0\u00bb title_text_color=\u00a0\u00bb#ffffff\u00a0\u00bb title_font_size=\u00a0\u00bb30px\u00a0\u00bb meta_font=\u00a0\u00bb||||||||\u00a0\u00bb meta_text_color=\u00a0\u00bb#ffffff\u00a0\u00bb title_font_size_tablet=\u00a0\u00bb20px\u00a0\u00bb title_font_size_phone=\u00a0\u00bb\u00a0\u00bb title_font_size_last_edited=\u00a0\u00bbon|phone\u00a0\u00bb][\/et_pb_post_title][\/et_pb_column][\/et_pb_row][\/et_pb_section][et_pb_section fb_built=\u00a0\u00bb1&Prime; _builder_version=\u00a0\u00bb4.0.3&Prime; custom_margin=\u00a0\u00bb-100px||-30px||false|false\u00a0\u00bb][et_pb_row _builder_version=\u00a0\u00bb3.25.2&Prime;][et_pb_column type=\u00a0\u00bb4_4&Prime; _builder_version=\u00a0\u00bb3.25.2&Prime;][et_pb_text _builder_version=\u00a0\u00bb4.0.3&Prime; custom_margin=\u00a0\u00bb-9px|100px||100px||\u00a0\u00bb custom_margin_tablet=\u00a0\u00bb|0px||0px\u00a0\u00bb custom_margin_phone=\u00a0\u00bb\u00a0\u00bb custom_margin_last_edited=\u00a0\u00bbon|tablet\u00a0\u00bb]<p style=\"text-align: justify\"><span>Alors que les retraites endurent l\u2019un des plus gros bouleversements de leur histoire, la France freine net des deux pieds devant cette future r\u00e9forme. Annonc\u00e9 prudemment pour 2025, le syst\u00e8me universel des retraites tend manifestement \u00e0 s\u2019installer dans le but de contrer les in\u00e9galit\u00e9s nationales. Encore sous la coupe de concertations sectorielles, qu\u2019en est-il de la r\u00e9forme des retraites des m\u00e9decins et quel impact pr\u00e9sentera cette r\u00e9forme sur leur <a href=\"https:\/\/brm-conseil.fr\/\">carri\u00e8re\u2009<\/a>?<\/span><\/p>\n<h2 style=\"text-align: justify\">R\u00e9forme des retraites des m\u00e9decins\u00a0: premi\u00e8res modifications.<\/h2>\n<p style=\"text-align: justify\"><span>Mise en place en 1949, la Caisse autonome de <a href=\"https:\/\/brm-conseil.fr\/2019\/12\/10\/quel-est-lage-limite-dexercice-pour-un-medecin-hospitalier\/\">retraite des m\u00e9decins<\/a> de France (CARMF), g\u00e8re les trois types de r\u00e9gimes obligatoires\u00a0: le r\u00e9gime d\u2019assurance-vieillesse de base, le r\u00e9gime de retraite compl\u00e9mentaire obligatoire et depuis 1960 le r\u00e9gime des allocations suppl\u00e9mentaires de vieillesse (ASV) pour les m\u00e9decins conventionn\u00e9e. La population couverte concerne les <strong>m\u00e9decins lib\u00e9raux,<\/strong> mais \u00e9galement leurs conjoints collaborateurs.<\/span><\/p>\n<p style=\"text-align: justify\"><span>Initialement destin\u00e9e \u00e0 dispara\u00eetre lors de la mise en place de la <strong>r\u00e9forme<\/strong>, la CARMF va vraisemblablement subsister pour les m\u00e9decins lib\u00e9raux. La gronde des m\u00e9decins sur les derniers mois, soucieux de pr\u00e9server et pr\u00e9server les futurs emplois d\u2019une retraite incertaine \u00e0 finalement pay\u00e9. Un engagement d\u00e9cisif donn\u00e9 par le gouvernement ces derniers jours suite \u00e0 des mois de concertations.<\/span><\/p>\n<h2 style=\"text-align: justify\">Concr\u00e8tement, qu\u2019est-ce que cela change\u2009?<\/h2>\n<p style=\"text-align: justify\"><span>La conservation de la CARMF annonc\u00e9e ces derniers jours ne permet pas d\u2019appr\u00e9hender clairement le fonctionnement de ce nouveau syst\u00e8me de <a href=\"https:\/\/brm-conseil.fr\/2019\/12\/16\/medecin-hospitalier-retraite-avez-vous-pense-au-cumul-emploi-retraite\/\">retraite<\/a> \u00e0 destination des m\u00e9decins de France. Malgr\u00e9 tout, les premiers points se clarifient quant \u00e0 l\u2019uniformisation de ces caisses de retraite.<\/span><\/p>\n<p style=\"text-align: justify\"><span>La CARMF conserverait la main sur le pr\u00e9l\u00e8vement des cotisations sociales du r\u00e9gime de base, et ce, d\u00e8s le premier euro vers\u00e9. Elle disposera du pouvoir de maintenir un niveau de pr\u00e9l\u00e8vement constant \u00e0 hauteur de 41\u2009000\u00a0euros annuel. Une premi\u00e8re nouvelle favorable, car si le <strong>r\u00e9gime de base<\/strong> passait sous l\u2019\u00e9gide du r\u00e9gime universel, le niveau de pr\u00e9l\u00e8vement chutait de presque cinq points.<\/span><\/p>\n<p style=\"text-align: justify\"><span>Deuxi\u00e8me excellente nouvelle, l\u2019allocation suppl\u00e9mentaire de vieillesse, vou\u00e9e \u00e0 dispara\u00eetre dans le texte de loi initial, sera sauvegard\u00e9e sous la coupe du <strong>r\u00e9gime universel<\/strong>. Tout comme la prise en charge de l\u2019assurance-maladie dans la limite des deux tiers de la cotisation correspondante.<\/span><\/p>\n<p style=\"text-align: justify\"><span>Concr\u00e8tement, le secteur de la m\u00e9decine voit clairement les d\u00e9savantages de cette r\u00e9forme se r\u00e9duire. Encore en pleine concertation sectorielle et \u00e9changes avec les partenaires sociaux, le d\u00e9bat final au parlement ne verra sa programmation qu\u2019apr\u00e8s les \u00e9lections municipales du mois de mars. Une fois le texte vot\u00e9, c\u2019est en 2025 que le <a href=\"https:\/\/solidarites-sante.gouv.fr\/\">syst\u00e8me de retraite fran\u00e7ais<\/a> deviendra int\u00e9gralement universel.<\/span><\/p>[\/et_pb_text][\/et_pb_column][\/et_pb_row][\/et_pb_section][et_pb_section fb_built=\u00a0\u00bb1&Prime; _builder_version=\u00a0\u00bb4.0.3&Prime; custom_margin=\u00a0\u00bb0px||||false|false\u00a0\u00bb custom_padding=\u00a0\u00bb0px||||false|false\u00a0\u00bb][et_pb_row column_structure=\u00a0\u00bb1_2,1_2&Prime; _builder_version=\u00a0\u00bb4.0.3&Prime; background_color=\u00a0\u00bbrgba(0,0,0,0)\u00a0\u00bb background_size=\u00a0\u00bbinitial\u00a0\u00bb background_position=\u00a0\u00bbtop_left\u00a0\u00bb background_repeat=\u00a0\u00bbrepeat\u00a0\u00bb][et_pb_column type=\u00a0\u00bb1_2&Prime; _builder_version=\u00a0\u00bb4.0.3&Prime; background_color=\u00a0\u00bb#0c71c3&Prime; custom_padding=\u00a0\u00bb20px|15px|20px|15px|false|false\u00a0\u00bb][et_pb_text _builder_version=\u00a0\u00bb4.0.3&Prime; text_font=\u00a0\u00bb|800|||||||\u00a0\u00bb text_text_color=\u00a0\u00bb#ffffff\u00a0\u00bb text_font_size=\u00a0\u00bb16px\u00a0\u00bb]<p style=\"text-align: center\">D\u00e9couvrez toutes nos offres d\u2019emploi destin\u00e9es aux m\u00e9decins et professionnels de la sant\u00e9.<\/p>[\/et_pb_text][et_pb_button button_url=\u00a0\u00bbhttps:\/\/brm-conseil.fr\/offres-demploi-sante\/\u00a0\u00bb button_text=\u00a0\u00bbNos offres d&#8217;emplois\u00a0\u00bb button_alignment=\u00a0\u00bbcenter\u00a0\u00bb _builder_version=\u00a0\u00bb4.0.3&Prime; custom_button=\u00a0\u00bbon\u00a0\u00bb button_text_size=\u00a0\u00bb18px\u00a0\u00bb button_text_color=\u00a0\u00bb#0c71c3&Prime; button_bg_color=\u00a0\u00bb#ffffff\u00a0\u00bb button_border_width=\u00a0\u00bb2px\u00a0\u00bb button_border_radius=\u00a0\u00bb30px\u00a0\u00bb][\/et_pb_button][\/et_pb_column][et_pb_column type=\u00a0\u00bb1_2&Prime; _builder_version=\u00a0\u00bb4.0.3&Prime; background_color=\u00a0\u00bb#d6d6d6&Prime; custom_padding=\u00a0\u00bb20px|15px|20px|15px|false|false\u00a0\u00bb][et_pb_text _builder_version=\u00a0\u00bb4.0.3&Prime; text_font=\u00a0\u00bb|800|||||||\u00a0\u00bb text_font_size=\u00a0\u00bb16px\u00a0\u00bb]<p style=\"text-align: center\">Vous souhaitez recruter un m\u00e9decin ? BRM Conseil se charge de vous en trouver un !<\/p>[\/et_pb_text][et_pb_button button_url=\u00a0\u00bbhttps:\/\/brm-conseil.fr\/espace-recruteurs-brm-conseil\/#Formulaire_recruteur\u00a0\u00bb button_text=\u00a0\u00bbconfiez-nous votre projet de recrutement\u00a0\u00bb button_alignment=\u00a0\u00bbcenter\u00a0\u00bb _builder_version=\u00a0\u00bb4.0.3&Prime; custom_button=\u00a0\u00bbon\u00a0\u00bb button_text_size=\u00a0\u00bb18px\u00a0\u00bb button_border_radius=\u00a0\u00bb30px\u00a0\u00bb][\/et_pb_button][\/et_pb_column][\/et_pb_row][\/et_pb_section]\n\n\n","protected":false},"excerpt":{"rendered":"<p>R\u00e9forme des retraites des m\u00e9decins le gouvernement conserve la caisse autonome des m\u00e9decins de France.<\/p>","protected":false},"author":3,"featured_media":2529,"comment_status":"closed","ping_status":"closed","sticky":false,"template":"","format":"standard","meta":{"_et_pb_use_builder":"on","_et_pb_old_content":"","_et_gb_content_width":""},"categories":[159],"tags":[],"yoast_head":"<!-- This site is optimized with the Yoast SEO plugin v19.4 - https:\/\/yoast.com\/wordpress\/plugins\/seo\/ -->\n<title>R\u00e9formes des retraites des m\u00e9decin : ce qu&#039;il faut savoir<\/title>\n<meta name=\"description\" content=\"R\u00e9forme des retraites des m\u00e9decins le gouvernement conserve la caisse autonome des m\u00e9decins de France.\" \/>\n<meta name=\"robots\" content=\"index, follow, max-snippet:-1, max-image-preview:large, max-video-preview:-1\" \/>\n<link rel=\"canonical\" href=\"https:\/\/brm-conseil.fr\/it\/wp-json\/wp\/v2\/posts\/2528\" \/>\n<meta property=\"og:locale\" content=\"it_IT\" \/>\n<meta property=\"og:type\" content=\"article\" \/>\n<meta property=\"og:title\" content=\"R\u00e9formes des retraites des m\u00e9decin : ce qu&#039;il faut savoir\" \/>\n<meta property=\"og:description\" content=\"R\u00e9forme des retraites des m\u00e9decins le gouvernement conserve la caisse autonome des m\u00e9decins de France.\" \/>\n<meta property=\"og:url\" content=\"https:\/\/brm-conseil.fr\/it\/wp-json\/wp\/v2\/posts\/2528\" \/>\n<meta property=\"og:site_name\" content=\"BRM Conseil\" \/>\n<meta property=\"article:published_time\" content=\"2020-01-30T10:35:43+00:00\" \/>\n<meta property=\"article:modified_time\" content=\"2020-02-11T16:14:02+00:00\" \/>\n<meta property=\"og:image\" content=\"https:\/\/brm-conseil.fr\/wp-content\/uploads\/2020\/01\/LinkedIn_Brm-Conseil.png\" \/>\n\t<meta property=\"og:image:width\" content=\"5192\" \/>\n\t<meta property=\"og:image:height\" content=\"3556\" \/>\n\t<meta property=\"og:image:type\" content=\"image\/jpeg\" \/>\n<meta name=\"author\" content=\"Blogueur BRM Conseil\" \/>\n<meta name=\"twitter:card\" content=\"summary_large_image\" \/>\n<meta name=\"twitter:label1\" content=\"Scritto da\" \/>\n\t<meta name=\"twitter:data1\" content=\"Blogueur BRM Conseil\" \/>\n\t<meta name=\"twitter:label2\" content=\"Tempo di lettura stimato\" \/>\n\t<meta name=\"twitter:data2\" content=\"5 minuti\" \/>\n<script type=\"application\/ld+json\" class=\"yoast-schema-graph\">{\"@context\":\"https:\/\/schema.org\",\"@graph\":[{\"@type\":\"Organization\",\"@id\":\"https:\/\/brm-conseil.fr\/fr\/#organization\",\"name\":\"BRM Conseil\",\"url\":\"https:\/\/brm-conseil.fr\/fr\/\",\"sameAs\":[],\"logo\":{\"@type\":\"ImageObject\",\"inLanguage\":\"it-IT\",\"@id\":\"https:\/\/brm-conseil.fr\/fr\/#\/schema\/logo\/image\/\",\"url\":\"https:\/\/brm-conseil.fr\/wp-content\/uploads\/2019\/06\/logo-brmconseil.png\",\"contentUrl\":\"https:\/\/brm-conseil.fr\/wp-content\/uploads\/2019\/06\/logo-brmconseil.png\",\"width\":420,\"height\":66,\"caption\":\"BRM Conseil\"},\"image\":{\"@id\":\"https:\/\/brm-conseil.fr\/fr\/#\/schema\/logo\/image\/\"}},{\"@type\":\"WebSite\",\"@id\":\"https:\/\/brm-conseil.fr\/fr\/#website\",\"url\":\"https:\/\/brm-conseil.fr\/fr\/\",\"name\":\"BrmConseil\",\"description\":\"Sp\u00e9cialiste du recrutement m\u00e9dical\",\"publisher\":{\"@id\":\"https:\/\/brm-conseil.fr\/fr\/#organization\"},\"potentialAction\":[{\"@type\":\"SearchAction\",\"target\":{\"@type\":\"EntryPoint\",\"urlTemplate\":\"https:\/\/brm-conseil.fr\/fr\/?s={search_term_string}\"},\"query-input\":\"required name=search_term_string\"}],\"inLanguage\":\"it-IT\"},{\"@type\":\"WebPage\",\"@id\":\"https:\/\/brm-conseil.fr\/it\/2020\/01\/30\/reforme-des-retraites-des-medecins-quoi-de-neuf\/\",\"url\":\"https:\/\/brm-conseil.fr\/it\/2020\/01\/30\/reforme-des-retraites-des-medecins-quoi-de-neuf\/\",\"name\":\"R\u00e9formes des retraites des m\u00e9decin : ce qu'il faut savoir\",\"isPartOf\":{\"@id\":\"https:\/\/brm-conseil.fr\/fr\/#website\"},\"datePublished\":\"2020-01-30T10:35:43+00:00\",\"dateModified\":\"2020-02-11T16:14:02+00:00\",\"description\":\"R\u00e9forme des retraites des m\u00e9decins le gouvernement conserve la caisse autonome des m\u00e9decins de France.\",\"breadcrumb\":{\"@id\":\"https:\/\/brm-conseil.fr\/it\/2020\/01\/30\/reforme-des-retraites-des-medecins-quoi-de-neuf\/#breadcrumb\"},\"inLanguage\":\"it-IT\",\"potentialAction\":[{\"@type\":\"ReadAction\",\"target\":[\"https:\/\/brm-conseil.fr\/it\/2020\/01\/30\/reforme-des-retraites-des-medecins-quoi-de-neuf\/\"]}]},{\"@type\":\"BreadcrumbList\",\"@id\":\"https:\/\/brm-conseil.fr\/it\/2020\/01\/30\/reforme-des-retraites-des-medecins-quoi-de-neuf\/#breadcrumb\",\"itemListElement\":[{\"@type\":\"ListItem\",\"position\":1,\"name\":\"Accueil\",\"item\":\"https:\/\/brm-conseil.fr\/fr\/\"},{\"@type\":\"ListItem\",\"position\":2,\"name\":\"R\u00e9forme des retraites des m\u00e9decins : quoi de neuf ?\"}]},{\"@type\":\"Article\",\"@id\":\"https:\/\/brm-conseil.fr\/it\/2020\/01\/30\/reforme-des-retraites-des-medecins-quoi-de-neuf\/#article\",\"isPartOf\":{\"@id\":\"https:\/\/brm-conseil.fr\/it\/2020\/01\/30\/reforme-des-retraites-des-medecins-quoi-de-neuf\/\"},\"author\":{\"name\":\"Blogueur BRM Conseil\",\"@id\":\"https:\/\/brm-conseil.fr\/fr\/#\/schema\/person\/9e5d4f1cb7974f23b087f35a80469c89\"},\"headline\":\"R\u00e9forme des retraites des m\u00e9decins : quoi de neuf ?\",\"datePublished\":\"2020-01-30T10:35:43+00:00\",\"dateModified\":\"2020-02-11T16:14:02+00:00\",\"mainEntityOfPage\":{\"@id\":\"https:\/\/brm-conseil.fr\/it\/2020\/01\/30\/reforme-des-retraites-des-medecins-quoi-de-neuf\/\"},\"wordCount\":924,\"publisher\":{\"@id\":\"https:\/\/brm-conseil.fr\/fr\/#organization\"},\"articleSection\":[\"Annonces m\u00e9dicales\"],\"inLanguage\":\"it-IT\"},{\"@type\":\"Person\",\"@id\":\"https:\/\/brm-conseil.fr\/fr\/#\/schema\/person\/9e5d4f1cb7974f23b087f35a80469c89\",\"name\":\"Blogueur BRM Conseil\",\"image\":{\"@type\":\"ImageObject\",\"inLanguage\":\"it-IT\",\"@id\":\"https:\/\/brm-conseil.fr\/fr\/#\/schema\/person\/image\/\",\"url\":\"https:\/\/secure.gravatar.com\/avatar\/970f8c3497a522d7e0e65aff2a9986ef?s=96&d=mm&r=g\",\"contentUrl\":\"https:\/\/secure.gravatar.com\/avatar\/970f8c3497a522d7e0e65aff2a9986ef?s=96&d=mm&r=g\",\"caption\":\"Blogueur BRM Conseil\"},\"url\":\"https:\/\/brm-conseil.fr\/it\/author\/brmconseilblog\/\"}]}<\/script>\n<!-- \/ Yoast SEO plugin. -->","yoast_head_json":{"title":"R\u00e9formes des retraites des m\u00e9decin : ce qu'il faut savoir","description":"R\u00e9forme des retraites des m\u00e9decins le gouvernement conserve la caisse autonome des m\u00e9decins de France.","robots":{"index":"index","follow":"follow","max-snippet":"max-snippet:-1","max-image-preview":"max-image-preview:large","max-video-preview":"max-video-preview:-1"},"canonical":"https:\/\/brm-conseil.fr\/it\/wp-json\/wp\/v2\/posts\/2528","og_locale":"it_IT","og_type":"article","og_title":"R\u00e9formes des retraites des m\u00e9decin : ce qu'il faut savoir","og_description":"R\u00e9forme des retraites des m\u00e9decins le gouvernement conserve la caisse autonome des m\u00e9decins de France.","og_url":"https:\/\/brm-conseil.fr\/it\/wp-json\/wp\/v2\/posts\/2528","og_site_name":"BRM Conseil","article_published_time":"2020-01-30T10:35:43+00:00","article_modified_time":"2020-02-11T16:14:02+00:00","og_image":[{"width":5192,"height":3556,"url":"https:\/\/brm-conseil.fr\/wp-content\/uploads\/2020\/01\/LinkedIn_Brm-Conseil.png","type":"image\/jpeg"}],"author":"Blogueur BRM Conseil","twitter_card":"summary_large_image","twitter_misc":{"Scritto da":"Blogueur BRM Conseil","Tempo di lettura stimato":"5 minuti"},"schema":{"@context":"https:\/\/schema.org","@graph":[{"@type":"Organization","@id":"https:\/\/brm-conseil.fr\/fr\/#organization","name":"BRM Conseil","url":"https:\/\/brm-conseil.fr\/fr\/","sameAs":[],"logo":{"@type":"ImageObject","inLanguage":"it-IT","@id":"https:\/\/brm-conseil.fr\/fr\/#\/schema\/logo\/image\/","url":"https:\/\/brm-conseil.fr\/wp-content\/uploads\/2019\/06\/logo-brmconseil.png","contentUrl":"https:\/\/brm-conseil.fr\/wp-content\/uploads\/2019\/06\/logo-brmconseil.png","width":420,"height":66,"caption":"BRM Conseil"},"image":{"@id":"https:\/\/brm-conseil.fr\/fr\/#\/schema\/logo\/image\/"}},{"@type":"WebSite","@id":"https:\/\/brm-conseil.fr\/fr\/#website","url":"https:\/\/brm-conseil.fr\/fr\/","name":"BrmConseil","description":"Specialista in reclutamento medico","publisher":{"@id":"https:\/\/brm-conseil.fr\/fr\/#organization"},"potentialAction":[{"@type":"SearchAction","target":{"@type":"EntryPoint","urlTemplate":"https:\/\/brm-conseil.fr\/fr\/?s={search_term_string}"},"query-input":"required name=search_term_string"}],"inLanguage":"it-IT"},{"@type":"WebPage","@id":"https:\/\/brm-conseil.fr\/it\/2020\/01\/30\/reforme-des-retraites-des-medecins-quoi-de-neuf\/","url":"https:\/\/brm-conseil.fr\/it\/2020\/01\/30\/reforme-des-retraites-des-medecins-quoi-de-neuf\/","name":"R\u00e9formes des retraites des m\u00e9decin : ce qu'il faut savoir","isPartOf":{"@id":"https:\/\/brm-conseil.fr\/fr\/#website"},"datePublished":"2020-01-30T10:35:43+00:00","dateModified":"2020-02-11T16:14:02+00:00","description":"R\u00e9forme des retraites des m\u00e9decins le gouvernement conserve la caisse autonome des m\u00e9decins de France.","breadcrumb":{"@id":"https:\/\/brm-conseil.fr\/it\/2020\/01\/30\/reforme-des-retraites-des-medecins-quoi-de-neuf\/#breadcrumb"},"inLanguage":"it-IT","potentialAction":[{"@type":"ReadAction","target":["https:\/\/brm-conseil.fr\/it\/2020\/01\/30\/reforme-des-retraites-des-medecins-quoi-de-neuf\/"]}]},{"@type":"BreadcrumbList","@id":"https:\/\/brm-conseil.fr\/it\/2020\/01\/30\/reforme-des-retraites-des-medecins-quoi-de-neuf\/#breadcrumb","itemListElement":[{"@type":"ListItem","position":1,"name":"Accueil","item":"https:\/\/brm-conseil.fr\/fr\/"},{"@type":"ListItem","position":2,"name":"R\u00e9forme des retraites des m\u00e9decins : quoi de neuf ?"}]},{"@type":"Article","@id":"https:\/\/brm-conseil.fr\/it\/2020\/01\/30\/reforme-des-retraites-des-medecins-quoi-de-neuf\/#article","isPartOf":{"@id":"https:\/\/brm-conseil.fr\/it\/2020\/01\/30\/reforme-des-retraites-des-medecins-quoi-de-neuf\/"},"author":{"name":"Blogueur BRM Conseil","@id":"https:\/\/brm-conseil.fr\/fr\/#\/schema\/person\/9e5d4f1cb7974f23b087f35a80469c89"},"headline":"R\u00e9forme des retraites des m\u00e9decins : quoi de neuf ?","datePublished":"2020-01-30T10:35:43+00:00","dateModified":"2020-02-11T16:14:02+00:00","mainEntityOfPage":{"@id":"https:\/\/brm-conseil.fr\/it\/2020\/01\/30\/reforme-des-retraites-des-medecins-quoi-de-neuf\/"},"wordCount":924,"publisher":{"@id":"https:\/\/brm-conseil.fr\/fr\/#organization"},"articleSection":["Annonces m\u00e9dicales"],"inLanguage":"it-IT"},{"@type":"Person","@id":"https:\/\/brm-conseil.fr\/fr\/#\/schema\/person\/9e5d4f1cb7974f23b087f35a80469c89","name":"Blogger BRM Conseil","image":{"@type":"ImageObject","inLanguage":"it-IT","@id":"https:\/\/brm-conseil.fr\/fr\/#\/schema\/person\/image\/","url":"https:\/\/secure.gravatar.com\/avatar\/970f8c3497a522d7e0e65aff2a9986ef?s=96&d=mm&r=g","contentUrl":"https:\/\/secure.gravatar.com\/avatar\/970f8c3497a522d7e0e65aff2a9986ef?s=96&d=mm&r=g","caption":"Blogueur BRM Conseil"},"url":"https:\/\/brm-conseil.fr\/it\/author\/brmconseilblog\/"}]}},"_links":{"self":[{"href":"https:\/\/brm-conseil.fr\/it\/wp-json\/wp\/v2\/posts\/2528"}],"collection":[{"href":"https:\/\/brm-conseil.fr\/it\/wp-json\/wp\/v2\/posts"}],"about":[{"href":"https:\/\/brm-conseil.fr\/it\/wp-json\/wp\/v2\/types\/post"}],"author":[{"embeddable":true,"href":"https:\/\/brm-conseil.fr\/it\/wp-json\/wp\/v2\/users\/3"}],"replies":[{"embeddable":true,"href":"https:\/\/brm-conseil.fr\/it\/wp-json\/wp\/v2\/comments?post=2528"}],"version-history":[{"count":3,"href":"https:\/\/brm-conseil.fr\/it\/wp-json\/wp\/v2\/posts\/2528\/revisions"}],"predecessor-version":[{"id":2533,"href":"https:\/\/brm-conseil.fr\/it\/wp-json\/wp\/v2\/posts\/2528\/revisions\/2533"}],"wp:featuredmedia":[{"embeddable":true,"href":"https:\/\/brm-conseil.fr\/it\/wp-json\/wp\/v2\/media\/2529"}],"wp:attachment":[{"href":"https:\/\/brm-conseil.fr\/it\/wp-json\/wp\/v2\/media?parent=2528"}],"wp:term":[{"taxonomy":"category","embeddable":true,"href":"https:\/\/brm-conseil.fr\/it\/wp-json\/wp\/v2\/categories?post=2528"},{"taxonomy":"post_tag","embeddable":true,"href":"https:\/\/brm-conseil.fr\/it\/wp-json\/wp\/v2\/tags?post=2528"}],"curies":[{"name":"wp","href":"https:\/\/api.w.org\/{rel}","templated":true}]}}