{"id":12018,"date":"2023-01-23T09:00:00","date_gmt":"2023-01-23T08:00:00","guid":{"rendered":"https:\/\/brm-conseil.fr\/?p=12018"},"modified":"2026-07-30T16:37:16","modified_gmt":"2026-07-30T14:37:16","slug":"sos-mon-village-recherche-un-medecin-generaliste-comment-le-trouver","status":"publish","type":"post","link":"https:\/\/brm-conseil.fr\/fr\/2023\/01\/23\/sos-mon-village-recherche-un-medecin-generaliste-comment-le-trouver\/","title":{"rendered":"D\u00e9sert m\u00e9dical : comment sauver un village sans m\u00e9decin ?"},"content":{"rendered":"<p>[et_pb_section fb_built=\u00a0\u00bb1&Prime; _builder_version=\u00a0\u00bb4.16&Prime; background_image=\u00a0\u00bbhttps:\/\/brm-conseil.fr\/wp-content\/uploads\/2023\/01\/installation-medecin-liberal.jpg\u00a0\u00bb custom_padding=\u00a0\u00bb150px||150px\u00a0\u00bb global_colors_info=\u00a0\u00bb{}\u00a0\u00bb][\/et_pb_section][et_pb_section fb_built=\u00a0\u00bb1&Prime; _builder_version=\u00a0\u00bb4.16&Prime; background_color=\u00a0\u00bbrgba(0,0,0,0)\u00a0\u00bb custom_margin=\u00a0\u00bb-150px||\u00a0\u00bb custom_padding=\u00a0\u00bb|||||\u00a0\u00bb global_colors_info=\u00a0\u00bb{}\u00a0\u00bb][et_pb_row column_structure=\u00a0\u00bb1_2,1_2&Prime; _builder_version=\u00a0\u00bb4.16&Prime; global_colors_info=\u00a0\u00bb{}\u00a0\u00bb][et_pb_column type=\u00a0\u00bb1_2&Prime; _builder_version=\u00a0\u00bb4.16&Prime; global_colors_info=\u00a0\u00bb{}\u00a0\u00bb][\/et_pb_column][et_pb_column type=\u00a0\u00bb1_2&Prime; _builder_version=\u00a0\u00bb4.16&Prime; background_color=\u00a0\u00bb#0c71c3&Prime; custom_padding=\u00a0\u00bb30px|20px|30px|20px\u00a0\u00bb global_colors_info=\u00a0\u00bb{}\u00a0\u00bb][et_pb_post_title author=\u00a0\u00bboff\u00a0\u00bb date_format=\u00a0\u00bbj F Y\u00a0\u00bb comments=\u00a0\u00bboff\u00a0\u00bb featured_image=\u00a0\u00bboff\u00a0\u00bb _builder_version=\u00a0\u00bb4.16&Prime; title_font=\u00a0\u00bb|600|||||||\u00a0\u00bb title_text_align=\u00a0\u00bbleft\u00a0\u00bb title_text_color=\u00a0\u00bb#ffffff\u00a0\u00bb title_font_size=\u00a0\u00bb30px\u00a0\u00bb meta_font=\u00a0\u00bb||||||||\u00a0\u00bb meta_text_color=\u00a0\u00bb#ffffff\u00a0\u00bb title_font_size_tablet=\u00a0\u00bb20px\u00a0\u00bb title_font_size_phone=\u00a0\u00bb\u00a0\u00bb title_font_size_last_edited=\u00a0\u00bbon|phone\u00a0\u00bb global_colors_info=\u00a0\u00bb{}\u00a0\u00bb][\/et_pb_post_title][\/et_pb_column][\/et_pb_row][\/et_pb_section][et_pb_section fb_built=\u00a0\u00bb1&Prime; _builder_version=\u00a0\u00bb4.16&Prime; custom_margin=\u00a0\u00bb-100px||-30px||false|false\u00a0\u00bb global_colors_info=\u00a0\u00bb{}\u00a0\u00bb][et_pb_row _builder_version=\u00a0\u00bb4.16&Prime; global_colors_info=\u00a0\u00bb{}\u00a0\u00bb][et_pb_column type=\u00a0\u00bb4_4&Prime; _builder_version=\u00a0\u00bb4.16&Prime; global_colors_info=\u00a0\u00bb{}\u00a0\u00bb][et_pb_text _builder_version=\u00a0\u00bb4.27.7&Prime; _module_preset=\u00a0\u00bbdefault\u00a0\u00bb global_colors_info=\u00a0\u00bb{}\u00a0\u00bb]<\/p>\n<p data-start=\"204\" data-end=\"305\" style=\"text-align: justify;\">Votre commune vient de perdre son dernier m\u00e9decin ou craint un prochain d\u00e9part ? D\u00e9couvrez les solutions concr\u00e8tes d&rsquo;un <strong><a href=\"https:\/\/brm-conseil.fr\/fr\/cabinet-de-recrutement-medecin\/\">cabinet de recrutement de m\u00e9decins<\/a><\/strong> qui permettent aux communes fran\u00e7aises d&rsquo;attirer durablement un m\u00e9decin g\u00e9n\u00e9raliste malgr\u00e9 la d\u00e9sertification m\u00e9dicale.<\/p>\n<p style=\"text-align: justify;\">Lorsqu&rsquo;une commune perd son dernier m\u00e9decin g\u00e9n\u00e9raliste, les cons\u00e9quences d\u00e9passent largement le domaine de la sant\u00e9. L&rsquo;acc\u00e8s aux soins se d\u00e9grade, les habitants peinent \u00e0 trouver un m\u00e9decin traitant, les familles h\u00e9sitent \u00e0 s&rsquo;installer et l&rsquo;attractivit\u00e9 du territoire diminue progressivement.<\/p>\n<p style=\"text-align: justify;\">Pourtant, certaines collectivit\u00e9s r\u00e9ussissent chaque ann\u00e9e \u00e0 recruter un m\u00e9decin malgr\u00e9 un contexte national de d\u00e9sertification m\u00e9dicale. Leur r\u00e9ussite ne repose pas sur le hasard mais sur une strat\u00e9gie d&rsquo;attractivit\u00e9 structur\u00e9e.<\/p>\n<p style=\"text-align: justify;\">Dans ce guide complet, d\u00e9couvrez pourquoi les d\u00e9serts m\u00e9dicaux progressent, comment attirer un m\u00e9decin dans votre commune, quelles aides mobiliser et quelles erreurs \u00e9viter pour r\u00e9ussir votre recrutement.<\/p>\n<p>\u2714 Comprendre pourquoi les d\u00e9serts m\u00e9dicaux progressent.<\/p>\n<p>\u2714 \u00c9valuer si votre commune est r\u00e9ellement concern\u00e9e.<\/p>\n<p>\u2714 D\u00e9couvrir les leviers utilis\u00e9s par les collectivit\u00e9s qui recrutent.<\/p>\n<p>\u2714 Identifier les aides r\u00e9ellement efficaces.<\/p>\n<p>\u2714 Construire une strat\u00e9gie durable pour attirer un m\u00e9decin.<\/p>\n<p>Les collectivit\u00e9s confront\u00e9es \u00e0 un d\u00e9sert m\u00e9dical doivent aujourd&rsquo;hui mettre en place une v\u00e9ritable strat\u00e9gie pour <a href=\"https:\/\/brm-conseil.fr\/fr\/2022\/03\/11\/recruter-un-medecin-generaliste-dans-une-commune-rurale-que-doit-faire-une-mairie-pour-attirer-et-retenir-un-medecin\/\"><strong data-start=\"371\" data-end=\"423\">recruter un m\u00e9decin g\u00e9n\u00e9raliste dans une commune<\/strong><\/a>.<\/p>\n<p>[\/et_pb_text][et_pb_cta title=\u00a0\u00bbVotre commune recherche un m\u00e9decin ?\u00a0\u00bb _builder_version=\u00a0\u00bb4.27.7&Prime; _module_preset=\u00a0\u00bbdefault\u00a0\u00bb header_level=\u00a0\u00bbh1&Prime; header_font=\u00a0\u00bb|600|||||||\u00a0\u00bb header_font_size=\u00a0\u00bb38px\u00a0\u00bb body_font=\u00a0\u00bb|600|||||||\u00a0\u00bb background_color=\u00a0\u00bb#0C71C3&Prime; global_colors_info=\u00a0\u00bb{}\u00a0\u00bb]<\/p>\n<h3 data-section-id=\"1t4xjdc\" data-start=\"3269\" data-end=\"3320\" class=\"PDq2pG_selectionAnchorContainer\"><\/h3>\n<p data-start=\"3322\" data-end=\"3491\">Depuis 2012, BRM Conseil accompagne les communes, intercommunalit\u00e9s, centres de sant\u00e9 et maisons de sant\u00e9 dans le recrutement de m\u00e9decins g\u00e9n\u00e9ralistes partout en France.<\/p>\n<p data-start=\"3493\" data-end=\"3570\"><strong data-start=\"3493\" data-end=\"3570\">\u2192 Demandez un premier \u00e9change confidentiel avec un consultant sp\u00e9cialis\u00e9.<\/strong><\/p>\n<p>[\/et_pb_cta][et_pb_button button_url=\u00a0\u00bbhttps:\/\/brm-conseil.fr\/fr\/espace-recruteurs-brm-conseil\/#Formulaire_recruteurs\u00a0\u00bb button_text=\u00a0\u00bb\u00catre rappel\u00e9 par un consultant\u00a0\u00bb button_alignment=\u00a0\u00bbcenter\u00a0\u00bb _builder_version=\u00a0\u00bb4.27.7&Prime; _module_preset=\u00a0\u00bbdefault\u00a0\u00bb custom_button=\u00a0\u00bbon\u00a0\u00bb button_text_size=\u00a0\u00bb24px\u00a0\u00bb button_bg_color=\u00a0\u00bb#FFFFFF\u00a0\u00bb button_border_width=\u00a0\u00bb3px\u00a0\u00bb button_border_color=\u00a0\u00bb#0C71C3&Prime; button_border_radius=\u00a0\u00bb71px\u00a0\u00bb button_letter_spacing=\u00a0\u00bb0px\u00a0\u00bb button_font=\u00a0\u00bb|600|||||||\u00a0\u00bb box_shadow_style=\u00a0\u00bbpreset1&Prime; box_shadow_horizontal=\u00a0\u00bb-1px\u00a0\u00bb box_shadow_vertical=\u00a0\u00bb0px\u00a0\u00bb global_colors_info=\u00a0\u00bb{}\u00a0\u00bb][\/et_pb_button][et_pb_text _builder_version=\u00a0\u00bb4.27.7&Prime; _module_preset=\u00a0\u00bbdefault\u00a0\u00bb hover_enabled=\u00a0\u00bb0&Prime; global_colors_info=\u00a0\u00bb{}\u00a0\u00bb sticky_enabled=\u00a0\u00bb0&Prime;]<\/p>\n<p>&nbsp;<\/p>\n<p data-start=\"649\" data-end=\"1143\" style=\"text-align: justify;\">Le sujet des d\u00e9serts m\u00e9dicaux est aujourd\u2019hui devenu central en France. Il concerne les villages ruraux, les petites villes, les communes p\u00e9riurbaines, certains quartiers urbains, mais aussi des territoires longtemps consid\u00e9r\u00e9s comme correctement dot\u00e9s. Le minist\u00e8re de la Sant\u00e9 rappelle que les zones sous-denses permettent aux m\u00e9decins de b\u00e9n\u00e9ficier d\u2019aides \u00e0 l\u2019installation et au maintien de l\u2019activit\u00e9, ce qui confirme l\u2019ampleur nationale du sujet. <span class=\"\" data-state=\"closed\"><\/span><\/p>\n<p data-start=\"1145\" data-end=\"1202\" style=\"text-align: justify;\">Pour une commune, la question n\u2019est donc plus seulement :<\/p>\n<blockquote data-start=\"1204\" data-end=\"1236\">\n<p data-start=\"1206\" data-end=\"1236\">\u201cComment trouver un m\u00e9decin ?\u201d<\/p>\n<\/blockquote>\n<p data-start=\"1238\" data-end=\"1261\" style=\"text-align: justify;\">La vraie question est :<\/p>\n<blockquote data-start=\"1263\" data-end=\"1387\">\n<p data-start=\"1265\" data-end=\"1387\">\u201cComment construire un projet suffisamment attractif pour convaincre un m\u00e9decin de venir exercer ici plut\u00f4t qu\u2019ailleurs ?\u201d<\/p>\n<\/blockquote>\n<p data-start=\"1389\" data-end=\"1429\" style=\"text-align: justify;\">C\u2019est pr\u00e9cis\u00e9ment l\u2019objet de cette page.<\/p>\n<blockquote>\n<p data-start=\"1389\" data-end=\"1429\" style=\"text-align: justify;\"><em>Vous souhaitez \u00eatre accompagn\u00e9 par un sp\u00e9cialiste du recrutement m\u00e9dical ? D\u00e9couvrez notre <a href=\"https:\/\/brm-conseil.fr\/fr\/cabinet-de-recrutement-medecin\/\"><strong data-start=\"579\" data-end=\"617\">cabinet de recrutement de m\u00e9decins<\/strong><\/a>, qui accompagne les collectivit\u00e9s, \u00e9tablissements de sant\u00e9 et maisons de sant\u00e9 partout en France.<\/em><\/p>\n<\/blockquote>\n<h2><span style=\"color: #0c71c3;\"><strong>Ce que vous allez apprendre dans ce guide<\/strong><\/span><\/h2>\n<p>Ce guide s&rsquo;adresse aux maires, \u00e9lus locaux, communaut\u00e9s de communes, maisons de sant\u00e9, centres de sant\u00e9 et \u00e9tablissements confront\u00e9s \u00e0 la d\u00e9sertification m\u00e9dicale.<\/p>\n<p>Vous d\u00e9couvrirez notamment :<\/p>\n<p>\u2022 les v\u00e9ritables causes des d\u00e9serts m\u00e9dicaux ;<\/p>\n<p>\u2022 les cons\u00e9quences pour les habitants et le territoire ;<\/p>\n<p>\u2022 les solutions utilis\u00e9es par les communes qui r\u00e9ussissent \u00e0 recruter ;<\/p>\n<p>\u2022 les aides financi\u00e8res r\u00e9ellement utiles ;<\/p>\n<p>\u2022 les diff\u00e9rents mod\u00e8les d&rsquo;exercice (lib\u00e9ral, salari\u00e9, mixte) ;<\/p>\n<p>\u2022 les erreurs les plus fr\u00e9quentes ;<\/p>\n<p>\u2022 les m\u00e9thodes de recrutement les plus performantes.<\/p>\n<p>Notre objectif est de vous fournir une m\u00e9thode concr\u00e8te pour transformer votre territoire en projet attractif pour les m\u00e9decins.<\/p>\n<h2 data-section-id=\"1ei1yky\" data-start=\"2832\" data-end=\"2894\" style=\"text-align: justify;\"><span style=\"color: #0c71c3;\"><strong>Le d\u00e9sert m\u00e9dical n\u2019est pas seulement un manque de m\u00e9decins<\/strong><\/span><\/h2>\n<p data-start=\"2896\" data-end=\"2980\" style=\"text-align: justify;\">Un d\u00e9sert m\u00e9dical ne se r\u00e9sume pas \u00e0 l\u2019absence totale de praticiens sur une commune.<\/p>\n<p data-start=\"2982\" data-end=\"3105\" style=\"text-align: justify;\">Il peut aussi exister lorsqu\u2019un territoire dispose encore de m\u00e9decins, mais que l\u2019acc\u00e8s r\u00e9el aux soins devient insuffisant.<\/p>\n<p data-start=\"3107\" data-end=\"3129\" style=\"text-align: justify;\">C\u2019est le cas lorsque :<\/p>\n<ul data-start=\"3131\" data-end=\"3503\" style=\"text-align: justify;\">\n<li data-section-id=\"e9z9ws\" data-start=\"3131\" data-end=\"3194\">les m\u00e9decins pr\u00e9sents ne prennent plus de nouveaux patients ;<\/li>\n<li data-section-id=\"vtghvq\" data-start=\"3195\" data-end=\"3246\">les d\u00e9lais de rendez-vous deviennent trop longs ;<\/li>\n<li data-section-id=\"1ckfs3y\" data-start=\"3247\" data-end=\"3295\">les habitants n\u2019ont plus de m\u00e9decin traitant ;<\/li>\n<li data-section-id=\"az3wmk\" data-start=\"3296\" data-end=\"3342\">les consultations non programm\u00e9es saturent ;<\/li>\n<li data-section-id=\"m87ot8\" data-start=\"3343\" data-end=\"3392\">les patients \u00e2g\u00e9s ne peuvent plus se d\u00e9placer ;<\/li>\n<li data-section-id=\"vybpn4\" data-start=\"3393\" data-end=\"3446\">les jeunes m\u00e9decins refusent de s\u2019installer seuls ;<\/li>\n<li data-section-id=\"upr4qe\" data-start=\"3447\" data-end=\"3503\">le dernier m\u00e9decin du village approche de la retraite.<\/li>\n<\/ul>\n<p data-start=\"3505\" data-end=\"3904\" style=\"text-align: justify;\">La DREES indique qu\u2019au 1er janvier 2025, la France comptait 237 200 m\u00e9decins en activit\u00e9, avec une l\u00e9g\u00e8re reprise du nombre de m\u00e9decins g\u00e9n\u00e9ralistes entre 2024 et 2025. Mais cette am\u00e9lioration globale ne r\u00e8gle pas les d\u00e9s\u00e9quilibres territoriaux. Un pays peut compter davantage de m\u00e9decins tout en laissant certains territoires sans acc\u00e8s satisfaisant aux soins. <span class=\"\" data-state=\"closed\"><\/span><\/p>\n<p data-start=\"3906\" data-end=\"3964\" style=\"text-align: justify;\">C\u2019est ce paradoxe qui explique la difficult\u00e9 des communes.<\/p>\n<p data-start=\"3966\" data-end=\"4008\" style=\"text-align: justify;\">Le probl\u00e8me n\u2019est pas uniquement national.<\/p>\n<p data-start=\"4010\" data-end=\"4023\" style=\"text-align: justify;\">Il est local.<\/p>\n<p data-start=\"4025\" data-end=\"4310\" style=\"text-align: justify;\">Une commune peut \u00eatre attractive sur le papier, mais invisible pour les m\u00e9decins.<br data-start=\"4106\" data-end=\"4109\" \/>Une autre peut proposer un local neuf, mais sans projet m\u00e9dical structur\u00e9.<br data-start=\"4183\" data-end=\"4186\" \/>Une autre encore peut offrir des aides financi\u00e8res, mais sans accompagnement familial ni environnement professionnel solide.<\/p>\n<p data-start=\"4312\" data-end=\"4391\" style=\"text-align: justify;\">Dans ces situations, le recrutement \u00e9choue souvent malgr\u00e9 de bonnes intentions.<\/p>\n<h2 data-section-id=\"eyrbse\" data-start=\"4398\" data-end=\"4453\" style=\"text-align: justify;\"><span style=\"color: #0c71c3;\"><strong>Pourquoi les anciennes m\u00e9thodes ne fonctionnent plus<\/strong><\/span><\/h2>\n<p data-start=\"4455\" data-end=\"4570\" style=\"text-align: justify;\">Pendant longtemps, certaines communes pensaient qu\u2019un cabinet m\u00e9dical disponible suffisait pour attirer un m\u00e9decin.<\/p>\n<p data-start=\"4572\" data-end=\"4593\" style=\"text-align: justify;\">Ce n\u2019est plus le cas.<\/p>\n<p data-start=\"4595\" data-end=\"4692\" style=\"text-align: justify;\">Aujourd\u2019hui, un m\u00e9decin g\u00e9n\u00e9raliste peut recevoir plusieurs propositions. Il peut choisir entre :<\/p>\n<ul data-start=\"4694\" data-end=\"5039\" style=\"text-align: justify;\">\n<li data-section-id=\"dmy53s\" data-start=\"4694\" data-end=\"4733\">un poste salari\u00e9 en centre de sant\u00e9 ;<\/li>\n<li data-section-id=\"m5bljo\" data-start=\"4734\" data-end=\"4788\">une installation lib\u00e9rale dans une maison de sant\u00e9 ;<\/li>\n<li data-section-id=\"pl7sir\" data-start=\"4789\" data-end=\"4810\">un exercice mixte ;<\/li>\n<li data-section-id=\"1aum2wv\" data-start=\"4811\" data-end=\"4835\">un poste hospitalier ;<\/li>\n<li data-section-id=\"1jl4c4b\" data-start=\"4836\" data-end=\"4864\">une activit\u00e9 en clinique ;<\/li>\n<li data-section-id=\"1oy2vl3\" data-start=\"4865\" data-end=\"4928\">un exercice coordonn\u00e9 avec d\u2019autres professionnels de sant\u00e9 ;<\/li>\n<li data-section-id=\"1t79jie\" data-start=\"4929\" data-end=\"4981\">une installation dans une r\u00e9gion plus attractive ;<\/li>\n<li data-section-id=\"1vmd33g\" data-start=\"4982\" data-end=\"5039\">une activit\u00e9 avec moins de contraintes administratives.<\/li>\n<\/ul>\n<p data-start=\"5041\" data-end=\"5090\" style=\"text-align: justify;\">La concurrence entre territoires est donc r\u00e9elle.<\/p>\n<p data-start=\"5092\" data-end=\"5178\" style=\"text-align: justify;\">Une commune qui veut recruter un m\u00e9decin doit raisonner comme un territoire employeur.<\/p>\n<p data-start=\"5180\" data-end=\"5238\" style=\"text-align: justify;\">Elle doit \u00eatre capable de r\u00e9pondre \u00e0 plusieurs questions :<\/p>\n<ul data-start=\"5240\" data-end=\"5764\" style=\"text-align: justify;\">\n<li data-section-id=\"1opgss6\" data-start=\"5240\" data-end=\"5291\">Pourquoi un m\u00e9decin choisirait-il notre commune ?<\/li>\n<li data-section-id=\"16yugxu\" data-start=\"5292\" data-end=\"5334\">Quel projet m\u00e9dical lui proposons-nous ?<\/li>\n<li data-section-id=\"1ir0s9g\" data-start=\"5335\" data-end=\"5381\">Avec quels professionnels travaillera-t-il ?<\/li>\n<li data-section-id=\"10gor56\" data-start=\"5382\" data-end=\"5431\">Quel sera son niveau de charge administrative ?<\/li>\n<li data-section-id=\"mdjukq\" data-start=\"5432\" data-end=\"5487\">Quel accompagnement est pr\u00e9vu pour son installation ?<\/li>\n<li data-section-id=\"1iyr5ou\" data-start=\"5488\" data-end=\"5534\">Existe-t-il une solution pour son logement ?<\/li>\n<li data-section-id=\"1iuobw9\" data-start=\"5535\" data-end=\"5577\">Son conjoint peut-il trouver un emploi ?<\/li>\n<li data-section-id=\"1uvne9m\" data-start=\"5578\" data-end=\"5632\">Ses enfants peuvent-ils \u00eatre scolaris\u00e9s facilement ?<\/li>\n<li data-section-id=\"ob1sbi\" data-start=\"5633\" data-end=\"5671\">Le territoire est-il bien connect\u00e9 ?<\/li>\n<li data-section-id=\"l44uxh\" data-start=\"5672\" data-end=\"5764\">Le projet est-il port\u00e9 par les \u00e9lus, les habitants et les professionnels de sant\u00e9 locaux ?<\/li>\n<\/ul>\n<p data-start=\"5766\" data-end=\"5841\" style=\"text-align: justify;\">Sans r\u00e9ponse claire \u00e0 ces questions, la commune risque de rester invisible.<\/p>\n<h2 data-section-id=\"pigadl\" data-start=\"5848\" data-end=\"5901\" style=\"text-align: justify;\"><span style=\"color: #0c71c3;\"><strong>Ce que veulent r\u00e9ellement les m\u00e9decins aujourd\u2019hui<\/strong><\/span><\/h2>\n<p data-start=\"5903\" data-end=\"5956\" style=\"text-align: justify;\">Les m\u00e9decins ne recherchent pas seulement un cabinet.<\/p>\n<p data-start=\"5958\" data-end=\"6025\" style=\"text-align: justify;\">Ils recherchent un projet de vie et un cadre d\u2019exercice soutenable.<\/p>\n<p data-start=\"6027\" data-end=\"6395\" style=\"text-align: justify;\">Un m\u00e9decin peut \u00eatre int\u00e9ress\u00e9 par une commune rurale si le projet est bien pr\u00e9sent\u00e9.<br data-start=\"6112\" data-end=\"6115\" \/>Il peut accepter de s\u2019\u00e9loigner d\u2019une grande ville si les conditions sont coh\u00e9rentes.<br data-start=\"6199\" data-end=\"6202\" \/>Il peut rejoindre un territoire sous-dot\u00e9 si l\u2019organisation permet d\u2019exercer correctement.<br data-start=\"6292\" data-end=\"6295\" \/>Il peut s\u2019installer durablement si son conjoint, ses enfants et son mode de vie sont pris en compte.<\/p>\n<p data-start=\"6397\" data-end=\"6452\" style=\"text-align: justify;\">\u00c0 l\u2019inverse, un m\u00e9decin refusera souvent un projet si :<\/p>\n<ul data-start=\"6454\" data-end=\"6778\" style=\"text-align: justify;\">\n<li data-section-id=\"jqx0w1\" data-start=\"6454\" data-end=\"6481\">il doit travailler seul ;<\/li>\n<li data-section-id=\"dq4jsf\" data-start=\"6482\" data-end=\"6522\">il doit g\u00e9rer toute l\u2019administration ;<\/li>\n<li data-section-id=\"s6oq9i\" data-start=\"6523\" data-end=\"6552\">il n\u2019a pas de secr\u00e9tariat ;<\/li>\n<li data-section-id=\"858zrc\" data-start=\"6553\" data-end=\"6594\">il n\u2019existe pas de r\u00e9seau param\u00e9dical ;<\/li>\n<li data-section-id=\"abagcf\" data-start=\"6595\" data-end=\"6629\">le logement n\u2019est pas anticip\u00e9 ;<\/li>\n<li data-section-id=\"12219cb\" data-start=\"6630\" data-end=\"6685\">le projet repose uniquement sur une aide financi\u00e8re ;<\/li>\n<li data-section-id=\"q06ojp\" data-start=\"6686\" data-end=\"6728\">la commune n\u2019a pas clarifi\u00e9 son besoin ;<\/li>\n<li data-section-id=\"1kw73jh\" data-start=\"6729\" data-end=\"6778\">les \u00e9lus n\u2019ont pas de strat\u00e9gie de recrutement.<\/li>\n<\/ul>\n<p data-start=\"6780\" data-end=\"6822\" style=\"text-align: justify;\">L\u2019attractivit\u00e9 m\u00e9dicale ne se d\u00e9cr\u00e8te pas.<\/p>\n<p data-start=\"6824\" data-end=\"6842\" style=\"text-align: justify;\">Elle se construit.<\/p>\n<p>[\/et_pb_text][\/et_pb_column][\/et_pb_row][et_pb_row _builder_version=\u00a0\u00bb4.27.7&Prime; _module_preset=\u00a0\u00bbdefault\u00a0\u00bb global_colors_info=\u00a0\u00bb{}\u00a0\u00bb][et_pb_column type=\u00a0\u00bb4_4&Prime; _builder_version=\u00a0\u00bb4.27.7&Prime; _module_preset=\u00a0\u00bbdefault\u00a0\u00bb global_colors_info=\u00a0\u00bb{}\u00a0\u00bb][et_pb_cta title=\u00a0\u00bbVotre commune recherche un m\u00e9decin ?\u00a0\u00bb button_text=\u00a0\u00bbClics\u00a0\u00bb _builder_version=\u00a0\u00bb4.27.7&Prime; _module_preset=\u00a0\u00bbdefault\u00a0\u00bb header_level=\u00a0\u00bbh1&Prime; header_font=\u00a0\u00bb|600|||||||\u00a0\u00bb header_font_size=\u00a0\u00bb38px\u00a0\u00bb body_font=\u00a0\u00bb|600|||||||\u00a0\u00bb global_colors_info=\u00a0\u00bb{}\u00a0\u00bb]<\/p>\n<h3 data-section-id=\"17kifog\" data-start=\"6900\" data-end=\"6976\">Ne laissez pas votre territoire devenir invisible aupr\u00e8s des praticiens.<\/h3>\n<p data-start=\"6978\" data-end=\"7143\">BRM Conseil accompagne les communes, collectivit\u00e9s, maisons de sant\u00e9, centres de sant\u00e9 et \u00e9tablissements de sant\u00e9 dans leurs recrutements m\u00e9dicaux partout en France.<\/p>\n<p data-start=\"7145\" data-end=\"7322\">Nous analysons votre besoin, votre territoire, vos freins d\u2019attractivit\u00e9 et votre projet m\u00e9dical afin de construire une strat\u00e9gie r\u00e9aliste pour approcher des m\u00e9decins qualifi\u00e9s.<\/p>\n<p data-start=\"7324\" data-end=\"7394\"><strong data-start=\"7324\" data-end=\"7394\">Vous souhaitez attirer un m\u00e9decin g\u00e9n\u00e9raliste dans votre commune ?<\/strong><\/p>\n<p data-start=\"7396\" data-end=\"7467\">\ud83d\udc49 <a href=\"https:\/\/brm-conseil.fr\/fr\/espace-recruteurs-brm-conseil\/\"><strong data-start=\"7399\" data-end=\"7467\">Demandez un \u00e9change confidentiel avec un consultant BRM Conseil.<\/strong><\/a><\/p>\n<p>[\/et_pb_cta][\/et_pb_column][\/et_pb_row][et_pb_row _builder_version=\u00a0\u00bb4.27.7&Prime; _module_preset=\u00a0\u00bbdefault\u00a0\u00bb global_colors_info=\u00a0\u00bb{}\u00a0\u00bb][et_pb_column type=\u00a0\u00bb4_4&Prime; _builder_version=\u00a0\u00bb4.27.7&Prime; _module_preset=\u00a0\u00bbdefault\u00a0\u00bb global_colors_info=\u00a0\u00bb{}\u00a0\u00bb][et_pb_text _builder_version=\u00a0\u00bb4.27.7&Prime; _module_preset=\u00a0\u00bbdefault\u00a0\u00bb hover_enabled=\u00a0\u00bb0&Prime; global_colors_info=\u00a0\u00bb{}\u00a0\u00bb sticky_enabled=\u00a0\u00bb0&Prime;]<\/p>\n<h2 data-section-id=\"1dof2kv\" data-start=\"7474\" data-end=\"7519\" class=\"PDq2pG_selectionAnchorContainer\" style=\"text-align: justify;\"><span style=\"color: #0c71c3;\"><strong>Un enjeu vital pour l\u2019avenir du territoire<\/strong><\/span><span aria-hidden=\"true\" class=\"PDq2pG_selectionAnchor\"><\/span><\/h2>\n<p data-start=\"7521\" data-end=\"7593\" style=\"text-align: justify;\">Lorsqu\u2019une commune perd son m\u00e9decin, les effets se diffusent rapidement.<\/p>\n<p data-start=\"7595\" data-end=\"7913\" style=\"text-align: justify;\">Les habitants se tournent vers les urgences.<br data-start=\"7639\" data-end=\"7642\" \/>Les pharmacies deviennent des points de tension.<br data-start=\"7690\" data-end=\"7693\" \/>Les professionnels param\u00e9dicaux sont davantage sollicit\u00e9s.<br data-start=\"7751\" data-end=\"7754\" \/>Les \u00e9lus deviennent les premiers interlocuteurs des administr\u00e9s.<br data-start=\"7818\" data-end=\"7821\" \/>Les personnes \u00e2g\u00e9es, les familles modestes et les patients chroniques sont les plus expos\u00e9s.<\/p>\n<p data-start=\"7915\" data-end=\"7968\" style=\"text-align: justify;\">Le sujet d\u00e9passe donc largement la m\u00e9decine g\u00e9n\u00e9rale.<\/p>\n<p data-start=\"7970\" data-end=\"8091\" style=\"text-align: justify;\">Il touche \u00e0 l\u2019\u00e9galit\u00e9 d\u2019acc\u00e8s aux soins, \u00e0 l\u2019attractivit\u00e9 r\u00e9sidentielle, \u00e0 la coh\u00e9sion sociale et au d\u00e9veloppement local.<\/p>\n<p data-start=\"8093\" data-end=\"8242\" style=\"text-align: justify;\">Vie-publique rappelle que l\u2019acc\u00e8s aux soins constitue un enjeu d\u2019\u00e9quit\u00e9 territoriale face aux d\u00e9serts m\u00e9dicaux. <span class=\"\" data-state=\"closed\"><\/span><\/p>\n<p data-start=\"8244\" data-end=\"8315\" style=\"text-align: justify;\">Pour une commune, recruter un m\u00e9decin n\u2019est donc pas une action isol\u00e9e.<\/p>\n<p data-start=\"8317\" data-end=\"8345\" style=\"text-align: justify;\">C\u2019est un projet strat\u00e9gique.<\/p>\n<p data-start=\"8347\" data-end=\"8382\" style=\"text-align: justify;\">Un m\u00e9decin dans un village, c\u2019est :<\/p>\n<ul data-start=\"8384\" data-end=\"8648\" style=\"text-align: justify;\">\n<li data-section-id=\"1n1xb7r\" data-start=\"8384\" data-end=\"8418\">un acc\u00e8s aux soins plus rapide ;<\/li>\n<li data-section-id=\"t4p8ts\" data-start=\"8419\" data-end=\"8453\">une s\u00e9curit\u00e9 pour les familles ;<\/li>\n<li data-section-id=\"15ojbc0\" data-start=\"8454\" data-end=\"8491\">un appui pour les personnes \u00e2g\u00e9es ;<\/li>\n<li data-section-id=\"1so6dq6\" data-start=\"8492\" data-end=\"8549\">un facteur d\u2019attractivit\u00e9 pour les nouveaux habitants ;<\/li>\n<li data-section-id=\"1odwejx\" data-start=\"8550\" data-end=\"8599\">un soutien aux autres professionnels de sant\u00e9 ;<\/li>\n<li data-section-id=\"cv6kkb\" data-start=\"8600\" data-end=\"8648\">un signal positif pour l\u2019avenir du territoire.<\/li>\n<\/ul>\n<p data-start=\"8650\" data-end=\"8731\" style=\"text-align: justify;\">C\u2019est pourquoi les communes qui r\u00e9ussissent sont rarement celles qui improvisent.<\/p>\n<p data-start=\"8733\" data-end=\"8778\" style=\"text-align: justify;\">Ce sont celles qui structurent leur d\u00e9marche.<\/p>\n<h2 data-section-id=\"12e68ii\" data-start=\"8785\" data-end=\"8832\" style=\"text-align: justify;\"><span style=\"color: #0c71c3;\"><strong>Ce que cette page va vous permettre de faire<\/strong><\/span><\/h2>\n<p data-start=\"8834\" data-end=\"8871\" style=\"text-align: justify;\">\u00c0 la fin de cette page, vous saurez :<\/p>\n<ul data-start=\"8873\" data-end=\"9329\" style=\"text-align: justify;\">\n<li data-section-id=\"hb89bs\" data-start=\"8873\" data-end=\"8937\">identifier les causes r\u00e9elles de votre difficult\u00e9 \u00e0 recruter ;<\/li>\n<li data-section-id=\"1ahepne\" data-start=\"8938\" data-end=\"9014\">comprendre pourquoi votre commune n\u2019attire pas spontan\u00e9ment les m\u00e9decins ;<\/li>\n<li data-section-id=\"1odx3fg\" data-start=\"9015\" data-end=\"9068\">construire une offre territoriale plus attractive ;<\/li>\n<li data-section-id=\"rz31zg\" data-start=\"9069\" data-end=\"9122\">\u00e9viter les erreurs qui d\u00e9couragent les praticiens ;<\/li>\n<li data-section-id=\"mibseu\" data-start=\"9123\" data-end=\"9164\">mobiliser les bons dispositifs d\u2019aide ;<\/li>\n<li data-section-id=\"1hzox1a\" data-start=\"9165\" data-end=\"9225\">choisir entre m\u00e9decin lib\u00e9ral, salari\u00e9 ou exercice mixte ;<\/li>\n<li data-section-id=\"1j63e1a\" data-start=\"9226\" data-end=\"9277\">organiser une strat\u00e9gie de recrutement efficace ;<\/li>\n<li data-section-id=\"34mbp7\" data-start=\"9278\" data-end=\"9329\">savoir quand faire appel \u00e0 un cabinet sp\u00e9cialis\u00e9.<\/li>\n<\/ul>\n<p data-start=\"9331\" data-end=\"9376\" style=\"text-align: justify;\">Cette page doit vous servir de guide complet.<\/p>\n<p data-start=\"9378\" data-end=\"9472\" style=\"text-align: justify;\">Elle s\u2019adresse aux communes qui veulent passer d\u2019une logique d\u2019attente \u00e0 une logique d\u2019action.<\/p>\n<p data-start=\"9474\" data-end=\"9566\" style=\"text-align: justify;\">Car dans un march\u00e9 aussi tendu, attendre qu\u2019un m\u00e9decin r\u00e9ponde \u00e0 une annonce m\u00e9dicale ne suffit plus.<\/p>\n<p data-start=\"9568\" data-end=\"9793\" style=\"text-align: justify;\">Il faut aller vers les m\u00e9decins.<br data-start=\"9600\" data-end=\"9603\" \/>Il faut leur pr\u00e9senter un projet cr\u00e9dible.<br data-start=\"9645\" data-end=\"9648\" \/>Il faut comprendre leurs attentes.<br data-start=\"9682\" data-end=\"9685\" \/>Il faut s\u00e9curiser leur installation.<br data-start=\"9721\" data-end=\"9724\" \/>Il faut leur donner envie de s\u2019ancrer durablement dans le territoire.<\/p>\n<p>[\/et_pb_text][\/et_pb_column][\/et_pb_row][et_pb_row _builder_version=\u00a0\u00bb4.27.7&Prime; _module_preset=\u00a0\u00bbdefault\u00a0\u00bb global_colors_info=\u00a0\u00bb{}\u00a0\u00bb][et_pb_column type=\u00a0\u00bb4_4&Prime; _builder_version=\u00a0\u00bb4.27.7&Prime; _module_preset=\u00a0\u00bbdefault\u00a0\u00bb global_colors_info=\u00a0\u00bb{}\u00a0\u00bb][et_pb_cta title=\u00a0\u00bb\u00c0 retenir\u00a0\u00bb button_text=\u00a0\u00bbClics\u00a0\u00bb _builder_version=\u00a0\u00bb4.27.7&Prime; _module_preset=\u00a0\u00bbdefault\u00a0\u00bb header_font=\u00a0\u00bb|700|||||||\u00a0\u00bb header_font_size=\u00a0\u00bb35px\u00a0\u00bb body_font_size=\u00a0\u00bb19px\u00a0\u00bb width=\u00a0\u00bb100%\u00a0\u00bb min_height=\u00a0\u00bb100px\u00a0\u00bb max_height=\u00a0\u00bb1000px\u00a0\u00bb filter_hue_rotate=\u00a0\u00bb23deg\u00a0\u00bb filter_saturate=\u00a0\u00bb113%\u00a0\u00bb filter_contrast=\u00a0\u00bb111%\u00a0\u00bb box_shadow_style=\u00a0\u00bbpreset6&Prime; box_shadow_horizontal=\u00a0\u00bb23px\u00a0\u00bb box_shadow_spread=\u00a0\u00bb19px\u00a0\u00bb global_colors_info=\u00a0\u00bb{}\u00a0\u00bb]<\/p>\n<p data-start=\"9858\" data-end=\"9919\">Un d\u00e9sert m\u00e9dical n\u2019est pas seulement une absence de m\u00e9decin.<\/p>\n<p data-start=\"9921\" data-end=\"9972\">C\u2019est une rupture progressive de l\u2019acc\u00e8s aux soins.<\/p>\n<p data-start=\"9974\" data-end=\"10058\">Pour sauver un village sans m\u00e9decin, une commune doit travailler sur trois leviers :<\/p>\n<ol data-start=\"10060\" data-end=\"10200\">\n<li data-section-id=\"bwpkv7\" data-start=\"10060\" data-end=\"10096\"><strong data-start=\"10063\" data-end=\"10096\">L\u2019attractivit\u00e9 du territoire.<\/strong><\/li>\n<li data-section-id=\"mfesxz\" data-start=\"10097\" data-end=\"10133\"><strong data-start=\"10100\" data-end=\"10133\">La qualit\u00e9 du projet m\u00e9dical.<\/strong><\/li>\n<li data-section-id=\"8ah6z1\" data-start=\"10134\" data-end=\"10200\"><strong data-start=\"10137\" data-end=\"10200\">La capacit\u00e9 \u00e0 identifier et convaincre les bons praticiens.<\/strong><\/li>\n<\/ol>\n<p data-start=\"10202\" data-end=\"10264\">Le recrutement m\u00e9dical est devenu un projet strat\u00e9gique local.<\/p>\n<p>[\/et_pb_cta][et_pb_text _builder_version=\u00a0\u00bb4.27.7&Prime; _module_preset=\u00a0\u00bbdefault\u00a0\u00bb global_colors_info=\u00a0\u00bb{}\u00a0\u00bb]<\/p>\n<h1 data-section-id=\"h84lgf\" data-start=\"283\" data-end=\"322\" class=\"PDq2pG_selectionAnchorContainer\" style=\"text-align: left;\"><span style=\"color: #0c71c3;\"><strong>Qu\u2019est-ce qu\u2019un d\u00e9sert m\u00e9dical ? D\u00e9finition, crit\u00e8res et cons\u00e9quences<\/strong><\/span><span aria-hidden=\"true\" class=\"PDq2pG_selectionAnchor\"><\/span><\/h1>\n<p data-start=\"1050\" data-end=\"1287\" class=\"PDq2pG_selectionAnchorContainer\" style=\"text-align: justify;\">Un d\u00e9sert m\u00e9dical est un territoire o\u00f9 l&rsquo;acc\u00e8s aux soins devient insuffisant pour r\u00e9pondre aux besoins de la population. Contrairement \u00e0 une id\u00e9e re\u00e7ue, cela ne signifie pas n\u00e9cessairement qu&rsquo;il n&rsquo;y a plus de m\u00e9decin dans la commune.<span aria-hidden=\"true\" class=\"PDq2pG_selectionAnchor\"><\/span><\/p>\n<p data-start=\"1292\" data-end=\"1584\" style=\"text-align: justify;\">Une commune peut encore compter plusieurs m\u00e9decins g\u00e9n\u00e9ralistes et \u00eatre malgr\u00e9 tout consid\u00e9r\u00e9e comme confront\u00e9e \u00e0 un d\u00e9sert m\u00e9dical si les d\u00e9lais de consultation sont trop longs, si les praticiens ne prennent plus de nouveaux patients ou si plusieurs d\u00e9parts \u00e0 la retraite sont imminents.<\/p>\n<p data-start=\"1589\" data-end=\"1779\" style=\"text-align: justify;\">Autrement dit, ce n&rsquo;est pas uniquement le nombre de m\u00e9decins qui compte, mais la capacit\u00e9 r\u00e9elle des habitants \u00e0 acc\u00e9der rapidement \u00e0 des soins de proximit\u00e9 dans des d\u00e9lais raisonnables.<\/p>\n<p>[\/et_pb_text][et_pb_cta title=\u00a0\u00bbLe regard de BRM Conseil\u00a0\u00bb button_text=\u00a0\u00bbClics\u00a0\u00bb _builder_version=\u00a0\u00bb4.27.7&Prime; _module_preset=\u00a0\u00bbdefault\u00a0\u00bb header_font=\u00a0\u00bb|700|||||||\u00a0\u00bb header_font_size=\u00a0\u00bb35px\u00a0\u00bb body_font_size=\u00a0\u00bb19px\u00a0\u00bb width=\u00a0\u00bb100%\u00a0\u00bb min_height=\u00a0\u00bb100px\u00a0\u00bb max_height=\u00a0\u00bb1000px\u00a0\u00bb filter_hue_rotate=\u00a0\u00bb23deg\u00a0\u00bb filter_saturate=\u00a0\u00bb113%\u00a0\u00bb filter_contrast=\u00a0\u00bb111%\u00a0\u00bb box_shadow_style=\u00a0\u00bbpreset6&Prime; box_shadow_horizontal=\u00a0\u00bb23px\u00a0\u00bb box_shadow_spread=\u00a0\u00bb19px\u00a0\u00bb global_colors_info=\u00a0\u00bb{}\u00a0\u00bb]<\/p>\n<p data-start=\"456\" data-end=\"671\">\n<p data-start=\"456\" data-end=\"671\">Depuis 2012, nous accompagnons des collectivit\u00e9s confront\u00e9es \u00e0 des difficult\u00e9s de recrutement m\u00e9dical partout en France. Une erreur revient syst\u00e9matiquement : attendre que le dernier m\u00e9decin soit parti avant d&rsquo;agir.<\/p>\n<p data-start=\"673\" data-end=\"821\">Plus un territoire anticipe, plus il dispose de leviers pour construire un projet attractif et convaincre un praticien de s&rsquo;y installer durablement.<\/p>\n<p>[\/et_pb_cta][et_pb_text _builder_version=\u00a0\u00bb4.27.7&Prime; _module_preset=\u00a0\u00bbdefault\u00a0\u00bb global_colors_info=\u00a0\u00bb{}\u00a0\u00bb]<\/p>\n<p data-start=\"1589\" data-end=\"1779\" style=\"text-align: justify;\">\n<h2 data-section-id=\"16xyt0b\" data-start=\"1321\" data-end=\"1379\" style=\"text-align: justify;\"><span style=\"color: #0c71c3;\"><strong>Pourquoi une commune peut devenir un d\u00e9sert m\u00e9dical malgr\u00e9 la pr\u00e9sence de m\u00e9decins<\/strong><\/span><\/h2>\n<p data-start=\"1381\" data-end=\"1516\" style=\"text-align: justify;\">Pendant longtemps, la pr\u00e9sence d&rsquo;un cabinet m\u00e9dical suffisait \u00e0 consid\u00e9rer qu&rsquo;une commune disposait d&rsquo;une offre de soins satisfaisante.<\/p>\n<p data-start=\"1518\" data-end=\"1558\" style=\"text-align: justify;\">Cette approche est aujourd&rsquo;hui d\u00e9pass\u00e9e.<\/p>\n<p data-start=\"1560\" data-end=\"1673\" style=\"text-align: justify;\">Deux communes peuvent compter exactement le m\u00eame nombre de m\u00e9decins et pr\u00e9senter des situations tr\u00e8s diff\u00e9rentes.<\/p>\n<p data-start=\"1675\" data-end=\"1849\" style=\"text-align: justify;\">Dans une premi\u00e8re commune, les m\u00e9decins disposent de cr\u00e9neaux disponibles, prennent de nouveaux patients et travaillent en coordination avec d&rsquo;autres professionnels de sant\u00e9.<\/p>\n<p data-start=\"1851\" data-end=\"1988\" style=\"text-align: justify;\">Dans une seconde commune, les praticiens approchent de la retraite, leurs patient\u00e8les sont compl\u00e8tes et aucun successeur n&rsquo;est identifi\u00e9.<\/p>\n<p data-start=\"1990\" data-end=\"2063\" style=\"text-align: justify;\">Sur le papier, les deux territoires disposent du m\u00eame nombre de m\u00e9decins.<\/p>\n<p data-start=\"2065\" data-end=\"2131\" style=\"text-align: justify;\">Dans les faits, leurs habitants n&rsquo;ont pas le m\u00eame acc\u00e8s aux soins.<\/p>\n<p data-start=\"2133\" data-end=\"2263\" style=\"text-align: justify;\">C&rsquo;est pourquoi les autorit\u00e9s sanitaires utilisent aujourd&rsquo;hui des indicateurs plus complets pour mesurer l&rsquo;accessibilit\u00e9 m\u00e9dicale.<\/p>\n<h3 data-section-id=\"19fblvk\" data-start=\"2270\" data-end=\"2332\" style=\"text-align: justify;\"><strong><span style=\"color: #0c71c3;\">Comment savoir si votre commune est confront\u00e9e \u00e0 un d\u00e9sert m\u00e9dical ?<\/span><\/strong><\/h3>\n<p style=\"text-align: justify;\">Pour \u00e9valuer si une commune est confront\u00e9e \u00e0 un d\u00e9sert m\u00e9dical, les autorit\u00e9s sanitaires ne se contentent pas de compter le nombre de m\u00e9decins. Elles analysent plusieurs indicateurs qui refl\u00e8tent l&rsquo;acc\u00e8s r\u00e9el aux soins.<\/p>\n<p style=\"text-align: justify;\">Les principaux crit\u00e8res sont les suivants :<\/p>\n<p style=\"text-align: justify;\">\u2714 Le nombre de m\u00e9decins g\u00e9n\u00e9ralistes en activit\u00e9.<\/p>\n<p style=\"text-align: justify;\">\u2714 Leur \u00e2ge moyen et les d\u00e9parts \u00e0 la retraite pr\u00e9vus.<\/p>\n<p style=\"text-align: justify;\">\u2714 Leur capacit\u00e9 \u00e0 accepter de nouveaux patients.<\/p>\n<p style=\"text-align: justify;\">\u2714 Les d\u00e9lais moyens pour obtenir un rendez-vous.<\/p>\n<p style=\"text-align: justify;\">\u2714 La distance que les habitants doivent parcourir pour consulter.<\/p>\n<p style=\"text-align: justify;\">\u2714 La pr\u00e9sence d&rsquo;autres professionnels de sant\u00e9 (infirmiers, pharmaciens, kin\u00e9sith\u00e9rapeutes, etc.).<\/p>\n<p style=\"text-align: justify;\">\u2714 Les perspectives de remplacement des m\u00e9decins qui cesseront prochainement leur activit\u00e9.<\/p>\n<p style=\"text-align: justify;\">Une commune peut donc sembler correctement dot\u00e9e aujourd&rsquo;hui tout en \u00e9tant tr\u00e8s expos\u00e9e si plusieurs m\u00e9decins approchent de la retraite ou si les habitants rencontrent d\u00e9j\u00e0 des difficult\u00e9s pour acc\u00e9der aux soins.<\/p>\n<p data-start=\"2845\" data-end=\"2975\" style=\"text-align: justify;\">Le d\u00e9part \u00e0 la retraite d&rsquo;un seul m\u00e9decin peut parfois faire basculer toute une commune dans une situation de sous-offre m\u00e9dicale.<\/p>\n<h2 data-section-id=\"tcmokr\" data-start=\"2982\" data-end=\"3041\" style=\"text-align: justify;\"><span style=\"color: #0c71c3;\">Les d\u00e9serts m\u00e9dicaux touchent d\u00e9sormais toute la France<\/span><\/h2>\n<p data-start=\"3043\" data-end=\"3119\" style=\"text-align: justify;\">Les d\u00e9serts m\u00e9dicaux ne concernent plus uniquement quelques villages isol\u00e9s.<\/p>\n<p data-start=\"3121\" data-end=\"3152\" style=\"text-align: justify;\">Le ph\u00e9nom\u00e8ne touche d\u00e9sormais :<\/p>\n<ul data-start=\"3154\" data-end=\"3346\" style=\"text-align: justify;\">\n<li data-section-id=\"49urou\" data-start=\"3154\" data-end=\"3178\">des communes rurales ;<\/li>\n<li data-section-id=\"kfoa0w\" data-start=\"3179\" data-end=\"3202\">des villes moyennes ;<\/li>\n<li data-section-id=\"1tnarne\" data-start=\"3203\" data-end=\"3239\">certains territoires p\u00e9riurbains ;<\/li>\n<li data-section-id=\"psq68v\" data-start=\"3240\" data-end=\"3265\">des quartiers urbains ;<\/li>\n<li data-section-id=\"k5o8ky\" data-start=\"3266\" data-end=\"3346\">des d\u00e9partements entiers confront\u00e9s \u00e0 une baisse de leur d\u00e9mographie m\u00e9dicale.<\/li>\n<\/ul>\n<p data-start=\"3348\" data-end=\"3424\" style=\"text-align: justify;\">Les difficult\u00e9s d&rsquo;acc\u00e8s aux soins progressent sous des formes tr\u00e8s diverses.<\/p>\n<p data-start=\"3426\" data-end=\"3516\" style=\"text-align: justify;\">Certaines communes disposent encore de m\u00e9decins mais aucun n&rsquo;accepte de nouveaux patients.<\/p>\n<p data-start=\"3518\" data-end=\"3591\" style=\"text-align: justify;\">D&rsquo;autres voient leurs d\u00e9lais de consultation d\u00e9passer plusieurs semaines.<\/p>\n<p data-start=\"3593\" data-end=\"3715\" style=\"text-align: justify;\">Dans d&rsquo;autres territoires encore, les m\u00e9decins restent en activit\u00e9 malgr\u00e9 un \u00e2ge avanc\u00e9, sans perspective de remplacement.<\/p>\n<p data-start=\"3717\" data-end=\"3841\" style=\"text-align: justify;\">Pour les collectivit\u00e9s, cette \u00e9volution rend indispensable une anticipation beaucoup plus pr\u00e9coce des d\u00e9parts \u00e0 la retraite.<\/p>\n<p data-start=\"3843\" data-end=\"3910\" style=\"text-align: justify;\">Attendre le d\u00e9part du dernier praticien est souvent d\u00e9j\u00e0 trop tard.<\/p>\n<p data-start=\"3843\" data-end=\"3910\" style=\"text-align: justify;\">Cette \u00e9volution montre que le d\u00e9sert m\u00e9dical n&rsquo;est plus un probl\u00e8me r\u00e9serv\u00e9 aux territoires ruraux. D\u00e9sormais, toute commune doit anticiper sa d\u00e9mographie m\u00e9dicale afin d&rsquo;\u00e9viter une d\u00e9gradation progressive de l&rsquo;acc\u00e8s aux soins.\u00a0<\/p>\n<p data-start=\"4765\" data-end=\"4870\" style=\"text-align: justify;\">\n<p>[\/et_pb_text][\/et_pb_column][\/et_pb_row][et_pb_row _builder_version=\u00a0\u00bb4.27.7&Prime; _module_preset=\u00a0\u00bbdefault\u00a0\u00bb global_colors_info=\u00a0\u00bb{}\u00a0\u00bb][et_pb_column type=\u00a0\u00bb4_4&Prime; _builder_version=\u00a0\u00bb4.27.7&Prime; _module_preset=\u00a0\u00bbdefault\u00a0\u00bb global_colors_info=\u00a0\u00bb{}\u00a0\u00bb][et_pb_text _builder_version=\u00a0\u00bb4.27.7&Prime; _module_preset=\u00a0\u00bbdefault\u00a0\u00bb global_colors_info=\u00a0\u00bb{}\u00a0\u00bb]<\/p>\n<h1 data-section-id=\"150x58w\" data-start=\"348\" data-end=\"412\" class=\"PDq2pG_selectionAnchorContainer\" style=\"text-align: justify;\"><span style=\"color: #0c71c3;\"><strong>Pourquoi les d\u00e9serts m\u00e9dicaux progressent-ils en France ?<\/strong><\/span><span aria-hidden=\"true\" class=\"PDq2pG_selectionAnchor\"><\/span><\/h1>\n<p data-start=\"414\" data-end=\"486\" style=\"text-align: justify;\">Le d\u00e9veloppement des d\u00e9serts m\u00e9dicaux ne r\u00e9sulte pas d&rsquo;une cause unique. Cette probl\u00e9matique concerne d\u00e9sormais de nombreuses <a href=\"https:\/\/brm-conseil.fr\/fr\/2023\/02\/03\/mairie-recherche-medecin-generaliste-5-astuces-pour-trouver-rapidement\/\"><strong data-start=\"713\" data-end=\"762\">mairies en recherche d&rsquo;un m\u00e9decin g\u00e9n\u00e9raliste<\/strong><\/a>, aussi bien en milieu rural que p\u00e9riurbain.<\/p>\n<p data-start=\"488\" data-end=\"667\" style=\"text-align: justify;\">Il est la cons\u00e9quence de plusieurs \u00e9volutions profondes qui touchent la m\u00e9decine, la d\u00e9mographie, l&rsquo;organisation des soins et les attentes des nouvelles g\u00e9n\u00e9rations de praticiens.<\/p>\n<p data-start=\"669\" data-end=\"882\" style=\"text-align: justify;\">Pendant de nombreuses ann\u00e9es, les communes confront\u00e9es \u00e0 une p\u00e9nurie de m\u00e9decins ont souvent pens\u00e9 qu&rsquo;il suffisait de proposer un cabinet m\u00e9dical ou une aide financi\u00e8re pour convaincre un praticien de s&rsquo;installer.<\/p>\n<p data-start=\"884\" data-end=\"931\" style=\"text-align: justify;\">Aujourd&rsquo;hui, cette approche ne fonctionne plus.<\/p>\n<p data-start=\"933\" data-end=\"1005\" style=\"text-align: justify;\">Le march\u00e9 du recrutement m\u00e9dical est devenu beaucoup plus concurrentiel.<\/p>\n<p data-start=\"1007\" data-end=\"1213\" style=\"text-align: justify;\">Les m\u00e9decins disposent g\u00e9n\u00e9ralement de plusieurs opportunit\u00e9s professionnelles et choisissent d\u00e9sormais leur lieu d&rsquo;exercice en fonction d&rsquo;un ensemble de crit\u00e8res bien plus larges que la seule r\u00e9mun\u00e9ration.<\/p>\n<p data-start=\"1215\" data-end=\"1298\" style=\"text-align: justify;\">Comprendre ces \u00e9volutions est indispensable pour construire une strat\u00e9gie efficace.<\/p>\n<p data-start=\"1215\" data-end=\"1298\" style=\"text-align: justify;\">\n<blockquote>\n<p data-start=\"1215\" data-end=\"1298\" style=\"text-align: justify;\"><em>Dans certains territoires, faire appel \u00e0 un <a href=\"https:\/\/brm-conseil.fr\/fr\/cabinet-de-recrutement-medecin\/\"><strong data-start=\"1062\" data-end=\"1107\">cabinet sp\u00e9cialis\u00e9 en recrutement m\u00e9dical<\/strong><\/a> permet d&rsquo;identifier des praticiens qui ne r\u00e9pondent jamais aux annonces publiques.<\/em><\/p>\n<\/blockquote>\n<p data-start=\"1215\" data-end=\"1298\" style=\"text-align: justify;\">\n<p data-start=\"1215\" data-end=\"1298\" style=\"text-align: justify;\">\n<h1 data-section-id=\"1azlzfg\" data-start=\"1305\" data-end=\"1358\" style=\"text-align: justify;\"><span style=\"color: #0c71c3;\"><strong>Le vieillissement des m\u00e9decins g\u00e9n\u00e9ralistes<\/strong><\/span><\/h1>\n<p data-start=\"1360\" data-end=\"1396\" style=\"text-align: justify;\">La premi\u00e8re cause est d\u00e9mographique.<\/p>\n<p data-start=\"1398\" data-end=\"1493\" style=\"text-align: justify;\">Une part importante des m\u00e9decins g\u00e9n\u00e9ralistes actuellement en exercice approche de la retraite.<\/p>\n<p data-start=\"1495\" data-end=\"1625\" style=\"text-align: justify;\">Dans de nombreuses communes rurales, un seul m\u00e9decin assure depuis plusieurs d\u00e9cennies le suivi de plusieurs milliers de patients.<\/p>\n<p data-start=\"1627\" data-end=\"1727\" style=\"text-align: justify;\">Lorsque ce praticien cesse son activit\u00e9, il devient souvent tr\u00e8s difficile de trouver un successeur.<\/p>\n<p data-start=\"1729\" data-end=\"1828\" style=\"text-align: justify;\">Le probl\u00e8me est encore plus marqu\u00e9 lorsque plusieurs m\u00e9decins partent \u00e0 la retraite au m\u00eame moment.<\/p>\n<p data-start=\"1830\" data-end=\"1922\" style=\"text-align: justify;\">Certaines collectivit\u00e9s perdent ainsi en quelques ann\u00e9es la majorit\u00e9 de leur offre de soins.<\/p>\n<p data-start=\"1924\" data-end=\"1985\" style=\"text-align: justify;\">Le recrutement ne consiste alors plus \u00e0 remplacer un m\u00e9decin.<\/p>\n<p data-start=\"1987\" data-end=\"2041\" style=\"text-align: justify;\">Il faut parfois reconstituer toute une offre m\u00e9dicale.<\/p>\n<h2 data-section-id=\"qwjqs0\" data-start=\"2048\" data-end=\"2104\" style=\"text-align: justify;\"><span style=\"color: #0c71c3;\"><strong>Les communes qui anticipent recrutent plus facilement<\/strong><\/span><\/h2>\n<p data-start=\"2106\" data-end=\"2194\" style=\"text-align: justify;\">L&rsquo;une des erreurs les plus fr\u00e9quentes consiste \u00e0 attendre le d\u00e9part effectif du m\u00e9decin.<\/p>\n<p data-start=\"2196\" data-end=\"2245\" style=\"text-align: justify;\">\u00c0 ce stade, les patients sont d\u00e9j\u00e0 sans solution.<\/p>\n<p data-start=\"2247\" data-end=\"2289\" style=\"text-align: justify;\">Les \u00e9lus sont soumis \u00e0 une forte pression.<\/p>\n<p data-start=\"2291\" data-end=\"2372\" style=\"text-align: justify;\">Le territoire appara\u00eet comme un secteur \u00ab\u00a0\u00e0 sauver\u00a0\u00bb plut\u00f4t qu&rsquo;un projet attractif.<\/p>\n<p data-start=\"2374\" data-end=\"2501\" style=\"text-align: justify;\">Les communes qui r\u00e9ussissent commencent g\u00e9n\u00e9ralement leur r\u00e9flexion <strong data-start=\"2442\" data-end=\"2467\">deux \u00e0 cinq ans avant<\/strong> le d\u00e9part annonc\u00e9 d&rsquo;un praticien.<\/p>\n<p data-start=\"2503\" data-end=\"2530\" style=\"text-align: justify;\">Cette anticipation permet :<\/p>\n<ul data-start=\"2532\" data-end=\"2705\">\n<li data-section-id=\"1w0fod1\" data-start=\"2532\" data-end=\"2567\" style=\"text-align: justify;\">d&rsquo;identifier les futurs besoins ;<\/li>\n<li data-section-id=\"vpipc4\" data-start=\"2568\" data-end=\"2603\" style=\"text-align: justify;\">de construire un projet m\u00e9dical ;<\/li>\n<li data-section-id=\"192k61j\" data-start=\"2604\" data-end=\"2644\" style=\"text-align: justify;\">d&rsquo;am\u00e9liorer les conditions d&rsquo;accueil ;<\/li>\n<li data-section-id=\"x2w9fw\" data-start=\"2645\" data-end=\"2705\" style=\"text-align: justify;\">d&rsquo;organiser une transmission progressive de la patient\u00e8le.<\/li>\n<\/ul>\n<p>[\/et_pb_text][\/et_pb_column][\/et_pb_row][et_pb_row _builder_version=\u00a0\u00bb4.27.7&Prime; _module_preset=\u00a0\u00bbdefault\u00a0\u00bb global_colors_info=\u00a0\u00bb{}\u00a0\u00bb][et_pb_column type=\u00a0\u00bb4_4&Prime; _builder_version=\u00a0\u00bb4.27.7&Prime; _module_preset=\u00a0\u00bbdefault\u00a0\u00bb global_colors_info=\u00a0\u00bb{}\u00a0\u00bb][et_pb_button button_url=\u00a0\u00bbhttps:\/\/brm-conseil.fr\/fr\/espace-recruteurs-brm-conseil\/\u00a0\u00bb button_text=\u00a0\u00bbEchanger avec un Consultant\u00a0\u00bb button_alignment=\u00a0\u00bbcenter\u00a0\u00bb _builder_version=\u00a0\u00bb4.27.7&Prime; _module_preset=\u00a0\u00bbdefault\u00a0\u00bb custom_button=\u00a0\u00bbon\u00a0\u00bb button_text_size=\u00a0\u00bb25px\u00a0\u00bb button_text_color=\u00a0\u00bb#0C71C3&Prime; button_border_width=\u00a0\u00bb7px\u00a0\u00bb button_border_color=\u00a0\u00bb#0C71C3&Prime; button_border_radius=\u00a0\u00bb82px\u00a0\u00bb button_letter_spacing=\u00a0\u00bb0px\u00a0\u00bb button_font=\u00a0\u00bb|600|||||||\u00a0\u00bb global_colors_info=\u00a0\u00bb{}\u00a0\u00bb][\/et_pb_button][\/et_pb_column][\/et_pb_row][et_pb_row _builder_version=\u00a0\u00bb4.27.7&Prime; _module_preset=\u00a0\u00bbdefault\u00a0\u00bb global_colors_info=\u00a0\u00bb{}\u00a0\u00bb][et_pb_column type=\u00a0\u00bb4_4&Prime; _builder_version=\u00a0\u00bb4.27.7&Prime; _module_preset=\u00a0\u00bbdefault\u00a0\u00bb global_colors_info=\u00a0\u00bb{}\u00a0\u00bb][et_pb_text _builder_version=\u00a0\u00bb4.27.7&Prime; _module_preset=\u00a0\u00bbdefault\u00a0\u00bb global_colors_info=\u00a0\u00bb{}\u00a0\u00bb]<\/p>\n<h1 data-section-id=\"1rokpyn\" data-start=\"2981\" data-end=\"3047\" class=\"PDq2pG_selectionAnchorContainer\" style=\"text-align: left;\"><span style=\"color: #0c71c3;\"><strong>Les attentes des jeunes m\u00e9decins ont profond\u00e9ment chang\u00e9<\/strong><\/span><span aria-hidden=\"true\" class=\"PDq2pG_selectionAnchor\"><\/span><\/h1>\n<p data-start=\"3049\" data-end=\"3100\" style=\"text-align: justify;\">Le m\u00e9tier de m\u00e9decin g\u00e9n\u00e9raliste a beaucoup \u00e9volu\u00e9.<\/p>\n<p data-start=\"3102\" data-end=\"3174\" style=\"text-align: justify;\">Les nouvelles g\u00e9n\u00e9rations n&rsquo;ont plus les m\u00eames attentes que leurs a\u00een\u00e9s.<\/p>\n<p data-start=\"3176\" data-end=\"3273\" style=\"text-align: justify;\">Autrefois, de nombreux praticiens envisageaient naturellement de reprendre un cabinet individuel.<\/p>\n<p data-start=\"3275\" data-end=\"3311\" style=\"text-align: justify;\">Aujourd&rsquo;hui, ce mod\u00e8le attire moins.<\/p>\n<p data-start=\"3313\" data-end=\"3356\" style=\"text-align: justify;\">Les jeunes m\u00e9decins recherchent davantage :<\/p>\n<ul data-start=\"3358\" data-end=\"3639\" style=\"text-align: justify;\">\n<li data-section-id=\"1kazixg\" data-start=\"3358\" data-end=\"3383\">un exercice en \u00e9quipe ;<\/li>\n<li data-section-id=\"j1jkrd\" data-start=\"3384\" data-end=\"3438\">des \u00e9changes avec d&rsquo;autres professionnels de sant\u00e9 ;<\/li>\n<li data-section-id=\"50ewwd\" data-start=\"3439\" data-end=\"3471\">une meilleure qualit\u00e9 de vie ;<\/li>\n<li data-section-id=\"jk45za\" data-start=\"3472\" data-end=\"3503\">des horaires plus ma\u00eetris\u00e9s ;<\/li>\n<li data-section-id=\"1jetxtj\" data-start=\"3504\" data-end=\"3533\">un secr\u00e9tariat performant ;<\/li>\n<li data-section-id=\"6aey50\" data-start=\"3534\" data-end=\"3569\">des outils num\u00e9riques efficaces ;<\/li>\n<li data-section-id=\"1aq6rhk\" data-start=\"3570\" data-end=\"3595\">un partage des gardes ;<\/li>\n<li data-section-id=\"1sm1eeb\" data-start=\"3596\" data-end=\"3639\">un environnement professionnel stimulant.<\/li>\n<\/ul>\n<p data-start=\"3641\" data-end=\"3734\" style=\"text-align: justify;\">Ils souhaitent consacrer davantage de temps aux patients et moins aux t\u00e2ches administratives.<\/p>\n<p data-start=\"3736\" data-end=\"3878\" style=\"text-align: justify;\">Une commune qui propose uniquement un cabinet vide sans organisation m\u00e9dicale aura donc beaucoup plus de difficult\u00e9s \u00e0 convaincre un candidat.<\/p>\n<h2 data-section-id=\"1wem5x8\" data-start=\"3885\" data-end=\"3930\" style=\"text-align: left;\"><span style=\"color: #0c71c3;\"><strong>Ce que recherchent r\u00e9ellement les m\u00e9decins<\/strong><\/span><\/h2>\n<p data-start=\"3932\" data-end=\"4005\" style=\"text-align: justify;\">Lorsqu&rsquo;ils \u00e9tudient un projet, les praticiens s&rsquo;int\u00e9ressent notamment \u00e0 :<\/p>\n<ul data-start=\"4007\" data-end=\"4324\" style=\"text-align: justify;\">\n<li data-section-id=\"1dabla6\" data-start=\"4007\" data-end=\"4040\">la pr\u00e9sence d&rsquo;autres m\u00e9decins ;<\/li>\n<li data-section-id=\"1gv4g1v\" data-start=\"4041\" data-end=\"4068\">les infirmiers lib\u00e9raux ;<\/li>\n<li data-section-id=\"1dtqlqq\" data-start=\"4069\" data-end=\"4094\">les kin\u00e9sith\u00e9rapeutes ;<\/li>\n<li data-section-id=\"1t2nid8\" data-start=\"4095\" data-end=\"4114\">les pharmaciens ;<\/li>\n<li data-section-id=\"1dpks4p\" data-start=\"4115\" data-end=\"4147\">les sp\u00e9cialistes accessibles ;<\/li>\n<li data-section-id=\"1qkfn68\" data-start=\"4148\" data-end=\"4177\">les h\u00f4pitaux de proximit\u00e9 ;<\/li>\n<li data-section-id=\"8z7hf1\" data-start=\"4178\" data-end=\"4202\">les maisons de sant\u00e9 ;<\/li>\n<li data-section-id=\"58i8e5\" data-start=\"4203\" data-end=\"4215\">les CPTS ;<\/li>\n<li data-section-id=\"329vs7\" data-start=\"4216\" data-end=\"4245\">la qualit\u00e9 du secr\u00e9tariat ;<\/li>\n<li data-section-id=\"3cjfx4\" data-start=\"4246\" data-end=\"4282\">l&rsquo;organisation des remplacements ;<\/li>\n<li data-section-id=\"tfpwtd\" data-start=\"4283\" data-end=\"4324\">les possibilit\u00e9s de formation continue.<\/li>\n<\/ul>\n<p data-start=\"4326\" data-end=\"4390\" style=\"text-align: justify;\">Autrement dit, ils \u00e9valuent un v\u00e9ritable <strong data-start=\"4367\" data-end=\"4389\">\u00e9cosyst\u00e8me m\u00e9dical<\/strong>.<\/p>\n<h1 data-section-id=\"1ak0fi1\" data-start=\"4397\" data-end=\"4468\" style=\"text-align: left;\"><span style=\"color: #0c71c3;\"><strong>Les m\u00e9decins peuvent aujourd&rsquo;hui choisir leur mode d&rsquo;exercice<\/strong><\/span><\/h1>\n<p data-start=\"4470\" data-end=\"4560\" style=\"text-align: justify;\">Il y a encore vingt ans, l&rsquo;<a href=\"https:\/\/brm-conseil.fr\/fr\/installation-medecin-en-zone-rurale\/\">installation lib\u00e9rale<\/a> constituait le parcours le plus fr\u00e9quent.<\/p>\n<p data-start=\"4562\" data-end=\"4622\" style=\"text-align: justify;\">Aujourd&rsquo;hui, les possibilit\u00e9s sont beaucoup plus nombreuses.<\/p>\n<p data-start=\"4624\" data-end=\"4649\" style=\"text-align: justify;\">Un m\u00e9decin peut exercer :<\/p>\n<ul data-start=\"4651\" data-end=\"4883\" style=\"text-align: justify;\">\n<li data-section-id=\"1w3pti7\" data-start=\"4651\" data-end=\"4673\">en cabinet lib\u00e9ral ;<\/li>\n<li data-section-id=\"127gwe0\" data-start=\"4674\" data-end=\"4723\">dans une maison de sant\u00e9 pluriprofessionnelle ;<\/li>\n<li data-section-id=\"gm329i\" data-start=\"4724\" data-end=\"4759\">dans un centre de sant\u00e9 salari\u00e9 ;<\/li>\n<li data-section-id=\"2icmec\" data-start=\"4760\" data-end=\"4775\">\u00e0 l&rsquo;h\u00f4pital ;<\/li>\n<li data-section-id=\"1f598y1\" data-start=\"4776\" data-end=\"4798\">en clinique priv\u00e9e ;<\/li>\n<li data-section-id=\"1l3uxpv\" data-start=\"4799\" data-end=\"4820\">en exercice mixte ;<\/li>\n<li data-section-id=\"1xec1ui\" data-start=\"4821\" data-end=\"4860\">dans des structures m\u00e9dico-sociales ;<\/li>\n<li data-section-id=\"1sawces\" data-start=\"4861\" data-end=\"4883\">en t\u00e9l\u00e9consultation.<\/li>\n<\/ul>\n<p data-start=\"4885\" data-end=\"4968\" style=\"text-align: justify;\">Cette diversification accro\u00eet la concurrence entre employeurs et entre territoires.<\/p>\n<p data-start=\"4970\" data-end=\"5091\" style=\"text-align: justify;\">Une commune doit d\u00e9sormais convaincre un m\u00e9decin non seulement de choisir son territoire, mais aussi son mode d&rsquo;exercice.<\/p>\n<p data-start=\"4970\" data-end=\"5091\" style=\"text-align: justify;\">\n<h1 data-section-id=\"1pepn97\" data-start=\"5098\" data-end=\"5145\" style=\"text-align: justify;\"><span style=\"color: #0c71c3;\"><strong>Les nouvelles attentes des m\u00e9decins<\/strong><\/span><\/h1>\n<div class=\"TyagGW_tableContainer\">\n<div class=\"group TyagGW_tableWrapper flex flex-col-reverse w-fit\" tabindex=\"-1\">\n<table data-start=\"5147\" data-end=\"5511\" class=\"w-fit min-w-(--thread-content-width)\">\n<thead data-start=\"5147\" data-end=\"5169\">\n<tr data-start=\"5147\" data-end=\"5169\">\n<th data-start=\"5147\" data-end=\"5154\" data-col-size=\"sm\" class=\"last:pe-10\">Hier<\/th>\n<th data-start=\"5154\" data-end=\"5169\" data-col-size=\"sm\" class=\"last:pe-10\">Aujourd&rsquo;hui<\/th>\n<\/tr>\n<\/thead>\n<tbody data-start=\"5193\" data-end=\"5511\">\n<tr data-start=\"5193\" data-end=\"5235\" style=\"text-align: justify;\">\n<td data-start=\"5193\" data-end=\"5214\" data-col-size=\"sm\">Cabinet individuel<\/td>\n<td data-col-size=\"sm\" data-start=\"5214\" data-end=\"5235\">Travail en \u00e9quipe<\/td>\n<\/tr>\n<tr data-start=\"5236\" data-end=\"5275\" style=\"text-align: justify;\">\n<td data-start=\"5236\" data-end=\"5253\" data-col-size=\"sm\">Exercice isol\u00e9<\/td>\n<td data-start=\"5253\" data-end=\"5275\" data-col-size=\"sm\">Exercice coordonn\u00e9<\/td>\n<\/tr>\n<tr data-start=\"5276\" data-end=\"5329\" style=\"text-align: justify;\">\n<td data-start=\"5276\" data-end=\"5300\" data-col-size=\"sm\">Horaires tr\u00e8s \u00e9tendus<\/td>\n<td data-col-size=\"sm\" data-start=\"5300\" data-end=\"5329\">Meilleur \u00e9quilibre de vie<\/td>\n<\/tr>\n<tr data-start=\"5330\" data-end=\"5396\" style=\"text-align: justify;\">\n<td data-start=\"5330\" data-end=\"5367\" data-col-size=\"sm\">Gestion administrative personnelle<\/td>\n<td data-col-size=\"sm\" data-start=\"5367\" data-end=\"5396\">Secr\u00e9tariat et assistance<\/td>\n<\/tr>\n<tr data-start=\"5397\" data-end=\"5454\" style=\"text-align: justify;\">\n<td data-start=\"5397\" data-end=\"5423\" data-col-size=\"sm\">Peu d&rsquo;outils num\u00e9riques<\/td>\n<td data-col-size=\"sm\" data-start=\"5423\" data-end=\"5454\">Outils digitaux performants<\/td>\n<\/tr>\n<tr data-start=\"5455\" data-end=\"5511\">\n<td data-start=\"5455\" data-end=\"5476\" data-col-size=\"sm\" style=\"text-align: justify;\">Installation \u00e0 vie<\/td>\n<td data-start=\"5476\" data-end=\"5511\" data-col-size=\"sm\" style=\"text-align: justify;\">Parcours professionnel \u00e9volutif<\/td>\n<\/tr>\n<\/tbody>\n<\/table>\n<\/div>\n<\/div>\n<p>[\/et_pb_text][et_pb_cta title=\u00a0\u00bbChiffres cl\u00e9s\u00a0\u00bb button_text=\u00a0\u00bbClics\u00a0\u00bb _builder_version=\u00a0\u00bb4.27.7&Prime; _module_preset=\u00a0\u00bbdefault\u00a0\u00bb header_font=\u00a0\u00bb|700|||||||\u00a0\u00bb header_font_size=\u00a0\u00bb35px\u00a0\u00bb body_font_size=\u00a0\u00bb19px\u00a0\u00bb width=\u00a0\u00bb100%\u00a0\u00bb min_height=\u00a0\u00bb100px\u00a0\u00bb max_height=\u00a0\u00bb1000px\u00a0\u00bb filter_hue_rotate=\u00a0\u00bb23deg\u00a0\u00bb filter_saturate=\u00a0\u00bb113%\u00a0\u00bb filter_contrast=\u00a0\u00bb111%\u00a0\u00bb box_shadow_style=\u00a0\u00bbpreset6&Prime; box_shadow_horizontal=\u00a0\u00bb23px\u00a0\u00bb box_shadow_spread=\u00a0\u00bb19px\u00a0\u00bb global_colors_info=\u00a0\u00bb{}\u00a0\u00bb]<\/p>\n<h2 data-section-id=\"dif5fa\" data-start=\"871\" data-end=\"887\" class=\"PDq2pG_selectionAnchorContainer\"><\/h2>\n<p data-start=\"889\" data-end=\"932\">\u00c0 int\u00e9grer dans un encadr\u00e9 avec des ic\u00f4nes.<\/p>\n<ul data-start=\"934\" data-end=\"1372\">\n<li data-section-id=\"5f3jny\" data-start=\"934\" data-end=\"1092\"><strong data-start=\"936\" data-end=\"944\">11 %<\/strong> de la population fran\u00e7aise r\u00e9sidait en 2023 dans une zone o\u00f9 l&rsquo;acc\u00e8s \u00e0 un m\u00e9decin g\u00e9n\u00e9raliste est inf\u00e9rieur \u00e0 la moyenne nationale, selon la DREES.<\/li>\n<li data-section-id=\"15th47p\" data-start=\"1093\" data-end=\"1250\">Pr\u00e8s d&rsquo;un m\u00e9decin g\u00e9n\u00e9raliste sur trois est \u00e2g\u00e9 de <strong data-start=\"1146\" data-end=\"1164\">60 ans ou plus<\/strong>, ce qui laisse pr\u00e9sager de nombreux d\u00e9parts \u00e0 la retraite dans les prochaines ann\u00e9es.<\/li>\n<li data-section-id=\"1e3m8js\" data-start=\"1251\" data-end=\"1372\">Les disparit\u00e9s territoriales restent importantes entre zones urbaines attractives et territoires ruraux ou p\u00e9riurbains.<\/li>\n<\/ul>\n<p data-start=\"1374\" data-end=\"1452\"><em data-start=\"1374\" data-end=\"1452\">Source : DREES, Atlas de la d\u00e9mographie m\u00e9dicale du CNOM, Assurance Maladie.<\/em><\/p>\n<p>[\/et_pb_cta][et_pb_cta title=\u00a0\u00bbVotre m\u00e9decin approche de la retraite ?\u00a0\u00bb button_text=\u00a0\u00bbClics\u00a0\u00bb _builder_version=\u00a0\u00bb4.27.7&Prime; _module_preset=\u00a0\u00bbdefault\u00a0\u00bb header_font=\u00a0\u00bb|700|||||||\u00a0\u00bb header_font_size=\u00a0\u00bb33px\u00a0\u00bb global_colors_info=\u00a0\u00bb{}\u00a0\u00bb]<\/p>\n<h3 data-section-id=\"183s4l9\" data-start=\"5526\" data-end=\"5609\" class=\"PDq2pG_selectionAnchorContainer\">Votre projet correspond-il r\u00e9ellement aux attentes des m\u00e9decins d&rsquo;aujourd&rsquo;hui ?<span aria-hidden=\"true\" class=\"PDq2pG_selectionAnchor\"><\/span><\/h3>\n<p data-start=\"5611\" data-end=\"5697\">Ce qui attirait un m\u00e9decin il y a quinze ans ne fonctionne plus forc\u00e9ment aujourd&rsquo;hui.<\/p>\n<p data-start=\"5699\" data-end=\"5805\">Nous pouvons analyser votre projet et identifier les points \u00e0 renforcer avant de lancer votre recrutement.<\/p>\n<p data-start=\"5807\" data-end=\"5864\"><strong data-start=\"5807\" data-end=\"5864\">\ud83d\udc49 Demandez un audit d&rsquo;attractivit\u00e9 de votre commune.<\/strong><\/p>\n<p>[\/et_pb_cta][et_pb_button button_url=\u00a0\u00bbhttps:\/\/brm-conseil.fr\/fr\/espace-recruteurs-brm-conseil\/\u00a0\u00bb button_text=\u00a0\u00bbDemander ICI\u00a0\u00bb button_alignment=\u00a0\u00bbcenter\u00a0\u00bb _builder_version=\u00a0\u00bb4.27.7&Prime; _module_preset=\u00a0\u00bbdefault\u00a0\u00bb custom_button=\u00a0\u00bbon\u00a0\u00bb button_text_size=\u00a0\u00bb25px\u00a0\u00bb button_text_color=\u00a0\u00bb#0C71C3&Prime; button_border_width=\u00a0\u00bb7px\u00a0\u00bb button_border_color=\u00a0\u00bb#0C71C3&Prime; button_border_radius=\u00a0\u00bb82px\u00a0\u00bb button_letter_spacing=\u00a0\u00bb0px\u00a0\u00bb button_font=\u00a0\u00bb|600|||||||\u00a0\u00bb global_colors_info=\u00a0\u00bb{}\u00a0\u00bb][\/et_pb_button][\/et_pb_column][\/et_pb_row][et_pb_row _builder_version=\u00a0\u00bb4.27.7&Prime; _module_preset=\u00a0\u00bbdefault\u00a0\u00bb global_colors_info=\u00a0\u00bb{}\u00a0\u00bb][et_pb_column type=\u00a0\u00bb4_4&Prime; _builder_version=\u00a0\u00bb4.27.7&Prime; _module_preset=\u00a0\u00bbdefault\u00a0\u00bb global_colors_info=\u00a0\u00bb{}\u00a0\u00bb][et_pb_text _builder_version=\u00a0\u00bb4.27.7&Prime; _module_preset=\u00a0\u00bbdefault\u00a0\u00bb hover_enabled=\u00a0\u00bb0&Prime; global_colors_info=\u00a0\u00bb{}\u00a0\u00bb sticky_enabled=\u00a0\u00bb0&Prime;]<\/p>\n<h1 data-section-id=\"1sffoh2\" data-start=\"5871\" data-end=\"5926\" class=\"PDq2pG_selectionAnchorContainer\" style=\"text-align: justify;\"><span style=\"color: #0c71c3;\"><strong>Les territoires sont d\u00e9sormais en concurrence<\/strong><\/span><span aria-hidden=\"true\" class=\"PDq2pG_selectionAnchor\"><\/span><\/h1>\n<p data-start=\"5928\" data-end=\"6003\" style=\"text-align: justify;\">Chaque ann\u00e9e, des centaines de <a href=\"https:\/\/brm-conseil.fr\/fr\/2021\/08\/19\/comment-attirer-un-medecin-generaliste-dans-sa-commune\/\">communes recherchent un m\u00e9decin g\u00e9n\u00e9raliste<\/a>.<\/p>\n<p data-start=\"6005\" data-end=\"6025\" style=\"text-align: justify;\">Dans le m\u00eame temps :<\/p>\n<ul data-start=\"6027\" data-end=\"6150\" style=\"text-align: justify;\">\n<li data-section-id=\"1l6hclo\" data-start=\"6027\" data-end=\"6053\">les h\u00f4pitaux recrutent ;<\/li>\n<li data-section-id=\"5yefd5\" data-start=\"6054\" data-end=\"6088\">les centres de sant\u00e9 recrutent ;<\/li>\n<li data-section-id=\"2qonr6\" data-start=\"6089\" data-end=\"6116\">les cliniques recrutent ;<\/li>\n<li data-section-id=\"w2l0bk\" data-start=\"6117\" data-end=\"6150\">les maisons de sant\u00e9 recrutent.<\/li>\n<\/ul>\n<p data-start=\"6152\" data-end=\"6210\" style=\"text-align: justify;\">Le m\u00e9decin dispose donc souvent de plusieurs propositions.<\/p>\n<p data-start=\"6212\" data-end=\"6338\" style=\"text-align: justify;\">\u00c0 comp\u00e9tences \u00e9gales, il choisira naturellement le projet qui r\u00e9pond le mieux \u00e0 ses attentes professionnelles et personnelles.<\/p>\n<p data-start=\"6340\" data-end=\"6432\" style=\"text-align: justify;\">Cette r\u00e9alit\u00e9 impose aux collectivit\u00e9s de construire une v\u00e9ritable strat\u00e9gie d&rsquo;attractivit\u00e9.<\/p>\n<p data-start=\"6434\" data-end=\"6524\" style=\"text-align: justify;\">Le recrutement m\u00e9dical est devenu comparable au recrutement de cadres hautement qualifi\u00e9s.<\/p>\n<h1 data-section-id=\"19sshpk\" data-start=\"6531\" data-end=\"6580\" style=\"text-align: justify;\"><span style=\"color: #0c71c3;\"><strong>Les aides financi\u00e8res ne suffisent plus<\/strong><\/span><\/h1>\n<p data-start=\"6582\" data-end=\"6705\" style=\"text-align: justify;\">Beaucoup de collectivit\u00e9s pensent encore que des aides financi\u00e8res importantes permettront d&rsquo;attirer facilement un m\u00e9decin.<\/p>\n<p data-start=\"6707\" data-end=\"6766\" style=\"text-align: justify;\">Ces aides peuvent effectivement faciliter une <a href=\"https:\/\/brm-conseil.fr\/fr\/installation-medecin-en-zone-rurale\/\">installation m\u00e9decin en zone rurale<\/a>.<\/p>\n<p data-start=\"6768\" data-end=\"6798\" style=\"text-align: justify;\">Elles sont souvent appr\u00e9ci\u00e9es.<\/p>\n<p data-start=\"6800\" data-end=\"6875\" style=\"text-align: justify;\">Mais elles ne compensent jamais un projet m\u00e9dical insuffisamment structur\u00e9.<\/p>\n<p data-start=\"6877\" data-end=\"6942\" style=\"text-align: justify;\">Un m\u00e9decin acceptera rarement un poste uniquement pour une prime.<\/p>\n<p data-start=\"6944\" data-end=\"6978\" style=\"text-align: justify;\">Il privil\u00e9giera presque toujours :<\/p>\n<ul data-start=\"6980\" data-end=\"7170\" style=\"text-align: justify;\">\n<li data-section-id=\"i83son\" data-start=\"6980\" data-end=\"7009\">une organisation efficace ;<\/li>\n<li data-section-id=\"9lzmxn\" data-start=\"7010\" data-end=\"7042\">une patient\u00e8le bien pr\u00e9par\u00e9e ;<\/li>\n<li data-section-id=\"100ziyz\" data-start=\"7043\" data-end=\"7088\">un environnement professionnel de qualit\u00e9 ;<\/li>\n<li data-section-id=\"10vr2pp\" data-start=\"7089\" data-end=\"7125\">un \u00e9quilibre de vie satisfaisant ;<\/li>\n<li data-section-id=\"6igxv3\" data-start=\"7126\" data-end=\"7170\">un territoire accueillant pour sa famille.<\/li>\n<\/ul>\n<p data-start=\"7172\" data-end=\"7285\" style=\"text-align: justify;\">Les aides financi\u00e8res doivent \u00eatre consid\u00e9r\u00e9es comme un levier compl\u00e9mentaire, jamais comme l&rsquo;argument principal.<\/p>\n<h1 data-section-id=\"19v1kmg\" data-start=\"7292\" data-end=\"7355\" style=\"text-align: justify;\"><span style=\"color: #0c71c3;\"><strong>Les communes qui r\u00e9ussissent ont une approche globale<\/strong><\/span><\/h1>\n<p data-start=\"7357\" data-end=\"7428\" style=\"text-align: justify;\">Les territoires qui recrutent durablement ont plusieurs points communs.<\/p>\n<p data-start=\"7430\" data-end=\"7471\" style=\"text-align: justify;\">Ils ne vendent pas simplement un cabinet.<\/p>\n<p data-start=\"7473\" data-end=\"7523\" style=\"text-align: justify;\">Ils pr\u00e9sentent un v\u00e9ritable projet d&rsquo;installation.<\/p>\n<p data-start=\"7525\" data-end=\"7552\" style=\"text-align: justify;\">Ils anticipent les besoins.<\/p>\n<p data-start=\"7554\" data-end=\"7604\" style=\"text-align: justify;\">Ils impliquent les professionnels de sant\u00e9 locaux.<\/p>\n<p data-start=\"7606\" data-end=\"7635\" style=\"text-align: justify;\">Ils accompagnent le conjoint.<\/p>\n<p data-start=\"7637\" data-end=\"7677\" style=\"text-align: justify;\">Ils facilitent la recherche de logement.<\/p>\n<p data-start=\"7679\" data-end=\"7733\" style=\"text-align: justify;\">Ils communiquent efficacement sur leur qualit\u00e9 de vie.<\/p>\n<p data-start=\"7735\" data-end=\"7786\" style=\"text-align: justify;\">Ils assurent un suivi du m\u00e9decin apr\u00e8s son arriv\u00e9e.<\/p>\n<p data-start=\"7788\" data-end=\"7877\" style=\"text-align: justify;\">Cette approche globale cr\u00e9e un climat de confiance qui favorise une installation durable.<\/p>\n<p>[\/et_pb_text][et_pb_cta title=\u00a0\u00bbLes 6 causes majeures des d\u00e9serts m\u00e9dicaux\u00a0\u00bb button_text=\u00a0\u00bbClics\u00a0\u00bb _builder_version=\u00a0\u00bb4.27.7&Prime; _module_preset=\u00a0\u00bbdefault\u00a0\u00bb header_font=\u00a0\u00bb|700|||||||\u00a0\u00bb header_font_size=\u00a0\u00bb35px\u00a0\u00bb body_font_size=\u00a0\u00bb19px\u00a0\u00bb width=\u00a0\u00bb100%\u00a0\u00bb min_height=\u00a0\u00bb100px\u00a0\u00bb max_height=\u00a0\u00bb1000px\u00a0\u00bb filter_hue_rotate=\u00a0\u00bb23deg\u00a0\u00bb filter_saturate=\u00a0\u00bb113%\u00a0\u00bb filter_contrast=\u00a0\u00bb111%\u00a0\u00bb box_shadow_style=\u00a0\u00bbpreset6&Prime; box_shadow_horizontal=\u00a0\u00bb23px\u00a0\u00bb box_shadow_spread=\u00a0\u00bb19px\u00a0\u00bb global_colors_info=\u00a0\u00bb{}\u00a0\u00bb]<\/p>\n<h1 data-section-id=\"7x8z6a\" data-start=\"7884\" data-end=\"7938\" class=\"PDq2pG_selectionAnchorContainer\"><\/h1>\n<p data-start=\"7940\" data-end=\"7982\">\u2714 Vieillissement des m\u00e9decins en exercice.<\/p>\n<p data-start=\"7984\" data-end=\"8033\">\u2714 D\u00e9parts \u00e0 la retraite insuffisamment anticip\u00e9s.<\/p>\n<p data-start=\"8035\" data-end=\"8082\">\u2714 \u00c9volution des attentes des jeunes praticiens.<\/p>\n<p data-start=\"8084\" data-end=\"8130\">\u2714 Concurrence entre territoires et employeurs.<\/p>\n<p data-start=\"8132\" data-end=\"8174\">\u2714 Organisation m\u00e9dicale parfois inadapt\u00e9e.<\/p>\n<p data-start=\"8176\" data-end=\"8231\">\u2714 Manque de strat\u00e9gie d&rsquo;attractivit\u00e9 des collectivit\u00e9s.<\/p>\n<p>[\/et_pb_cta][et_pb_cta title=\u00a0\u00bbLes communes qui recrutent le mieux ne sont pas toujours les plus grandes.\u00a0\u00bb button_text=\u00a0\u00bbClics\u00a0\u00bb _builder_version=\u00a0\u00bb4.27.7&Prime; _module_preset=\u00a0\u00bbdefault\u00a0\u00bb header_font=\u00a0\u00bb|700|||||||\u00a0\u00bb header_font_size=\u00a0\u00bb33px\u00a0\u00bb global_colors_info=\u00a0\u00bb{}\u00a0\u00bb]<\/p>\n<p data-start=\"8332\" data-end=\"8460\">Ce sont souvent celles qui ont pr\u00e9par\u00e9 leur projet en amont, compris les attentes des m\u00e9decins et construit une offre coh\u00e9rente.<\/p>\n<p data-start=\"8462\" data-end=\"8540\">Depuis 2012, <strong data-start=\"8475\" data-end=\"8490\">BRM Conseil<\/strong> accompagne les collectivit\u00e9s dans cette d\u00e9marche.<\/p>\n<p data-start=\"8542\" data-end=\"8662\">Nous intervenons avant m\u00eame le lancement du recrutement afin d&rsquo;augmenter les chances d&rsquo;attirer durablement un praticien.<\/p>\n<h3 data-section-id=\"1bcdyy4\" data-start=\"8664\" data-end=\"8791\"><span role=\"text\">\ud83d\udc49 <strong data-start=\"8671\" data-end=\"8791\">Prenez rendez-vous avec un consultant BRM Conseil et construisons ensemble une strat\u00e9gie adapt\u00e9e \u00e0 votre territoire.<\/strong><\/span><\/h3>\n<p>[\/et_pb_cta][et_pb_button button_url=\u00a0\u00bbhttps:\/\/brm-conseil.fr\/fr\/espace-recruteurs-brm-conseil\/\u00a0\u00bb button_text=\u00a0\u00bbPrendre Un Rendez-Vous\u00a0\u00bb button_alignment=\u00a0\u00bbcenter\u00a0\u00bb _builder_version=\u00a0\u00bb4.27.7&Prime; _module_preset=\u00a0\u00bbdefault\u00a0\u00bb custom_button=\u00a0\u00bbon\u00a0\u00bb button_text_size=\u00a0\u00bb25px\u00a0\u00bb button_text_color=\u00a0\u00bb#0C71C3&Prime; button_border_width=\u00a0\u00bb7px\u00a0\u00bb button_border_color=\u00a0\u00bb#0C71C3&Prime; button_border_radius=\u00a0\u00bb82px\u00a0\u00bb button_letter_spacing=\u00a0\u00bb0px\u00a0\u00bb button_font=\u00a0\u00bb|600|||||||\u00a0\u00bb global_colors_info=\u00a0\u00bb{}\u00a0\u00bb][\/et_pb_button][\/et_pb_column][\/et_pb_row][et_pb_row _builder_version=\u00a0\u00bb4.27.7&Prime; _module_preset=\u00a0\u00bbdefault\u00a0\u00bb global_colors_info=\u00a0\u00bb{}\u00a0\u00bb][et_pb_column type=\u00a0\u00bb4_4&Prime; _builder_version=\u00a0\u00bb4.27.7&Prime; _module_preset=\u00a0\u00bbdefault\u00a0\u00bb global_colors_info=\u00a0\u00bb{}\u00a0\u00bb][et_pb_text _builder_version=\u00a0\u00bb4.27.7&Prime; _module_preset=\u00a0\u00bbdefault\u00a0\u00bb global_colors_info=\u00a0\u00bb{}\u00a0\u00bb]<\/p>\n<h1 data-section-id=\"1j55hly\" data-start=\"385\" data-end=\"445\" class=\"PDq2pG_selectionAnchorContainer\"><span style=\"color: #0c71c3;\"><strong>Quelles sont les cons\u00e9quences d&rsquo;un d\u00e9sert m\u00e9dical pour une commune ?<\/strong><\/span><span aria-hidden=\"true\" class=\"PDq2pG_selectionAnchor\"><\/span><\/h1>\n<p data-start=\"323\" data-end=\"591\" class=\"PDq2pG_selectionAnchorContainer\" style=\"text-align: justify;\">Lorsqu&rsquo;une commune perd progressivement son acc\u00e8s aux soins, les cons\u00e9quences d\u00e9passent largement la m\u00e9decine. Elles touchent l&rsquo;ensemble de la vie locale : les habitants, les entreprises, les commerces, les \u00e9coles, le march\u00e9 immobilier et l&rsquo;attractivit\u00e9 du territoire.<span aria-hidden=\"true\" class=\"PDq2pG_selectionAnchor\"><\/span><\/p>\n<p data-start=\"593\" data-end=\"908\" style=\"text-align: justify;\">\u00c0 court terme, les patients rencontrent davantage de difficult\u00e9s pour consulter un m\u00e9decin g\u00e9n\u00e9raliste. \u00c0 moyen terme, certaines familles h\u00e9sitent \u00e0 s&rsquo;installer ou choisissent de quitter la commune. \u00c0 long terme, c&rsquo;est le d\u00e9veloppement \u00e9conomique, d\u00e9mographique et r\u00e9sidentiel du territoire qui peut \u00eatre fragilis\u00e9.<\/p>\n<p data-start=\"910\" data-end=\"1153\" style=\"text-align: justify;\">Le d\u00e9sert m\u00e9dical ne constitue donc pas seulement un enjeu sanitaire. Il influence directement l&rsquo;attractivit\u00e9 d&rsquo;une commune, sa capacit\u00e9 \u00e0 accueillir de nouveaux habitants, \u00e0 maintenir ses services de proximit\u00e9 et \u00e0 soutenir son d\u00e9veloppement.<\/p>\n<p data-start=\"1155\" data-end=\"1321\" style=\"text-align: justify;\">C&rsquo;est pourquoi recruter un m\u00e9decin ne doit plus \u00eatre consid\u00e9r\u00e9 comme une simple op\u00e9ration de recrutement, mais comme un v\u00e9ritable projet de d\u00e9veloppement territorial.<\/p>\n<h1 data-section-id=\"1yz9k4y\" data-start=\"1164\" data-end=\"1226\"><span style=\"color: #0c71c3;\">1. Un acc\u00e8s aux soins plus difficile pour les habitants<\/span><\/h1>\n<p data-start=\"1153\" data-end=\"1491\" class=\"PDq2pG_selectionAnchorContainer\" style=\"text-align: justify;\">La premi\u00e8re cons\u00e9quence d&rsquo;un d\u00e9sert m\u00e9dical est une d\u00e9gradation progressive de l&rsquo;acc\u00e8s aux soins pour l&rsquo;ensemble de la population. Lorsqu&rsquo;un m\u00e9decin g\u00e9n\u00e9raliste cesse son activit\u00e9 sans \u00eatre remplac\u00e9, les habitants doivent souvent rechercher un nouveau praticien dans une commune voisine, parfois situ\u00e9e \u00e0 plusieurs dizaines de kilom\u00e8tres.<span aria-hidden=\"true\" class=\"PDq2pG_selectionAnchor\"><\/span><\/p>\n<p data-start=\"1496\" data-end=\"1830\" style=\"text-align: justify;\">Cette situation entra\u00eene des d\u00e9lais de rendez-vous plus longs, des d\u00e9placements plus fr\u00e9quents et une rupture du suivi m\u00e9dical pour de nombreux patients. Les personnes \u00e2g\u00e9es, les personnes en situation de handicap, les familles avec de jeunes enfants et les patients atteints de maladies chroniques sont g\u00e9n\u00e9ralement les plus expos\u00e9s.<\/p>\n<p data-start=\"1835\" data-end=\"2204\" style=\"text-align: justify;\">Au fil du temps, certains habitants renoncent \u00e0 consulter ou repoussent leurs soins faute de solution accessible. Cette diminution de l&rsquo;acc\u00e8s \u00e0 la m\u00e9decine de proximit\u00e9 peut conduire \u00e0 une prise en charge plus tardive de certaines pathologies, \u00e0 une d\u00e9gradation de l&rsquo;\u00e9tat de sant\u00e9 de la population et \u00e0 une augmentation des in\u00e9galit\u00e9s territoriales en mati\u00e8re de sant\u00e9.<\/p>\n<h2 data-section-id=\"19eoaqw\" data-start=\"2003\" data-end=\"2070\"><span style=\"color: #0c71c3;\">2. De plus en plus d&rsquo;habitants sans m\u00e9decin traitant<\/span><\/h2>\n<p data-start=\"921\" data-end=\"1203\" class=\"PDq2pG_selectionAnchorContainer\" style=\"text-align: justify;\">Le m\u00e9decin traitant occupe une place centrale dans le syst\u00e8me de sant\u00e9 fran\u00e7ais. Il assure le suivi m\u00e9dical de ses patients, coordonne leur parcours de soins, r\u00e9alise les actions de pr\u00e9vention, renouvelle les traitements et oriente vers les sp\u00e9cialistes lorsque cela est n\u00e9cessaire.<span aria-hidden=\"true\" class=\"PDq2pG_selectionAnchor\"><\/span><\/p>\n<p data-start=\"1205\" data-end=\"1546\" style=\"text-align: justify;\">Lorsqu&rsquo;une commune ne dispose plus d&rsquo;un nombre suffisant de m\u00e9decins g\u00e9n\u00e9ralistes, de nombreux habitants restent sans m\u00e9decin traitant. Cette situation complique le suivi des maladies chroniques, retarde certains diagnostics et rend l&rsquo;acc\u00e8s aux soins plus difficile, en particulier pour les personnes \u00e2g\u00e9es et les patients les plus fragiles.<\/p>\n<p data-start=\"1548\" data-end=\"1790\" style=\"text-align: justify;\">Au-del\u00e0 des cons\u00e9quences m\u00e9dicales, cette absence de m\u00e9decin traitant cr\u00e9e un sentiment d&rsquo;ins\u00e9curit\u00e9 chez les habitants. Pour une commune, elle constitue souvent l&rsquo;un des premiers signes visibles d&rsquo;une d\u00e9gradation durable de l&rsquo;offre de soins.<\/p>\n<p>[\/et_pb_text][et_pb_cta title=\u00a0\u00bbVotre commune compte de plus en plus d&rsquo;habitants sans m\u00e9decin traitant ?\u00a0\u00bb button_text=\u00a0\u00bbClics\u00a0\u00bb _builder_version=\u00a0\u00bb4.27.7&Prime; _module_preset=\u00a0\u00bbdefault\u00a0\u00bb header_font=\u00a0\u00bb|700|||||||\u00a0\u00bb header_font_size=\u00a0\u00bb33px\u00a0\u00bb global_colors_info=\u00a0\u00bb{}\u00a0\u00bb]<\/p>\n<p data-start=\"2202\" data-end=\"2408\">Chaque mois qui passe rend le recrutement d&rsquo;un nouveau praticien plus complexe. Plus une commune anticipe, plus elle augmente ses chances d&rsquo;assurer une continuit\u00e9 des soins et de pr\u00e9server son attractivit\u00e9.<\/p>\n<p data-start=\"2661\" data-end=\"2729\">\ud83d\udc49 <strong data-start=\"2413\" data-end=\"2510\">\u00c9changez avec un consultant BRM Conseil pour pr\u00e9parer votre strat\u00e9gie de recrutement m\u00e9dical.<\/strong><\/p>\n<p>[\/et_pb_cta][et_pb_button button_url=\u00a0\u00bbhttps:\/\/brm-conseil.fr\/fr\/espace-recruteurs-brm-conseil\/\u00a0\u00bb button_text=\u00a0\u00bbRecruter un m\u00e9decin\u00a0\u00bb button_alignment=\u00a0\u00bbcenter\u00a0\u00bb _builder_version=\u00a0\u00bb4.27.7&Prime; _module_preset=\u00a0\u00bbdefault\u00a0\u00bb custom_button=\u00a0\u00bbon\u00a0\u00bb button_text_size=\u00a0\u00bb25px\u00a0\u00bb button_text_color=\u00a0\u00bb#0C71C3&Prime; button_border_width=\u00a0\u00bb7px\u00a0\u00bb button_border_color=\u00a0\u00bb#0C71C3&Prime; button_border_radius=\u00a0\u00bb82px\u00a0\u00bb button_letter_spacing=\u00a0\u00bb0px\u00a0\u00bb button_font=\u00a0\u00bb|600|||||||\u00a0\u00bb global_colors_info=\u00a0\u00bb{}\u00a0\u00bb][\/et_pb_button][et_pb_text _builder_version=\u00a0\u00bb4.27.7&Prime; _module_preset=\u00a0\u00bbdefault\u00a0\u00bb global_colors_info=\u00a0\u00bb{}\u00a0\u00bb]<\/p>\n<h1 data-section-id=\"1odb6e9\" data-start=\"2736\" data-end=\"2800\" class=\"PDq2pG_selectionAnchorContainer\"><span style=\"color: #0c71c3;\">3. Des urgences hospitali\u00e8res sous pression<\/span><\/h1>\n<p data-start=\"1256\" data-end=\"1505\" class=\"PDq2pG_selectionAnchorContainer\" style=\"text-align: justify;\">Lorsque les habitants ne parviennent plus \u00e0 obtenir un rendez-vous chez un m\u00e9decin g\u00e9n\u00e9raliste, ils se tournent plus fr\u00e9quemment vers les services d&rsquo;urgence hospitaliers, y compris pour des soins qui rel\u00e8veraient normalement de la m\u00e9decine de ville.<span aria-hidden=\"true\" class=\"PDq2pG_selectionAnchor\"><\/span><\/p>\n<p data-start=\"1507\" data-end=\"1913\" style=\"text-align: justify;\">Cette situation contribue \u00e0 augmenter le nombre de passages aux urgences, \u00e0 allonger les d\u00e9lais d&rsquo;attente et \u00e0 mobiliser les \u00e9quipes hospitali\u00e8res pour des consultations qui auraient pu \u00eatre prises en charge en cabinet m\u00e9dical. Les services d&rsquo;urgence doivent alors absorber une partie des besoins de soins courants, au d\u00e9triment des situations les plus graves qui n\u00e9cessitent une prise en charge imm\u00e9diate.<\/p>\n<p data-start=\"1915\" data-end=\"2190\" style=\"text-align: justify;\">Le d\u00e9sert m\u00e9dical ne constitue donc pas uniquement un probl\u00e8me pour la commune concern\u00e9e. Il d\u00e9s\u00e9quilibre l&rsquo;ensemble du territoire de sant\u00e9 en reportant la pression sur les h\u00f4pitaux, les structures de permanence des soins et les professionnels de sant\u00e9 des communes voisines.<\/p>\n<h1 data-section-id=\"1nspc6j\" data-start=\"3447\" data-end=\"3520\"><span style=\"color: #0c71c3;\">4. Des professionnels de sant\u00e9 fragilis\u00e9s<\/span><\/h1>\n<p data-start=\"1133\" data-end=\"1324\" class=\"PDq2pG_selectionAnchorContainer\" style=\"text-align: justify;\">Le d\u00e9part d&rsquo;un m\u00e9decin g\u00e9n\u00e9raliste ne d\u00e9sorganise pas uniquement le parcours de soins des patients. Il impacte \u00e9galement l&rsquo;ensemble des professionnels de sant\u00e9 qui exercent sur le territoire.<span aria-hidden=\"true\" class=\"PDq2pG_selectionAnchor\"><\/span><\/p>\n<p data-start=\"1326\" data-end=\"1604\" style=\"text-align: justify;\">Les infirmiers lib\u00e9raux, les pharmaciens, les kin\u00e9sith\u00e9rapeutes, les orthophonistes, les sages-femmes et les autres praticiens travaillent quotidiennement en coordination avec le m\u00e9decin traitant. Lorsque ce dernier n&rsquo;est plus remplac\u00e9, cette coop\u00e9ration devient plus difficile.<\/p>\n<p data-start=\"1606\" data-end=\"1914\" style=\"text-align: justify;\">Les renouvellements d&rsquo;ordonnances, le suivi des patients atteints de maladies chroniques, les \u00e9changes d&rsquo;informations m\u00e9dicales et l&rsquo;orientation vers les sp\u00e9cialistes peuvent \u00eatre ralentis. Les professionnels de sant\u00e9 doivent alors consacrer davantage de temps \u00e0 compenser l&rsquo;absence de coordination m\u00e9dicale.<\/p>\n<p data-start=\"1916\" data-end=\"2056\" style=\"text-align: justify;\">\u00c0 terme, c&rsquo;est tout l&rsquo;\u00e9cosyst\u00e8me de soins de la commune qui perd en efficacit\u00e9, au d\u00e9triment de la qualit\u00e9 de prise en charge des habitants.<\/p>\n<p>[\/et_pb_text][et_pb_cta title=\u00a0\u00bb\u00c0 retenir\u00a0\u00bb button_text=\u00a0\u00bbClics\u00a0\u00bb _builder_version=\u00a0\u00bb4.27.7&Prime; _module_preset=\u00a0\u00bbdefault\u00a0\u00bb header_font=\u00a0\u00bb|700|||||||\u00a0\u00bb header_font_size=\u00a0\u00bb35px\u00a0\u00bb body_font_size=\u00a0\u00bb19px\u00a0\u00bb width=\u00a0\u00bb100%\u00a0\u00bb min_height=\u00a0\u00bb100px\u00a0\u00bb max_height=\u00a0\u00bb1000px\u00a0\u00bb filter_hue_rotate=\u00a0\u00bb23deg\u00a0\u00bb filter_saturate=\u00a0\u00bb113%\u00a0\u00bb filter_contrast=\u00a0\u00bb111%\u00a0\u00bb box_shadow_style=\u00a0\u00bbpreset6&Prime; box_shadow_horizontal=\u00a0\u00bb23px\u00a0\u00bb box_shadow_spread=\u00a0\u00bb19px\u00a0\u00bb global_colors_info=\u00a0\u00bb{}\u00a0\u00bb]<\/p>\n<p data-start=\"9858\" data-end=\"9919\">Le m\u00e9decin g\u00e9n\u00e9raliste est le pivot de la m\u00e9decine de proximit\u00e9. Son d\u00e9part fragilise l&rsquo;ensemble du r\u00e9seau de soins local, m\u00eame lorsque les autres professionnels de sant\u00e9 restent pr\u00e9sents sur le territoire.<\/p>\n<p>[\/et_pb_cta][et_pb_cta title=\u00a0\u00bbVotre territoire dispose encore d&rsquo;un r\u00e9seau de professionnels de sant\u00e9 ?\u00a0\u00bb _builder_version=\u00a0\u00bb4.27.7&Prime; _module_preset=\u00a0\u00bbdefault\u00a0\u00bb header_level=\u00a0\u00bbh1&Prime; header_font=\u00a0\u00bb|600|||||||\u00a0\u00bb header_font_size=\u00a0\u00bb38px\u00a0\u00bb body_font=\u00a0\u00bb|600|||||||\u00a0\u00bb background_color=\u00a0\u00bb#0C71C3&Prime; global_colors_info=\u00a0\u00bb{}\u00a0\u00bb]<\/p>\n<p data-start=\"2438\" data-end=\"2672\">C&rsquo;est un atout majeur pour attirer un nouveau m\u00e9decin. Encore faut-il savoir le mettre en valeur. Les collectivit\u00e9s qui recrutent avec succ\u00e8s pr\u00e9sentent aux candidats un v\u00e9ritable \u00e9cosyst\u00e8me de soins, et non un simple cabinet m\u00e9dical.<\/p>\n<p data-start=\"2674\" data-end=\"2810\">\ud83d\udc49 <strong data-start=\"2677\" data-end=\"2810\">BRM Conseil vous aide \u00e0 construire un projet m\u00e9dical attractif et \u00e0 valoriser les forces de votre territoire aupr\u00e8s des m\u00e9decins.<\/strong><\/p>\n<p>[\/et_pb_cta][et_pb_button button_url=\u00a0\u00bbhttps:\/\/brm-conseil.fr\/fr\/espace-recruteurs-brm-conseil\/\u00a0\u00bb button_text=\u00a0\u00bb\u00c9changer avec un consultant\u00a0\u00bb button_alignment=\u00a0\u00bbcenter\u00a0\u00bb _builder_version=\u00a0\u00bb4.27.7&Prime; _module_preset=\u00a0\u00bbdefault\u00a0\u00bb custom_button=\u00a0\u00bbon\u00a0\u00bb button_text_size=\u00a0\u00bb25px\u00a0\u00bb button_text_color=\u00a0\u00bb#0C71C3&Prime; button_border_width=\u00a0\u00bb7px\u00a0\u00bb button_border_color=\u00a0\u00bb#0C71C3&Prime; button_border_radius=\u00a0\u00bb82px\u00a0\u00bb button_letter_spacing=\u00a0\u00bb0px\u00a0\u00bb button_font=\u00a0\u00bb|600|||||||\u00a0\u00bb global_colors_info=\u00a0\u00bb{}\u00a0\u00bb][\/et_pb_button][et_pb_text _builder_version=\u00a0\u00bb4.27.7&Prime; _module_preset=\u00a0\u00bbdefault\u00a0\u00bb global_colors_info=\u00a0\u00bb{}\u00a0\u00bb]<\/p>\n<h1 data-section-id=\"1v6mixt\" data-start=\"4037\" data-end=\"4093\"><span style=\"color: #0c71c3;\">5. Une commune moins attractive pour les familles<\/span><\/h1>\n<p data-start=\"1152\" data-end=\"1460\" style=\"text-align: justify;\">Aujourd&rsquo;hui, la pr\u00e9sence d&rsquo;un m\u00e9decin g\u00e9n\u00e9raliste fait partie des crit\u00e8res pris en compte par de nombreux m\u00e9nages lorsqu&rsquo;ils choisissent un lieu de r\u00e9sidence. Au m\u00eame titre que les \u00e9coles, les commerces ou les transports, l&rsquo;acc\u00e8s aux soins est devenu un \u00e9l\u00e9ment d\u00e9terminant de l&rsquo;attractivit\u00e9 d&rsquo;un territoire.<\/p>\n<p data-start=\"1462\" data-end=\"1707\" style=\"text-align: justify;\">Cette question est particuli\u00e8rement importante pour les familles avec de jeunes enfants, les personnes \u00e2g\u00e9es, les aidants et les personnes atteintes de maladies chroniques, pour lesquelles la proximit\u00e9 d&rsquo;un m\u00e9decin constitue un besoin quotidien.<\/p>\n<p data-start=\"1709\" data-end=\"2013\" style=\"text-align: justify;\">Lorsqu&rsquo;une commune ne parvient plus \u00e0 garantir une offre de soins suffisante, certains m\u00e9nages renoncent \u00e0 s&rsquo;y installer, tandis que d&rsquo;autres envisagent de quitter le territoire. \u00c0 long terme, cette situation peut freiner la croissance d\u00e9mographique et r\u00e9duire l&rsquo;attractivit\u00e9 r\u00e9sidentielle de la commune.<\/p>\n<p data-start=\"1709\" data-end=\"2013\" style=\"text-align: justify;\">Le maintien d&rsquo;une offre de soins renforce l&rsquo;attractivit\u00e9 du territoire<\/p>\n<p data-start=\"708\" data-end=\"990\" class=\"PDq2pG_selectionAnchorContainer\" style=\"text-align: justify;\">Une offre de soins de proximit\u00e9 contribue directement \u00e0 l&rsquo;image et \u00e0 l&rsquo;attractivit\u00e9 d&rsquo;une commune. Pour de nombreux m\u00e9nages, pouvoir consulter un m\u00e9decin rapidement est devenu un crit\u00e8re de choix au m\u00eame titre que la qualit\u00e9 des \u00e9coles, les commerces de proximit\u00e9 ou les transports.<span aria-hidden=\"true\" class=\"PDq2pG_selectionAnchor\"><\/span><\/p>\n<p data-start=\"995\" data-end=\"1417\" style=\"text-align: justify;\">\u00c0 l&rsquo;inverse, une commune identifi\u00e9e comme d\u00e9pourvue de m\u00e9decins peut voir son attractivit\u00e9 diminuer, m\u00eame lorsqu&rsquo;elle dispose de nombreux autres atouts. Les collectivit\u00e9s qui anticipent leur d\u00e9mographie m\u00e9dicale prot\u00e8gent ainsi non seulement l&rsquo;acc\u00e8s aux soins de leurs habitants, mais renforcent \u00e9galement leur capacit\u00e9 \u00e0 accueillir de nouveaux m\u00e9nages, \u00e0 maintenir leurs services publics et \u00e0 soutenir leur d\u00e9veloppement.<\/p>\n<h2 data-section-id=\"2iaeio\" data-start=\"4556\" data-end=\"4612\"><span style=\"color: #0c71c3;\">6. Une \u00e9conomie locale qui s&rsquo;affaiblit<\/span><\/h2>\n<p data-start=\"729\" data-end=\"890\" class=\"PDq2pG_selectionAnchorContainer\" style=\"text-align: justify;\">Le d\u00e9sert m\u00e9dical ne produit pas uniquement des cons\u00e9quences sanitaires. Il peut \u00e9galement avoir un impact durable sur le d\u00e9veloppement \u00e9conomique d&rsquo;une commune.<span aria-hidden=\"true\" class=\"PDq2pG_selectionAnchor\"><\/span><\/p>\n<p data-start=\"892\" data-end=\"1231\" style=\"text-align: justify;\">L&rsquo;absence de m\u00e9decins peut freiner l&rsquo;installation de nouvelles familles, compliquer le recrutement de salari\u00e9s pour les entreprises locales et r\u00e9duire l&rsquo;attractivit\u00e9 du territoire pour les porteurs de projets. Les commerces, les artisans et les services de proximit\u00e9 peuvent \u00e9galement \u00eatre affect\u00e9s lorsque la population stagne ou diminue.<\/p>\n<p data-start=\"1233\" data-end=\"1515\" style=\"text-align: justify;\">\u00c0 l&rsquo;inverse, une commune qui parvient \u00e0 maintenir une offre de soins de qualit\u00e9 renforce son attractivit\u00e9 \u00e9conomique. Les entreprises sont plus enclines \u00e0 recruter, les familles s&rsquo;installent plus facilement et le territoire b\u00e9n\u00e9ficie d&rsquo;une dynamique de d\u00e9veloppement plus favorable.<\/p>\n<p data-start=\"1517\" data-end=\"1702\" style=\"text-align: justify;\">Le recrutement d&rsquo;un m\u00e9decin constitue donc un investissement qui d\u00e9passe largement le domaine de la sant\u00e9. Il participe \u00e0 la vitalit\u00e9 \u00e9conomique, d\u00e9mographique et sociale de la commune.<\/p>\n<p>[\/et_pb_text][et_pb_cta title=\u00a0\u00bb\u00c0 retenir\u00a0\u00bb button_text=\u00a0\u00bbClics\u00a0\u00bb _builder_version=\u00a0\u00bb4.27.7&Prime; _module_preset=\u00a0\u00bbdefault\u00a0\u00bb header_font=\u00a0\u00bb|700|||||||\u00a0\u00bb header_font_size=\u00a0\u00bb35px\u00a0\u00bb body_font_size=\u00a0\u00bb19px\u00a0\u00bb width=\u00a0\u00bb100%\u00a0\u00bb min_height=\u00a0\u00bb100px\u00a0\u00bb max_height=\u00a0\u00bb1000px\u00a0\u00bb filter_hue_rotate=\u00a0\u00bb23deg\u00a0\u00bb filter_saturate=\u00a0\u00bb113%\u00a0\u00bb filter_contrast=\u00a0\u00bb111%\u00a0\u00bb box_shadow_style=\u00a0\u00bbpreset6&Prime; box_shadow_horizontal=\u00a0\u00bb23px\u00a0\u00bb box_shadow_spread=\u00a0\u00bb19px\u00a0\u00bb global_colors_info=\u00a0\u00bb{}\u00a0\u00bb]<\/p>\n<p data-start=\"9858\" data-end=\"9919\">La pr\u00e9sence d&rsquo;un m\u00e9decin g\u00e9n\u00e9raliste contribue \u00e0 la qualit\u00e9 de vie, \u00e0 l&rsquo;attractivit\u00e9 \u00e9conomique et au d\u00e9veloppement durable d&rsquo;un territoire. Pour de nombreuses collectivit\u00e9s, pr\u00e9server l&rsquo;offre de soins est devenu un v\u00e9ritable enjeu d&rsquo;am\u00e9nagement du territoire.<\/p>\n<p>[\/et_pb_cta][\/et_pb_column][\/et_pb_row][et_pb_row _builder_version=\u00a0\u00bb4.27.7&Prime; _module_preset=\u00a0\u00bbdefault\u00a0\u00bb global_colors_info=\u00a0\u00bb{}\u00a0\u00bb][et_pb_column type=\u00a0\u00bb4_4&Prime; _builder_version=\u00a0\u00bb4.27.7&Prime; _module_preset=\u00a0\u00bbdefault\u00a0\u00bb global_colors_info=\u00a0\u00bb{}\u00a0\u00bb][et_pb_cta title=\u00a0\u00bbPr\u00e9servez l&rsquo;attractivit\u00e9 \u00e9conomique de votre commune\u00a0\u00bb _builder_version=\u00a0\u00bb4.27.7&Prime; _module_preset=\u00a0\u00bbdefault\u00a0\u00bb header_level=\u00a0\u00bbh1&Prime; header_font=\u00a0\u00bb|600|||||||\u00a0\u00bb header_font_size=\u00a0\u00bb38px\u00a0\u00bb body_font=\u00a0\u00bb|600|||||||\u00a0\u00bb background_color=\u00a0\u00bb#0C71C3&Prime; global_colors_info=\u00a0\u00bb{}\u00a0\u00bb]<\/p>\n<p data-start=\"2078\" data-end=\"2264\">Chaque ann\u00e9e sans m\u00e9decin peut fragiliser un peu plus l&rsquo;image et le dynamisme de votre territoire. Anticiper le recrutement d&rsquo;un praticien, c&rsquo;est investir dans l&rsquo;avenir de votre commune.<\/p>\n<p data-start=\"2266\" data-end=\"2377\">\ud83d\udc49 <strong data-start=\"2269\" data-end=\"2377\">BRM Conseil accompagne les collectivit\u00e9s dans le recrutement de m\u00e9decins g\u00e9n\u00e9ralistes partout en France.<\/strong><\/p>\n<p>[\/et_pb_cta][et_pb_button button_url=\u00a0\u00bbhttps:\/\/brm-conseil.fr\/fr\/espace-recruteurs-brm-conseil\/\u00a0\u00bb button_text=\u00a0\u00bbParler \u00e0 un expert du recrutement m\u00e9dical\u00a0\u00bb button_alignment=\u00a0\u00bbcenter\u00a0\u00bb _builder_version=\u00a0\u00bb4.27.7&Prime; _module_preset=\u00a0\u00bbdefault\u00a0\u00bb custom_button=\u00a0\u00bbon\u00a0\u00bb button_text_size=\u00a0\u00bb25px\u00a0\u00bb button_text_color=\u00a0\u00bb#0C71C3&Prime; button_border_width=\u00a0\u00bb7px\u00a0\u00bb button_border_color=\u00a0\u00bb#0C71C3&Prime; button_border_radius=\u00a0\u00bb82px\u00a0\u00bb button_letter_spacing=\u00a0\u00bb0px\u00a0\u00bb button_font=\u00a0\u00bb|600|||||||\u00a0\u00bb global_colors_info=\u00a0\u00bb{}\u00a0\u00bb][\/et_pb_button][et_pb_text _builder_version=\u00a0\u00bb4.27.7&Prime; _module_preset=\u00a0\u00bbdefault\u00a0\u00bb global_colors_info=\u00a0\u00bb{}\u00a0\u00bb]<\/p>\n<h1 data-section-id=\"124v2lz\" data-start=\"5165\" data-end=\"5226\"><span style=\"color: #0c71c3;\">7. Un impact sur le march\u00e9 immobilier<\/span><\/h1>\n<p data-start=\"652\" data-end=\"918\" style=\"text-align: justify;\">L&rsquo;acc\u00e8s aux soins est devenu un crit\u00e8re pris en compte par de nombreux acqu\u00e9reurs lorsqu&rsquo;ils recherchent un logement. La pr\u00e9sence d&rsquo;un m\u00e9decin g\u00e9n\u00e9raliste, d&rsquo;une pharmacie et de professionnels de sant\u00e9 de proximit\u00e9 contribue \u00e0 la qualit\u00e9 de vie per\u00e7ue d&rsquo;une commune.<\/p>\n<p data-start=\"920\" data-end=\"1227\" style=\"text-align: justify;\">\u00c0 l&rsquo;inverse, lorsqu&rsquo;un territoire est identifi\u00e9 comme un d\u00e9sert m\u00e9dical, certains m\u00e9nages peuvent h\u00e9siter \u00e0 s&rsquo;y installer ou privil\u00e9gier une commune voisine mieux \u00e9quip\u00e9e. Cette perception peut influencer l&rsquo;attractivit\u00e9 r\u00e9sidentielle et, \u00e0 plus long terme, peser sur le dynamisme du march\u00e9 immobilier local.<\/p>\n<p data-start=\"1229\" data-end=\"1505\" style=\"text-align: justify;\">Bien entendu, l&rsquo;\u00e9volution des prix immobiliers d\u00e9pend de nombreux facteurs (emploi, transports, \u00e9coles, d\u00e9mographie, offre de logements, etc.). Toutefois, l&rsquo;acc\u00e8s aux soins fait d\u00e9sormais partie des services essentiels qui participent \u00e0 l&rsquo;attractivit\u00e9 globale d&rsquo;un territoire.<\/p>\n<p data-start=\"1507\" data-end=\"1715\" style=\"text-align: justify;\">Pour les collectivit\u00e9s, pr\u00e9server une offre m\u00e9dicale de proximit\u00e9 ne r\u00e9pond donc pas uniquement \u00e0 un enjeu sanitaire : c&rsquo;est aussi un moyen de renforcer durablement l&rsquo;attractivit\u00e9 r\u00e9sidentielle de la commune.<\/p>\n<p>[\/et_pb_text][et_pb_cta title=\u00a0\u00bb\u00c0 retenir\u00a0\u00bb button_text=\u00a0\u00bbClics\u00a0\u00bb _builder_version=\u00a0\u00bb4.27.7&Prime; _module_preset=\u00a0\u00bbdefault\u00a0\u00bb header_font=\u00a0\u00bb|700|||||||\u00a0\u00bb header_font_size=\u00a0\u00bb35px\u00a0\u00bb body_font_size=\u00a0\u00bb19px\u00a0\u00bb width=\u00a0\u00bb100%\u00a0\u00bb min_height=\u00a0\u00bb100px\u00a0\u00bb max_height=\u00a0\u00bb1000px\u00a0\u00bb filter_hue_rotate=\u00a0\u00bb23deg\u00a0\u00bb filter_saturate=\u00a0\u00bb113%\u00a0\u00bb filter_contrast=\u00a0\u00bb111%\u00a0\u00bb box_shadow_style=\u00a0\u00bbpreset6&Prime; box_shadow_horizontal=\u00a0\u00bb23px\u00a0\u00bb box_shadow_spread=\u00a0\u00bb19px\u00a0\u00bb global_colors_info=\u00a0\u00bb{}\u00a0\u00bb]<\/p>\n<p data-start=\"9858\" data-end=\"9919\">Les habitants ne recherchent plus seulement un logement. Ils recherchent un cadre de vie. La pr\u00e9sence d&rsquo;un m\u00e9decin g\u00e9n\u00e9raliste fait aujourd&rsquo;hui partie des services qui renforcent l&rsquo;attractivit\u00e9 d&rsquo;un territoire.<\/p>\n<p>[\/et_pb_cta][et_pb_cta title=\u00a0\u00bbFaites de l&rsquo;offre de soins un atout pour votre commune\u00a0\u00bb _builder_version=\u00a0\u00bb4.27.7&Prime; _module_preset=\u00a0\u00bbdefault\u00a0\u00bb header_level=\u00a0\u00bbh1&Prime; header_font=\u00a0\u00bb|600|||||||\u00a0\u00bb header_font_size=\u00a0\u00bb38px\u00a0\u00bb body_font=\u00a0\u00bb|600|||||||\u00a0\u00bb background_color=\u00a0\u00bb#0C71C3&Prime; global_colors_info=\u00a0\u00bb{}\u00a0\u00bb]<\/p>\n<p data-start=\"2043\" data-end=\"2214\">Attirer ou maintenir un m\u00e9decin g\u00e9n\u00e9raliste contribue \u00e0 renforcer la confiance des habitants, \u00e0 accueillir de nouveaux m\u00e9nages et \u00e0 valoriser durablement votre territoire.<\/p>\n<p data-start=\"2216\" data-end=\"2342\">\ud83d\udc49 <strong data-start=\"2219\" data-end=\"2342\">BRM Conseil accompagne les collectivit\u00e9s dans leurs projets de recrutement m\u00e9dical afin de pr\u00e9server leur attractivit\u00e9.<\/strong><\/p>\n<p>[\/et_pb_cta][et_pb_button button_url=\u00a0\u00bbhttps:\/\/brm-conseil.fr\/fr\/espace-recruteurs-brm-conseil\/\u00a0\u00bb button_text=\u00a0\u00bbD\u00e9couvrir notre accompagnement\u00a0\u00bb button_alignment=\u00a0\u00bbcenter\u00a0\u00bb _builder_version=\u00a0\u00bb4.27.7&Prime; _module_preset=\u00a0\u00bbdefault\u00a0\u00bb custom_button=\u00a0\u00bbon\u00a0\u00bb button_text_size=\u00a0\u00bb25px\u00a0\u00bb button_text_color=\u00a0\u00bb#0C71C3&Prime; button_border_width=\u00a0\u00bb7px\u00a0\u00bb button_border_color=\u00a0\u00bb#0C71C3&Prime; button_border_radius=\u00a0\u00bb82px\u00a0\u00bb button_letter_spacing=\u00a0\u00bb0px\u00a0\u00bb button_font=\u00a0\u00bb|600|||||||\u00a0\u00bb global_colors_info=\u00a0\u00bb{}\u00a0\u00bb][\/et_pb_button][et_pb_text _builder_version=\u00a0\u00bb4.27.7&Prime; _module_preset=\u00a0\u00bbdefault\u00a0\u00bb global_colors_info=\u00a0\u00bb{}\u00a0\u00bb]<\/p>\n<p data-start=\"1507\" data-end=\"1715\" style=\"text-align: justify;\">\n<h1 data-section-id=\"1u2v6h1\" data-start=\"6330\" data-end=\"6376\"><span style=\"color: #0c71c3;\">8. Une pression croissante sur les \u00e9lus<\/span><\/h1>\n<p data-start=\"763\" data-end=\"1071\" class=\"PDq2pG_selectionAnchorContainer\" style=\"text-align: justify;\">Face \u00e0 la progression des d\u00e9serts m\u00e9dicaux, les \u00e9lus locaux sont de plus en plus sollicit\u00e9s par leurs administr\u00e9s. Les demandes li\u00e9es \u00e0 l&rsquo;acc\u00e8s aux soins figurent d\u00e9sormais parmi les pr\u00e9occupations les plus fr\u00e9quentes exprim\u00e9es lors des permanences, des r\u00e9unions publiques ou des \u00e9changes avec les habitants.<span aria-hidden=\"true\" class=\"PDq2pG_selectionAnchor\"><\/span><\/p>\n<p data-start=\"1073\" data-end=\"1422\" style=\"text-align: justify;\">Les maires et les \u00e9quipes municipales doivent r\u00e9pondre \u00e0 une attente forte : maintenir une offre de soins de proximit\u00e9 malgr\u00e9 un contexte national marqu\u00e9 par la p\u00e9nurie de m\u00e9decins g\u00e9n\u00e9ralistes. Cette mission d\u00e9passe pourtant les comp\u00e9tences traditionnelles des collectivit\u00e9s et n\u00e9cessite souvent une v\u00e9ritable strat\u00e9gie d&rsquo;attractivit\u00e9 territoriale.<\/p>\n<p data-start=\"1424\" data-end=\"1695\" style=\"text-align: justify;\">Aujourd&rsquo;hui, recruter un m\u00e9decin ne consiste plus simplement \u00e0 publier une annonce. Il faut comprendre les attentes des praticiens, valoriser les atouts du territoire, construire un projet d&rsquo;installation coh\u00e9rent et mener une d\u00e9marche proactive de recherche de candidats.<\/p>\n<p data-start=\"1697\" data-end=\"1997\" style=\"text-align: justify;\">Les collectivit\u00e9s qui obtiennent les meilleurs r\u00e9sultats sont celles qui anticipent les d\u00e9parts \u00e0 la retraite, pr\u00e9parent leur strat\u00e9gie plusieurs mois \u00e0 l&rsquo;avance et s&rsquo;appuient sur des sp\u00e9cialistes du recrutement m\u00e9dical capables d&rsquo;identifier et d&rsquo;accompagner les m\u00e9decins tout au long de leur projet.<\/p>\n<p data-start=\"1697\" data-end=\"1997\" style=\"text-align: justify;\">\n<p data-start=\"1697\" data-end=\"1997\" style=\"text-align: justify;\">\n<h1 data-section-id=\"1akjdoi\" data-start=\"6953\" data-end=\"7001\" style=\"text-align: justify;\"><span style=\"color: #0c71c3;\"><strong>Les cons\u00e9quences d&rsquo;un d\u00e9sert m\u00e9dical<\/strong><\/span><\/h1>\n<div class=\"TyagGW_tableContainer\">\n<div class=\"group TyagGW_tableWrapper flex flex-col-reverse w-fit\" tabindex=\"-1\">\n<table data-start=\"7003\" data-end=\"7627\" class=\"w-fit min-w-(--thread-content-width)\">\n<thead data-start=\"7003\" data-end=\"7029\">\n<tr data-start=\"7003\" data-end=\"7029\">\n<th data-start=\"7003\" data-end=\"7013\" data-col-size=\"sm\" class=\"last:pe-10\">Domaine<\/th>\n<th data-start=\"7013\" data-end=\"7029\" data-col-size=\"md\" class=\"last:pe-10\">Cons\u00e9quences<\/th>\n<\/tr>\n<\/thead>\n<tbody data-start=\"7058\" data-end=\"7627\">\n<tr data-start=\"7058\" data-end=\"7154\">\n<td data-start=\"7058\" data-end=\"7066\" data-col-size=\"sm\">Sant\u00e9<\/td>\n<td data-start=\"7066\" data-end=\"7154\" data-col-size=\"md\">Difficult\u00e9s d&rsquo;acc\u00e8s aux soins, retards de diagnostic, patients sans m\u00e9decin traitant<\/td>\n<\/tr>\n<tr data-start=\"7155\" data-end=\"7225\">\n<td data-start=\"7155\" data-end=\"7165\" data-col-size=\"sm\">H\u00f4pital<\/td>\n<td data-start=\"7165\" data-end=\"7225\" data-col-size=\"md\">Surcharge des urgences et des consultations sp\u00e9cialis\u00e9es<\/td>\n<\/tr>\n<tr data-start=\"7226\" data-end=\"7307\">\n<td data-start=\"7226\" data-end=\"7252\" data-col-size=\"sm\">Professionnels de sant\u00e9<\/td>\n<td data-start=\"7252\" data-end=\"7307\" data-col-size=\"md\">Coordination plus difficile et surcharge de travail<\/td>\n<\/tr>\n<tr data-start=\"7308\" data-end=\"7393\">\n<td data-start=\"7308\" data-end=\"7321\" data-col-size=\"sm\">Population<\/td>\n<td data-start=\"7321\" data-end=\"7393\" data-col-size=\"md\">D\u00e9parts de familles, inqui\u00e9tudes des habitants, perte d&rsquo;attractivit\u00e9<\/td>\n<\/tr>\n<tr data-start=\"7394\" data-end=\"7453\">\n<td data-start=\"7394\" data-end=\"7407\" data-col-size=\"sm\">Immobilier<\/td>\n<td data-start=\"7407\" data-end=\"7453\" data-col-size=\"md\">Frein \u00e0 l&rsquo;installation de nouveaux m\u00e9nages<\/td>\n<\/tr>\n<tr data-start=\"7454\" data-end=\"7528\">\n<td data-start=\"7454\" data-end=\"7472\" data-col-size=\"sm\">\u00c9conomie locale<\/td>\n<td data-start=\"7472\" data-end=\"7528\" data-col-size=\"md\">Moins de fr\u00e9quentation des commerces et des services<\/td>\n<\/tr>\n<tr data-start=\"7529\" data-end=\"7627\">\n<td data-start=\"7529\" data-end=\"7544\" data-col-size=\"sm\">Collectivit\u00e9<\/td>\n<td data-start=\"7544\" data-end=\"7627\" data-col-size=\"md\">Pression accrue sur les \u00e9lus et mobilisation importante des \u00e9quipes municipales<\/td>\n<\/tr>\n<\/tbody>\n<\/table>\n<\/div>\n<\/div>\n<p>[\/et_pb_text][et_pb_cta title=\u00a0\u00bbCe que nous constatons sur le terrain\u00a0\u00bb button_text=\u00a0\u00bbClics\u00a0\u00bb _builder_version=\u00a0\u00bb4.27.7&Prime; _module_preset=\u00a0\u00bbdefault\u00a0\u00bb header_font=\u00a0\u00bb|700|||||||\u00a0\u00bb header_font_size=\u00a0\u00bb35px\u00a0\u00bb body_font_size=\u00a0\u00bb19px\u00a0\u00bb width=\u00a0\u00bb100%\u00a0\u00bb min_height=\u00a0\u00bb100px\u00a0\u00bb max_height=\u00a0\u00bb1000px\u00a0\u00bb filter_hue_rotate=\u00a0\u00bb23deg\u00a0\u00bb filter_saturate=\u00a0\u00bb113%\u00a0\u00bb filter_contrast=\u00a0\u00bb111%\u00a0\u00bb box_shadow_style=\u00a0\u00bbpreset6&Prime; box_shadow_horizontal=\u00a0\u00bb23px\u00a0\u00bb box_shadow_spread=\u00a0\u00bb19px\u00a0\u00bb global_colors_info=\u00a0\u00bb{}\u00a0\u00bb]<\/p>\n<p style=\"text-align: left;\">\n<p style=\"text-align: left;\"><em>Lorsqu&rsquo;une commune perd son dernier m\u00e9decin, les difficult\u00e9s apparaissent tr\u00e8s rapidement :<\/em><\/p>\n<p style=\"text-align: left;\"><em>augmentation des d\u00e9lais de rendez-vous ;<\/em><\/p>\n<p style=\"text-align: left;\"><em>habitants contraints de consulter dans les communes voisines ;<\/em><\/p>\n<p style=\"text-align: left;\"><em>saturation progressive des cabinets environnants ;<\/em><\/p>\n<p style=\"text-align: left;\"><em>inqui\u00e9tude des \u00e9lus et de la population ;<\/em><\/p>\n<p style=\"text-align: left;\"><em>perte d&rsquo;attractivit\u00e9 r\u00e9sidentielle.<\/em><\/p>\n<p style=\"text-align: left;\"><em>Dans la plupart des situations, ces cons\u00e9quences auraient pu \u00eatre limit\u00e9es gr\u00e2ce \u00e0 une anticipation suffisante.<\/em><\/p>\n<p>[\/et_pb_cta][et_pb_cta title=\u00a0\u00bb\u00c0 retenir\u00a0\u00bb button_text=\u00a0\u00bbClics\u00a0\u00bb _builder_version=\u00a0\u00bb4.27.7&Prime; _module_preset=\u00a0\u00bbdefault\u00a0\u00bb header_font=\u00a0\u00bb|700|||||||\u00a0\u00bb header_font_size=\u00a0\u00bb35px\u00a0\u00bb body_font_size=\u00a0\u00bb19px\u00a0\u00bb width=\u00a0\u00bb100%\u00a0\u00bb min_height=\u00a0\u00bb100px\u00a0\u00bb max_height=\u00a0\u00bb1000px\u00a0\u00bb filter_hue_rotate=\u00a0\u00bb23deg\u00a0\u00bb filter_saturate=\u00a0\u00bb113%\u00a0\u00bb filter_contrast=\u00a0\u00bb111%\u00a0\u00bb box_shadow_style=\u00a0\u00bbpreset6&Prime; box_shadow_horizontal=\u00a0\u00bb23px\u00a0\u00bb box_shadow_spread=\u00a0\u00bb19px\u00a0\u00bb global_colors_info=\u00a0\u00bb{}\u00a0\u00bb]<\/p>\n<h1 data-section-id=\"maaxpz\" data-start=\"7634\" data-end=\"7655\" class=\"PDq2pG_selectionAnchorContainer\" style=\"text-align: left;\"><\/h1>\n<p data-start=\"7657\" data-end=\"7713\" style=\"text-align: left;\">Les communes qui r\u00e9ussissent \u00e0 recruter un m\u00e9decin sont rarement celles qui attendent qu&rsquo;un candidat se pr\u00e9sente spontan\u00e9ment. Elles mettent en \u0153uvre une strat\u00e9gie structur\u00e9e, anticip\u00e9e et adapt\u00e9e aux attentes des praticiens.<\/p>\n<p>[\/et_pb_cta][et_pb_cta title=\u00a0\u00bbVotre commune recherche un m\u00e9decin g\u00e9n\u00e9raliste ?\u00a0\u00bb _builder_version=\u00a0\u00bb4.27.7&Prime; _module_preset=\u00a0\u00bbdefault\u00a0\u00bb header_level=\u00a0\u00bbh1&Prime; header_font=\u00a0\u00bb|600|||||||\u00a0\u00bb header_font_size=\u00a0\u00bb38px\u00a0\u00bb body_font=\u00a0\u00bb|600|||||||\u00a0\u00bb background_color=\u00a0\u00bb#0C71C3&Prime; global_colors_info=\u00a0\u00bb{}\u00a0\u00bb]<\/p>\n<p data-start=\"2353\" data-end=\"2533\">\n<p data-start=\"2353\" data-end=\"2533\">Depuis plus de dix ans, <strong data-start=\"2377\" data-end=\"2533\">BRM Conseil accompagne les communes, les centres de sant\u00e9 et les \u00e9tablissements de soins dans le recrutement de m\u00e9decins g\u00e9n\u00e9ralistes partout en France.<\/strong><\/p>\n<p data-start=\"2535\" data-end=\"2730\">Notre \u00e9quipe identifie des praticiens qualifi\u00e9s, les accompagne dans leur projet professionnel et valorise les atouts de votre territoire afin de maximiser les chances d&rsquo;une installation durable.<\/p>\n<p data-start=\"2732\" data-end=\"2871\"><strong data-start=\"2732\" data-end=\"2871\">Chaque territoire est unique. C&rsquo;est pourquoi nous construisons une strat\u00e9gie de recrutement adapt\u00e9e \u00e0 votre commune et \u00e0 vos objectifs.<\/strong><\/p>\n<p data-start=\"2873\" data-end=\"2980\">\ud83d\udc49 <strong data-start=\"2876\" data-end=\"2980\">Parlez d\u00e8s aujourd&rsquo;hui avec un consultant BRM Conseil et \u00e9changeons sur votre projet de recrutement.<\/strong><\/p>\n<p>[\/et_pb_cta][et_pb_button button_url=\u00a0\u00bbhttps:\/\/brm-conseil.fr\/fr\/espace-recruteurs-brm-conseil\/\u00a0\u00bb button_text=\u00a0\u00bb\u00catre rappel\u00e9 par un consultant\u00a0\u00bb button_alignment=\u00a0\u00bbcenter\u00a0\u00bb _builder_version=\u00a0\u00bb4.27.7&Prime; _module_preset=\u00a0\u00bbdefault\u00a0\u00bb custom_button=\u00a0\u00bbon\u00a0\u00bb button_text_size=\u00a0\u00bb25px\u00a0\u00bb button_text_color=\u00a0\u00bb#0C71C3&Prime; button_border_width=\u00a0\u00bb7px\u00a0\u00bb button_border_color=\u00a0\u00bb#0C71C3&Prime; button_border_radius=\u00a0\u00bb82px\u00a0\u00bb button_letter_spacing=\u00a0\u00bb0px\u00a0\u00bb button_font=\u00a0\u00bb|600|||||||\u00a0\u00bb global_colors_info=\u00a0\u00bb{}\u00a0\u00bb][\/et_pb_button][\/et_pb_column][\/et_pb_row][et_pb_row _builder_version=\u00a0\u00bb4.27.7&Prime; _module_preset=\u00a0\u00bbdefault\u00a0\u00bb global_colors_info=\u00a0\u00bb{}\u00a0\u00bb][et_pb_column type=\u00a0\u00bb4_4&Prime; _builder_version=\u00a0\u00bb4.27.7&Prime; _module_preset=\u00a0\u00bbdefault\u00a0\u00bb global_colors_info=\u00a0\u00bb{}\u00a0\u00bb][et_pb_text _builder_version=\u00a0\u00bb4.27.7&Prime; _module_preset=\u00a0\u00bbdefault\u00a0\u00bb global_colors_info=\u00a0\u00bb{}\u00a0\u00bb]<\/p>\n<h1 data-section-id=\"1u2v6h1\" data-start=\"6330\" data-end=\"6376\"><strong><span style=\"color: #0c71c3;\">Quelles solutions pour lutter contre les d\u00e9serts m\u00e9dicaux ?<\/span><\/strong><\/h1>\n<p data-start=\"410\" data-end=\"666\" class=\"PDq2pG_selectionAnchorContainer\" style=\"text-align: justify;\">Aucune solution unique ne permet de mettre fin aux d\u00e9serts m\u00e9dicaux. Les difficult\u00e9s d&rsquo;acc\u00e8s aux soins r\u00e9sultent de plusieurs facteurs : d\u00e9parts \u00e0 la retraite, \u00e9volution des attentes des m\u00e9decins, concurrence entre les territoires et manque d&rsquo;anticipation. Certaines collectivit\u00e9s choisissent \u00e9galement de d\u00e9velopper un projet d&rsquo;<a href=\"https:\/\/brm-conseil.fr\/fr\/installation-medecin-en-zone-rurale\/\"><strong data-start=\"1096\" data-end=\"1140\">installation d&rsquo;un m\u00e9decin en zone rurale<\/strong><\/a> afin de renforcer durablement leur offre de soins.<span aria-hidden=\"true\" class=\"PDq2pG_selectionAnchor\"><\/span><\/p>\n<p data-start=\"668\" data-end=\"1070\" style=\"text-align: justify;\">Pour une commune, attirer un m\u00e9decin ne consiste donc plus \u00e0 publier une annonce ou \u00e0 proposer une aide financi\u00e8re. Les collectivit\u00e9s qui obtiennent les meilleurs r\u00e9sultats mettent en \u0153uvre une v\u00e9ritable strat\u00e9gie d&rsquo;attractivit\u00e9, en travaillant simultan\u00e9ment sur leur projet m\u00e9dical, leurs conditions d&rsquo;exercice, leur qualit\u00e9 de vie et leur capacit\u00e9 \u00e0 accompagner les praticiens dans leur installation.<\/p>\n<p data-start=\"1072\" data-end=\"1445\" style=\"text-align: justify;\">Les solutions pr\u00e9sent\u00e9es ci-dessous sont celles qui produisent les meilleurs r\u00e9sultats sur le terrain. Certaines rel\u00e8vent de l&rsquo;organisation locale, d&rsquo;autres n\u00e9cessitent la mobilisation de partenaires institutionnels ou de sp\u00e9cialistes du recrutement m\u00e9dical. Ensemble, elles permettent d&rsquo;augmenter significativement les chances d&rsquo;attirer durablement un m\u00e9decin g\u00e9n\u00e9raliste.<\/p>\n<p>[\/et_pb_text][et_pb_cta title=\u00a0\u00bb\u00c0 retenir\u00a0\u00bb button_text=\u00a0\u00bbClics\u00a0\u00bb _builder_version=\u00a0\u00bb4.27.7&Prime; _module_preset=\u00a0\u00bbdefault\u00a0\u00bb header_font=\u00a0\u00bb|700|||||||\u00a0\u00bb header_font_size=\u00a0\u00bb35px\u00a0\u00bb body_font_size=\u00a0\u00bb19px\u00a0\u00bb width=\u00a0\u00bb100%\u00a0\u00bb min_height=\u00a0\u00bb100px\u00a0\u00bb max_height=\u00a0\u00bb1000px\u00a0\u00bb filter_hue_rotate=\u00a0\u00bb23deg\u00a0\u00bb filter_saturate=\u00a0\u00bb113%\u00a0\u00bb filter_contrast=\u00a0\u00bb111%\u00a0\u00bb box_shadow_style=\u00a0\u00bbpreset6&Prime; box_shadow_horizontal=\u00a0\u00bb23px\u00a0\u00bb box_shadow_spread=\u00a0\u00bb19px\u00a0\u00bb global_colors_info=\u00a0\u00bb{}\u00a0\u00bb]<\/p>\n<h1 data-section-id=\"maaxpz\" data-start=\"7634\" data-end=\"7655\" class=\"PDq2pG_selectionAnchorContainer\" style=\"text-align: left;\"><\/h1>\n<p data-start=\"7657\" data-end=\"7713\" style=\"text-align: left;\">Le recrutement d&rsquo;un m\u00e9decin ne repose jamais sur un seul levier. Les collectivit\u00e9s qui r\u00e9ussissent combinent plusieurs actions compl\u00e9mentaires afin de construire un projet suffisamment attractif pour convaincre un praticien de s&rsquo;installer durablement.<\/p>\n<p>[\/et_pb_cta][et_pb_cta title=\u00a0\u00bbVotre commune souhaite renforcer son attractivit\u00e9 m\u00e9dicale ?\u00a0\u00bb _builder_version=\u00a0\u00bb4.27.7&Prime; _module_preset=\u00a0\u00bbdefault\u00a0\u00bb header_level=\u00a0\u00bbh1&Prime; header_font=\u00a0\u00bb|600|||||||\u00a0\u00bb header_font_size=\u00a0\u00bb38px\u00a0\u00bb body_font=\u00a0\u00bb|600|||||||\u00a0\u00bb background_color=\u00a0\u00bb#0C71C3&Prime; global_colors_info=\u00a0\u00bb{}\u00a0\u00bb]<\/p>\n<p data-start=\"1817\" data-end=\"2040\">\n<p data-start=\"1817\" data-end=\"2040\">Avant de lancer un recrutement, il est souvent utile d&rsquo;\u00e9valuer les forces et les points de vigilance de votre territoire. Un diagnostic pr\u00e9alable permet de concentrer vos efforts sur les actions qui auront le plus d&rsquo;impact.<\/p>\n<p data-start=\"2042\" data-end=\"2149\">\ud83d\udc49 <strong data-start=\"2045\" data-end=\"2149\">\u00c9changez avec un consultant BRM Conseil pour r\u00e9aliser un premier diagnostic de votre projet m\u00e9dical.<\/strong><\/p>\n<p>[\/et_pb_cta][et_pb_button button_url=\u00a0\u00bbhttps:\/\/brm-conseil.fr\/fr\/espace-recruteurs-brm-conseil\/\u00a0\u00bb button_text=\u00a0\u00bbDemander un diagnostic\u00a0\u00bb button_alignment=\u00a0\u00bbcenter\u00a0\u00bb _builder_version=\u00a0\u00bb4.27.7&Prime; _module_preset=\u00a0\u00bbdefault\u00a0\u00bb custom_button=\u00a0\u00bbon\u00a0\u00bb button_text_size=\u00a0\u00bb25px\u00a0\u00bb button_text_color=\u00a0\u00bb#0C71C3&Prime; button_border_width=\u00a0\u00bb7px\u00a0\u00bb button_border_color=\u00a0\u00bb#0C71C3&Prime; button_border_radius=\u00a0\u00bb82px\u00a0\u00bb button_letter_spacing=\u00a0\u00bb0px\u00a0\u00bb button_font=\u00a0\u00bb|600|||||||\u00a0\u00bb global_colors_info=\u00a0\u00bb{}\u00a0\u00bb][\/et_pb_button][\/et_pb_column][\/et_pb_row][et_pb_row _builder_version=\u00a0\u00bb4.27.7&Prime; _module_preset=\u00a0\u00bbdefault\u00a0\u00bb global_colors_info=\u00a0\u00bb{}\u00a0\u00bb][et_pb_column type=\u00a0\u00bb4_4&Prime; _builder_version=\u00a0\u00bb4.27.7&Prime; _module_preset=\u00a0\u00bbdefault\u00a0\u00bb global_colors_info=\u00a0\u00bb{}\u00a0\u00bb][et_pb_text _builder_version=\u00a0\u00bb4.27.7&Prime; _module_preset=\u00a0\u00bbdefault\u00a0\u00bb global_colors_info=\u00a0\u00bb{}\u00a0\u00bb]<\/p>\n<h1 data-section-id=\"1u2v6h1\" data-start=\"6330\" data-end=\"6376\"><strong><span style=\"color: #0c71c3;\">\u00a01. Agir avant le d\u00e9part du dernier m\u00e9decin<\/span><\/strong><\/h1>\n<p data-start=\"237\" data-end=\"579\" class=\"PDq2pG_selectionAnchorContainer\" style=\"text-align: justify;\">L&rsquo;une des erreurs les plus fr\u00e9quentes consiste \u00e0 attendre qu&rsquo;un m\u00e9decin annonce officiellement son d\u00e9part \u00e0 la retraite avant d&rsquo;engager des recherches. \u00c0 ce stade, la commune se retrouve souvent en situation d&rsquo;urgence : les habitants s&rsquo;inqui\u00e8tent, les d\u00e9lais de consultation s&rsquo;allongent et les \u00e9lus doivent r\u00e9pondre \u00e0 une pression croissante.<span aria-hidden=\"true\" class=\"PDq2pG_selectionAnchor\"><\/span><\/p>\n<p data-start=\"581\" data-end=\"827\" style=\"text-align: justify;\">Or, recruter un m\u00e9decin g\u00e9n\u00e9raliste prend du temps. Entre l&rsquo;identification d&rsquo;un candidat, les premiers \u00e9changes, les visites, les d\u00e9marches administratives et l&rsquo;installation effective, plusieurs mois, voire plus d&rsquo;un an, peuvent \u00eatre n\u00e9cessaires.<\/p>\n<p data-start=\"829\" data-end=\"1072\" style=\"text-align: justify;\">Les collectivit\u00e9s qui r\u00e9ussissent anticipent ces \u00e9ch\u00e9ances. Elles commencent \u00e0 pr\u00e9parer l&rsquo;avenir bien avant le d\u00e9part du praticien afin d&rsquo;assurer une continuit\u00e9 de l&rsquo;offre de soins et de pr\u00e9senter un projet d\u00e9j\u00e0 structur\u00e9 aux futurs candidats.<\/p>\n<h2 data-section-id=\"1r8ja4\" data-start=\"1079\" data-end=\"1112\" style=\"text-align: justify;\"><span style=\"color: #0c71c3;\">Pourquoi anticiper change tout<\/span><\/h2>\n<p data-start=\"1114\" data-end=\"1208\" style=\"text-align: justify;\">Pr\u00e9parer un recrutement en amont permet de transformer une situation subie en projet ma\u00eetris\u00e9.<\/p>\n<p data-start=\"1210\" data-end=\"1264\" style=\"text-align: justify;\">Cette anticipation offre notamment la possibilit\u00e9 de :<\/p>\n<ul data-start=\"1266\" data-end=\"1721\" style=\"text-align: justify;\">\n<li data-section-id=\"a6ou4\" data-start=\"1266\" data-end=\"1357\">identifier les m\u00e9decins susceptibles de partir \u00e0 la retraite dans les prochaines ann\u00e9es ;<\/li>\n<li data-section-id=\"29smy5\" data-start=\"1358\" data-end=\"1406\">analyser les besoins futurs de la population ;<\/li>\n<li data-section-id=\"1mes3ni\" data-start=\"1407\" data-end=\"1478\">pr\u00e9parer la transmission de la patient\u00e8le lorsque cela est possible ;<\/li>\n<li data-section-id=\"xyoccz\" data-start=\"1479\" data-end=\"1547\">am\u00e9liorer les conditions d&rsquo;exercice propos\u00e9es au futur praticien ;<\/li>\n<li data-section-id=\"11ksaxk\" data-start=\"1548\" data-end=\"1646\">mobiliser les partenaires locaux (pharmaciens, infirmiers, CPTS, ARS, \u00e9tablissements de sant\u00e9) ;<\/li>\n<li data-section-id=\"1map4o3\" data-start=\"1647\" data-end=\"1721\">construire un projet m\u00e9dical coh\u00e9rent avant le lancement du recrutement.<\/li>\n<\/ul>\n<p data-start=\"1723\" data-end=\"1863\" style=\"text-align: justify;\">Une commune qui anticipe dispose ainsi de davantage de temps pour valoriser ses atouts et convaincre un m\u00e9decin de rejoindre son territoire.<\/p>\n<h2 data-section-id=\"1sp8cqm\" data-start=\"1870\" data-end=\"1917\" style=\"text-align: justify;\"><span style=\"color: #0c71c3;\">Les risques d&rsquo;un recrutement lanc\u00e9 trop tard<\/span><\/h2>\n<p data-start=\"1919\" data-end=\"2038\" style=\"text-align: justify;\">Lorsqu&rsquo;une collectivit\u00e9 attend le d\u00e9part effectif du dernier m\u00e9decin, plusieurs difficult\u00e9s apparaissent simultan\u00e9ment.<\/p>\n<p data-start=\"2040\" data-end=\"2406\" style=\"text-align: justify;\">Les habitants doivent rechercher un nouveau m\u00e9decin dans les communes voisines. Les services d&rsquo;urgence absorbent une partie des besoins de soins. Les professionnels de sant\u00e9 locaux perdent leur principal interlocuteur m\u00e9dical. Enfin, le territoire peut \u00eatre per\u00e7u par les candidats comme une commune \u00ab \u00e0 sauver \u00bb, plut\u00f4t que comme un projet d&rsquo;installation attractif.<\/p>\n<p data-start=\"2408\" data-end=\"2523\" style=\"text-align: justify;\">Plus le temps passe sans solution, plus il devient difficile de convaincre un praticien de s&rsquo;installer durablement.<\/p>\n<h2 data-section-id=\"1og3e0s\" data-start=\"2530\" data-end=\"2597\" style=\"text-align: justify;\"><span style=\"color: #0c71c3;\">Les collectivit\u00e9s les plus performantes n&rsquo;attendent pas la crise<\/span><\/h2>\n<p data-start=\"2599\" data-end=\"2824\" style=\"text-align: justify;\">Les communes qui recrutent le plus efficacement ne r\u00e9agissent pas \u00e0 l&rsquo;urgence. Elles mettent en place une v\u00e9ritable veille sur leur d\u00e9mographie m\u00e9dicale et pr\u00e9parent leur strat\u00e9gie plusieurs ann\u00e9es avant les d\u00e9parts annonc\u00e9s.<\/p>\n<p data-start=\"2826\" data-end=\"3057\" style=\"text-align: justify;\">Cette anticipation leur permet de disposer d&rsquo;un temps pr\u00e9cieux pour adapter leur offre, rechercher les bons profils et organiser une transition dans de meilleures conditions, aussi bien pour les habitants que pour le futur m\u00e9decin.<\/p>\n<p>[\/et_pb_text][et_pb_cta title=\u00a0\u00bb\u00c0 retenir\u00a0\u00bb button_text=\u00a0\u00bbClics\u00a0\u00bb _builder_version=\u00a0\u00bb4.27.7&Prime; _module_preset=\u00a0\u00bbdefault\u00a0\u00bb header_font=\u00a0\u00bb|700|||||||\u00a0\u00bb header_font_size=\u00a0\u00bb35px\u00a0\u00bb body_font_size=\u00a0\u00bb19px\u00a0\u00bb width=\u00a0\u00bb100%\u00a0\u00bb min_height=\u00a0\u00bb100px\u00a0\u00bb max_height=\u00a0\u00bb1000px\u00a0\u00bb filter_hue_rotate=\u00a0\u00bb23deg\u00a0\u00bb filter_saturate=\u00a0\u00bb113%\u00a0\u00bb filter_contrast=\u00a0\u00bb111%\u00a0\u00bb box_shadow_style=\u00a0\u00bbpreset6&Prime; box_shadow_horizontal=\u00a0\u00bb23px\u00a0\u00bb box_shadow_spread=\u00a0\u00bb19px\u00a0\u00bb global_colors_info=\u00a0\u00bb{}\u00a0\u00bb]<\/p>\n<h1 data-section-id=\"maaxpz\" data-start=\"7634\" data-end=\"7655\" class=\"PDq2pG_selectionAnchorContainer\" style=\"text-align: left;\"><\/h1>\n<p data-start=\"7657\" data-end=\"7713\" style=\"text-align: left;\">L&rsquo;anticipation est l&rsquo;un des leviers les plus efficaces pour lutter contre les d\u00e9serts m\u00e9dicaux. Commencer les d\u00e9marches avant le d\u00e9part d&rsquo;un praticien augmente les chances d&rsquo;assurer la continuit\u00e9 des soins et de s\u00e9curiser durablement le recrutement d&rsquo;un nouveau m\u00e9decin.<\/p>\n<p>[\/et_pb_cta][et_pb_cta title=\u00a0\u00bbVotre commune anticipe-t-elle les prochains d\u00e9parts \u00e0 la retraite ?\u00a0\u00bb _builder_version=\u00a0\u00bb4.27.7&Prime; _module_preset=\u00a0\u00bbdefault\u00a0\u00bb header_level=\u00a0\u00bbh1&Prime; header_font=\u00a0\u00bb|600|||||||\u00a0\u00bb header_font_size=\u00a0\u00bb38px\u00a0\u00bb body_font=\u00a0\u00bb|600|||||||\u00a0\u00bb background_color=\u00a0\u00bb#0C71C3&Prime; global_colors_info=\u00a0\u00bb{}\u00a0\u00bb]<\/p>\n<p data-start=\"3434\" data-end=\"3639\">\n<p data-start=\"3434\" data-end=\"3639\">Un diagnostic r\u00e9alis\u00e9 suffisamment t\u00f4t permet d&rsquo;identifier les risques, d&rsquo;\u00e9valuer l&rsquo;attractivit\u00e9 de votre territoire et de pr\u00e9parer une strat\u00e9gie de recrutement avant que la situation ne devienne critique.<\/p>\n<p data-start=\"3641\" data-end=\"3786\">\ud83d\udc49 <strong data-start=\"3644\" data-end=\"3786\">BRM Conseil accompagne les collectivit\u00e9s dans l&rsquo;anticipation des d\u00e9parts de m\u00e9decins et la pr\u00e9paration de projets d&rsquo;installation durables.<\/strong><\/p>\n<p>[\/et_pb_cta][et_pb_button button_url=\u00a0\u00bbhttps:\/\/brm-conseil.fr\/fr\/espace-recruteurs-brm-conseil\/\u00a0\u00bb button_text=\u00a0\u00bbPr\u00e9parer notre strat\u00e9gie de recrutement\u00a0\u00bb button_alignment=\u00a0\u00bbcenter\u00a0\u00bb _builder_version=\u00a0\u00bb4.27.7&Prime; _module_preset=\u00a0\u00bbdefault\u00a0\u00bb custom_button=\u00a0\u00bbon\u00a0\u00bb button_text_size=\u00a0\u00bb25px\u00a0\u00bb button_text_color=\u00a0\u00bb#0C71C3&Prime; button_border_width=\u00a0\u00bb7px\u00a0\u00bb button_border_color=\u00a0\u00bb#0C71C3&Prime; button_border_radius=\u00a0\u00bb82px\u00a0\u00bb button_letter_spacing=\u00a0\u00bb0px\u00a0\u00bb button_font=\u00a0\u00bb|600|||||||\u00a0\u00bb global_colors_info=\u00a0\u00bb{}\u00a0\u00bb][\/et_pb_button][et_pb_text _builder_version=\u00a0\u00bb4.27.7&Prime; _module_preset=\u00a0\u00bbdefault\u00a0\u00bb global_colors_info=\u00a0\u00bb{}\u00a0\u00bb]<\/p>\n<h1 data-section-id=\"di1t52\" data-start=\"311\" data-end=\"358\" class=\"PDq2pG_selectionAnchorContainer\" style=\"text-align: justify;\"><span style=\"color: #0c71c3;\"><span role=\"text\"><strong data-start=\"313\" data-end=\"358\">2. Construire un projet m\u00e9dical attractif<\/strong><\/span><span aria-hidden=\"true\" class=\"PDq2pG_selectionAnchor\"><\/span><\/span><\/h1>\n<h3 data-section-id=\"zamd46\" data-start=\"360\" data-end=\"376\" style=\"text-align: justify;\"><\/h3>\n<p data-start=\"378\" data-end=\"559\" style=\"text-align: justify;\">Pendant longtemps, de nombreuses collectivit\u00e9s pensaient qu&rsquo;un cabinet m\u00e9dical disponible, des locaux r\u00e9nov\u00e9s ou une aide financi\u00e8re suffisaient pour attirer un m\u00e9decin g\u00e9n\u00e9raliste. Concevoir un projet attractif constitue aujourd&rsquo;hui l&rsquo;une des \u00e9tapes les plus importantes pour r\u00e9ussir le <a href=\"https:\/\/brm-conseil.fr\/fr\/cabinet-de-recrutement-medecin\/\"><strong data-start=\"1453\" data-end=\"1481\">recrutement d&rsquo;un m\u00e9decin<\/strong><\/a>.<\/p>\n<p data-start=\"561\" data-end=\"611\" style=\"text-align: justify;\">Cette approche est aujourd&rsquo;hui largement d\u00e9pass\u00e9e.<\/p>\n<p data-start=\"613\" data-end=\"900\" style=\"text-align: justify;\">Les m\u00e9decins disposent d\u00e9sormais d&rsquo;un large choix de modes d&rsquo;exercice et de territoires d&rsquo;installation. Ils comparent plusieurs projets avant de prendre leur d\u00e9cision et recherchent avant tout des conditions d&rsquo;exercice qui correspondent \u00e0 leurs attentes professionnelles et personnelles.<\/p>\n<p data-start=\"902\" data-end=\"1028\" style=\"text-align: justify;\">Autrement dit, ils ne choisissent plus seulement un cabinet. Ils choisissent un projet m\u00e9dical, une \u00e9quipe et un cadre de vie.<\/p>\n<h2 data-section-id=\"1bpixid\" data-start=\"1035\" data-end=\"1090\" style=\"text-align: justify;\"><span style=\"color: #0c71c3;\">Un m\u00e9decin choisit d&rsquo;abord ses conditions d&rsquo;exercice<\/span><\/h2>\n<p data-start=\"1092\" data-end=\"1194\" style=\"text-align: justify;\">Avant d&rsquo;accepter une installation, un praticien cherche \u00e0 comprendre comment il exercera au quotidien.<\/p>\n<p data-start=\"1196\" data-end=\"1254\" style=\"text-align: justify;\">Il s&rsquo;interroge notamment sur plusieurs points essentiels :<\/p>\n<ul data-start=\"1256\" data-end=\"1628\" style=\"text-align: justify;\">\n<li data-section-id=\"109yi45\" data-start=\"1256\" data-end=\"1305\">Travaillera-t-il seul ou au sein d&rsquo;une \u00e9quipe ?<\/li>\n<li data-section-id=\"11otzz6\" data-start=\"1306\" data-end=\"1379\">Pourra-t-il \u00e9changer facilement avec d&rsquo;autres professionnels de sant\u00e9 ?<\/li>\n<li data-section-id=\"1a6yp27\" data-start=\"1380\" data-end=\"1451\">Un secr\u00e9tariat est-il pr\u00e9vu pour limiter les t\u00e2ches administratives ?<\/li>\n<li data-section-id=\"1ymzqsp\" data-start=\"1452\" data-end=\"1498\">Les locaux sont-ils adapt\u00e9s \u00e0 son activit\u00e9 ?<\/li>\n<li data-section-id=\"1yf339y\" data-start=\"1499\" data-end=\"1628\">Les horaires et l&rsquo;organisation lui permettront-ils de pr\u00e9server un bon \u00e9quilibre entre vie professionnelle et vie personnelle ?<\/li>\n<\/ul>\n<p data-start=\"1630\" data-end=\"1743\" style=\"text-align: justify;\">Ces \u00e9l\u00e9ments influencent souvent davantage la d\u00e9cision du m\u00e9decin que le montant des aides financi\u00e8res propos\u00e9es.<\/p>\n<h2 data-section-id=\"10xou8y\" data-start=\"1750\" data-end=\"1809\" style=\"text-align: justify;\"><span style=\"color: #0c71c3;\">Construire un projet coh\u00e9rent plut\u00f4t qu&rsquo;une simple offre<\/span><\/h2>\n<p data-start=\"1811\" data-end=\"1899\" style=\"text-align: justify;\">Les collectivit\u00e9s qui recrutent durablement pr\u00e9sentent un projet structur\u00e9 et rassurant.<\/p>\n<p data-start=\"1901\" data-end=\"1931\" style=\"text-align: justify;\">Ce projet d\u00e9crit pr\u00e9cis\u00e9ment :<\/p>\n<ul data-start=\"1933\" data-end=\"2237\" style=\"text-align: justify;\">\n<li data-section-id=\"13gj2zw\" data-start=\"1933\" data-end=\"1971\">les besoins m\u00e9dicaux du territoire ;<\/li>\n<li data-section-id=\"1o2pfbm\" data-start=\"1972\" data-end=\"2030\">le mode d&rsquo;exercice propos\u00e9 (lib\u00e9ral, salari\u00e9 ou mixte) ;<\/li>\n<li data-section-id=\"1kymig8\" data-start=\"2031\" data-end=\"2076\">les professionnels de sant\u00e9 d\u00e9j\u00e0 pr\u00e9sents ;<\/li>\n<li data-section-id=\"d1fkpy\" data-start=\"2077\" data-end=\"2134\">les perspectives de d\u00e9veloppement de l&rsquo;offre de soins ;<\/li>\n<li data-section-id=\"7iymj8\" data-start=\"2135\" data-end=\"2186\">les moyens mis \u00e0 disposition du futur praticien ;<\/li>\n<li data-section-id=\"135z7wj\" data-start=\"2187\" data-end=\"2237\">l&rsquo;accompagnement pr\u00e9vu pendant son installation.<\/li>\n<\/ul>\n<p data-start=\"2239\" data-end=\"2362\" style=\"text-align: justify;\">Cette vision globale permet au m\u00e9decin de se projeter plus facilement et renforce sa confiance dans la p\u00e9rennit\u00e9 du projet.<\/p>\n<h2 data-section-id=\"4i9eij\" data-start=\"2369\" data-end=\"2403\" style=\"text-align: justify;\"><span style=\"color: #0c71c3;\">Les erreurs les plus fr\u00e9quentes<\/span><\/h2>\n<p data-start=\"2405\" data-end=\"2523\" style=\"text-align: justify;\">Certaines communes concentrent encore leurs efforts sur des \u00e9l\u00e9ments qui, \u00e0 eux seuls, ne suffisent plus \u00e0 convaincre.<\/p>\n<p data-start=\"2525\" data-end=\"2538\" style=\"text-align: justify;\">Par exemple :<\/p>\n<ul data-start=\"2540\" data-end=\"2832\" style=\"text-align: justify;\">\n<li data-section-id=\"yvkbm8\" data-start=\"2540\" data-end=\"2604\">pr\u00e9senter uniquement les caract\u00e9ristiques du cabinet m\u00e9dical ;<\/li>\n<li data-section-id=\"1b6v1gf\" data-start=\"2605\" data-end=\"2660\">mettre en avant exclusivement les aides financi\u00e8res ;<\/li>\n<li data-section-id=\"1q6f8c5\" data-start=\"2661\" data-end=\"2713\">ne pas expliquer le projet m\u00e9dical du territoire ;<\/li>\n<li data-section-id=\"14hljtx\" data-start=\"2714\" data-end=\"2768\">ne pas associer les autres professionnels de sant\u00e9 ;<\/li>\n<li data-section-id=\"e6jbvx\" data-start=\"2769\" data-end=\"2832\">lancer le recrutement sans avoir d\u00e9fini une strat\u00e9gie claire.<\/li>\n<\/ul>\n<p data-start=\"2834\" data-end=\"2979\" style=\"text-align: justify;\">\u00c0 l&rsquo;inverse, les collectivit\u00e9s qui r\u00e9ussissent expliquent pourquoi leur territoire constitue un environnement professionnel stimulant et durable.<\/p>\n<h2 data-section-id=\"1btecd8\" data-start=\"2986\" data-end=\"3034\" style=\"text-align: justify;\"><span style=\"color: #0c71c3;\">Les composantes d&rsquo;un projet m\u00e9dical attractif<\/span><\/h2>\n<p data-start=\"3036\" data-end=\"3114\" style=\"text-align: justify;\">Un projet cr\u00e9dible repose g\u00e9n\u00e9ralement sur plusieurs piliers compl\u00e9mentaires :<\/p>\n<ul data-start=\"3116\" data-end=\"3440\" style=\"text-align: justify;\">\n<li data-section-id=\"65kvid\" data-start=\"3116\" data-end=\"3156\">une patient\u00e8le clairement identifi\u00e9e ;<\/li>\n<li data-section-id=\"h05xhh\" data-start=\"3157\" data-end=\"3200\">une organisation des soins bien d\u00e9finie ;<\/li>\n<li data-section-id=\"y65p21\" data-start=\"3201\" data-end=\"3264\">un exercice coordonn\u00e9 avec d&rsquo;autres professionnels de sant\u00e9 ;<\/li>\n<li data-section-id=\"1trc9f7\" data-start=\"3265\" data-end=\"3323\">des conditions de travail favorisant la qualit\u00e9 de vie ;<\/li>\n<li data-section-id=\"1yvu5o5\" data-start=\"3324\" data-end=\"3386\">un accompagnement personnalis\u00e9 du m\u00e9decin et de sa famille ;<\/li>\n<li data-section-id=\"1onabb2\" data-start=\"3387\" data-end=\"3440\">une vision \u00e0 long terme port\u00e9e par les \u00e9lus locaux.<\/li>\n<\/ul>\n<p data-start=\"3442\" data-end=\"3606\" style=\"text-align: justify;\">Pris ensemble, ces \u00e9l\u00e9ments donnent au praticien une visibilit\u00e9 sur son avenir professionnel et augmentent significativement les chances d&rsquo;une installation durable.<\/p>\n<p>[\/et_pb_text][et_pb_cta title=\u00a0\u00bbLes attentes des m\u00e9decins ont chang\u00e9\u00a0\u00bb button_text=\u00a0\u00bbClics\u00a0\u00bb _builder_version=\u00a0\u00bb4.27.7&Prime; _module_preset=\u00a0\u00bbdefault\u00a0\u00bb header_font=\u00a0\u00bb|700|||||||\u00a0\u00bb header_font_size=\u00a0\u00bb35px\u00a0\u00bb body_font_size=\u00a0\u00bb19px\u00a0\u00bb width=\u00a0\u00bb100%\u00a0\u00bb min_height=\u00a0\u00bb100px\u00a0\u00bb max_height=\u00a0\u00bb1000px\u00a0\u00bb filter_hue_rotate=\u00a0\u00bb23deg\u00a0\u00bb filter_saturate=\u00a0\u00bb113%\u00a0\u00bb filter_contrast=\u00a0\u00bb111%\u00a0\u00bb box_shadow_style=\u00a0\u00bbpreset6&Prime; box_shadow_horizontal=\u00a0\u00bb23px\u00a0\u00bb box_shadow_spread=\u00a0\u00bb19px\u00a0\u00bb global_colors_info=\u00a0\u00bb{}\u00a0\u00bb]<\/p>\n<h1 data-section-id=\"maaxpz\" data-start=\"7634\" data-end=\"7655\" class=\"PDq2pG_selectionAnchorContainer\" style=\"text-align: left;\"><\/h1>\n<p data-start=\"2119\" data-end=\"2195\">Aujourd&rsquo;hui, les m\u00e9decins ne choisissent plus uniquement un lieu d&rsquo;exercice.<\/p>\n<p data-start=\"2197\" data-end=\"2224\">Ils recherchent \u00e9galement :<\/p>\n<p data-start=\"2226\" data-end=\"2239\">\u2714 une \u00e9quipe.<\/p>\n<p data-start=\"2241\" data-end=\"2263\">\u2714 un \u00e9quilibre de vie.<\/p>\n<p data-start=\"2265\" data-end=\"2302\">\u2714 des conditions de travail modernes.<\/p>\n<p data-start=\"2304\" data-end=\"2343\">\u2714 moins de contraintes administratives.<\/p>\n<p data-start=\"2345\" data-end=\"2405\">\u2714 un territoire o\u00f9 leur famille pourra \u00e9galement s&rsquo;\u00e9panouir.<\/p>\n<p data-start=\"2407\" data-end=\"2508\">Les collectivit\u00e9s qui int\u00e8grent ces attentes dans leur projet augmentent nettement leur attractivit\u00e9.<\/p>\n<p>[\/et_pb_cta][et_pb_cta title=\u00a0\u00bb\u00c0 retenir\u00a0\u00bb button_text=\u00a0\u00bbClics\u00a0\u00bb _builder_version=\u00a0\u00bb4.27.7&Prime; _module_preset=\u00a0\u00bbdefault\u00a0\u00bb header_font=\u00a0\u00bb|700|||||||\u00a0\u00bb header_font_size=\u00a0\u00bb35px\u00a0\u00bb body_font_size=\u00a0\u00bb19px\u00a0\u00bb width=\u00a0\u00bb100%\u00a0\u00bb min_height=\u00a0\u00bb100px\u00a0\u00bb max_height=\u00a0\u00bb1000px\u00a0\u00bb filter_hue_rotate=\u00a0\u00bb23deg\u00a0\u00bb filter_saturate=\u00a0\u00bb113%\u00a0\u00bb filter_contrast=\u00a0\u00bb111%\u00a0\u00bb box_shadow_style=\u00a0\u00bbpreset6&Prime; box_shadow_horizontal=\u00a0\u00bb23px\u00a0\u00bb box_shadow_spread=\u00a0\u00bb19px\u00a0\u00bb global_colors_info=\u00a0\u00bb{}\u00a0\u00bb]<\/p>\n<h1 data-section-id=\"maaxpz\" data-start=\"7634\" data-end=\"7655\" class=\"PDq2pG_selectionAnchorContainer\" style=\"text-align: left;\"><\/h1>\n<p data-start=\"7657\" data-end=\"7713\" style=\"text-align: left;\">Les m\u00e9decins ne recherchent plus simplement un local o\u00f9 exercer. Ils souhaitent rejoindre un territoire qui leur offre un projet m\u00e9dical coh\u00e9rent, des conditions de travail de qualit\u00e9 et une perspective d&rsquo;installation durable.<\/p>\n<p>[\/et_pb_cta][et_pb_cta title=\u00a0\u00bbVotre projet m\u00e9dical est-il suffisamment attractif pour convaincre un m\u00e9decin ?\u00a0\u00bb _builder_version=\u00a0\u00bb4.27.7&Prime; _module_preset=\u00a0\u00bbdefault\u00a0\u00bb header_level=\u00a0\u00bbh1&Prime; header_font=\u00a0\u00bb|600|||||||\u00a0\u00bb header_font_size=\u00a0\u00bb38px\u00a0\u00bb body_font=\u00a0\u00bb|600|||||||\u00a0\u00bb background_color=\u00a0\u00bb#0C71C3&Prime; global_colors_info=\u00a0\u00bb{}\u00a0\u00bb]<\/p>\n<h2 data-section-id=\"vox713\" data-start=\"3867\" data-end=\"3949\" class=\"PDq2pG_selectionAnchorContainer\"><\/h2>\n<p data-start=\"3951\" data-end=\"4182\">Avant de lancer un recrutement, il est essentiel d&rsquo;\u00e9valuer votre projet avec le regard d&rsquo;un praticien. Quelques ajustements peuvent parfois faire toute la diff\u00e9rence entre une offre ignor\u00e9e et un projet qui suscite un r\u00e9el int\u00e9r\u00eat.<\/p>\n<p data-start=\"4184\" data-end=\"4367\">\ud83d\udc49 <strong data-start=\"4187\" data-end=\"4367\">BRM Conseil accompagne les collectivit\u00e9s dans la conception et la valorisation de projets m\u00e9dicaux attractifs afin d&rsquo;augmenter leurs chances de recruter durablement un m\u00e9decin.<\/strong><\/p>\n<p>[\/et_pb_cta][et_pb_button button_url=\u00a0\u00bbhttps:\/\/brm-conseil.fr\/fr\/espace-recruteurs-brm-conseil\/\u00a0\u00bb button_text=\u00a0\u00bb\u00c9valuer notre projet m\u00e9dical\u00a0\u00bb button_alignment=\u00a0\u00bbcenter\u00a0\u00bb _builder_version=\u00a0\u00bb4.27.7&Prime; _module_preset=\u00a0\u00bbdefault\u00a0\u00bb custom_button=\u00a0\u00bbon\u00a0\u00bb button_text_size=\u00a0\u00bb25px\u00a0\u00bb button_text_color=\u00a0\u00bb#0C71C3&Prime; button_border_width=\u00a0\u00bb7px\u00a0\u00bb button_border_color=\u00a0\u00bb#0C71C3&Prime; button_border_radius=\u00a0\u00bb82px\u00a0\u00bb button_letter_spacing=\u00a0\u00bb0px\u00a0\u00bb button_font=\u00a0\u00bb|600|||||||\u00a0\u00bb global_colors_info=\u00a0\u00bb{}\u00a0\u00bb][\/et_pb_button][et_pb_text _builder_version=\u00a0\u00bb4.27.7&Prime; _module_preset=\u00a0\u00bbdefault\u00a0\u00bb global_colors_info=\u00a0\u00bb{}\u00a0\u00bb]<\/p>\n<h1 data-section-id=\"1toseqs\" data-start=\"376\" data-end=\"425\" class=\"PDq2pG_selectionAnchorContainer\" style=\"text-align: justify;\"><span role=\"text\" style=\"color: #0c71c3;\"><strong data-start=\"378\" data-end=\"425\">3. Valoriser les atouts de votre territoire<\/strong><\/span><span aria-hidden=\"true\" class=\"PDq2pG_selectionAnchor\"><\/span><\/h1>\n<p style=\"text-align: justify;\"><span role=\"text\"><strong data-start=\"378\" data-end=\"425\"><\/strong><\/span><\/p>\n<p data-start=\"445\" data-end=\"719\" style=\"text-align: justify;\">Dans un contexte de p\u00e9nurie m\u00e9dicale, les m\u00e9decins disposent souvent de plusieurs opportunit\u00e9s professionnelles. \u00c0 comp\u00e9tences \u00e9gales, ils privil\u00e9gient g\u00e9n\u00e9ralement le territoire qui leur offre les meilleures perspectives, aussi bien sur le plan professionnel que personnel.<\/p>\n<p data-start=\"721\" data-end=\"962\" style=\"text-align: justify;\">Pour une commune, l&rsquo;enjeu n&rsquo;est donc pas uniquement de proposer un cabinet m\u00e9dical. Il s&rsquo;agit de d\u00e9montrer qu&rsquo;elle constitue un lieu o\u00f9 le m\u00e9decin pourra exercer dans de bonnes conditions, mais aussi construire durablement son projet de vie.<\/p>\n<p data-start=\"964\" data-end=\"1051\" style=\"text-align: justify;\">Valoriser les atouts de son territoire est aujourd&rsquo;hui un levier majeur d&rsquo;attractivit\u00e9.<\/p>\n<h2 data-section-id=\"127vall\" data-start=\"1058\" data-end=\"1107\" style=\"text-align: justify;\"><span style=\"color: #0c71c3;\">Les m\u00e9decins choisissent aussi un cadre de vie<\/span><\/h2>\n<p data-start=\"1109\" data-end=\"1275\" style=\"text-align: justify;\">L&rsquo;installation d&rsquo;un m\u00e9decin engage souvent toute une famille. Avant de prendre une d\u00e9cision, le praticien \u00e9value naturellement la qualit\u00e9 de vie qui lui sera offerte.<\/p>\n<p data-start=\"1277\" data-end=\"1341\" style=\"text-align: justify;\">Parmi les crit\u00e8res les plus souvent \u00e9tudi\u00e9s figurent notamment :<\/p>\n<ul data-start=\"1343\" data-end=\"1677\" style=\"text-align: justify;\">\n<li data-section-id=\"f303ln\" data-start=\"1343\" data-end=\"1405\">la qualit\u00e9 des \u00e9coles et des \u00e9tablissements d&rsquo;enseignement ;<\/li>\n<li data-section-id=\"kvdcwb\" data-start=\"1406\" data-end=\"1452\">les possibilit\u00e9s d&#8217;emploi pour le conjoint ;<\/li>\n<li data-section-id=\"1a6nyz0\" data-start=\"1453\" data-end=\"1488\">l&rsquo;offre de logements disponible ;<\/li>\n<li data-section-id=\"1v6ckm\" data-start=\"1489\" data-end=\"1535\">les commerces et les services de proximit\u00e9 ;<\/li>\n<li data-section-id=\"rbtp9p\" data-start=\"1536\" data-end=\"1577\">les \u00e9quipements sportifs et culturels ;<\/li>\n<li data-section-id=\"1vrcssx\" data-start=\"1578\" data-end=\"1629\">les transports et l&rsquo;accessibilit\u00e9 du territoire ;<\/li>\n<li data-section-id=\"oifl24\" data-start=\"1630\" data-end=\"1677\">l&rsquo;environnement naturel et la qualit\u00e9 de vie.<\/li>\n<\/ul>\n<p data-start=\"1679\" data-end=\"1770\" style=\"text-align: justify;\">Ces \u00e9l\u00e9ments peuvent faire la diff\u00e9rence entre deux projets m\u00e9dicaux pourtant tr\u00e8s proches.<\/p>\n<h2 data-section-id=\"4wwzcw\" data-start=\"1777\" data-end=\"1823\" style=\"text-align: justify;\"><span style=\"color: #0c71c3;\">Mettre en avant les forces de votre commune<\/span><\/h2>\n<p data-start=\"1825\" data-end=\"1928\" style=\"text-align: justify;\">Toutes les collectivit\u00e9s poss\u00e8dent des atouts. Encore faut-il savoir les pr\u00e9senter de mani\u00e8re concr\u00e8te.<\/p>\n<p data-start=\"1930\" data-end=\"1972\" style=\"text-align: justify;\">Une commune peut, par exemple, valoriser :<\/p>\n<ul data-start=\"1974\" data-end=\"2269\" style=\"text-align: justify;\">\n<li data-section-id=\"z8vfjr\" data-start=\"1974\" data-end=\"2020\">une maison de sant\u00e9 d\u00e9j\u00e0 en fonctionnement ;<\/li>\n<li data-section-id=\"1jsot17\" data-start=\"2021\" data-end=\"2067\">un r\u00e9seau actif de professionnels de sant\u00e9 ;<\/li>\n<li data-section-id=\"b91w3h\" data-start=\"2068\" data-end=\"2111\">une patient\u00e8le imm\u00e9diatement disponible ;<\/li>\n<li data-section-id=\"1yekhi0\" data-start=\"2112\" data-end=\"2149\">un cadre de vie calme et s\u00e9curis\u00e9 ;<\/li>\n<li data-section-id=\"169seau\" data-start=\"2150\" data-end=\"2189\">une proximit\u00e9 avec une grande ville ;<\/li>\n<li data-section-id=\"6he9e3\" data-start=\"2190\" data-end=\"2223\">une vie associative dynamique ;<\/li>\n<li data-section-id=\"f23ody\" data-start=\"2224\" data-end=\"2269\">des projets de d\u00e9veloppement du territoire.<\/li>\n<\/ul>\n<p data-start=\"2271\" data-end=\"2376\" style=\"text-align: justify;\">Pr\u00e9sent\u00e9s ensemble, ces \u00e9l\u00e9ments permettent au m\u00e9decin de mieux se projeter dans son futur environnement.<\/p>\n<h2 data-section-id=\"1d57toc\" data-start=\"2383\" data-end=\"2428\" style=\"text-align: justify;\"><span style=\"color: #0c71c3;\">Construire un argumentaire qui donne envie<\/span><\/h2>\n<p data-start=\"2430\" data-end=\"2546\" style=\"text-align: justify;\">Les collectivit\u00e9s qui recrutent efficacement racontent une histoire plut\u00f4t qu&rsquo;elles ne diffusent une simple annonce.<\/p>\n<p data-start=\"2548\" data-end=\"2566\" style=\"text-align: justify;\">Elles expliquent :<\/p>\n<ul data-start=\"2568\" data-end=\"2818\" style=\"text-align: justify;\">\n<li data-section-id=\"1lfp9ku\" data-start=\"2568\" data-end=\"2618\">pourquoi leur territoire a besoin d&rsquo;un m\u00e9decin ;<\/li>\n<li data-section-id=\"13d2fv0\" data-start=\"2619\" data-end=\"2662\">ce que le praticien pourra y construire ;<\/li>\n<li data-section-id=\"y747lg\" data-start=\"2663\" data-end=\"2709\">les moyens qui seront mis \u00e0 sa disposition ;<\/li>\n<li data-section-id=\"10r7y99\" data-start=\"2710\" data-end=\"2770\">les personnes qui l&rsquo;accompagneront dans son installation ;<\/li>\n<li data-section-id=\"12ej8uz\" data-start=\"2771\" data-end=\"2818\">les perspectives d&rsquo;\u00e9volution de son activit\u00e9.<\/li>\n<\/ul>\n<p data-start=\"2820\" data-end=\"2929\" style=\"text-align: justify;\">Cette approche cr\u00e9e une relation de confiance et aide le m\u00e9decin \u00e0 se projeter bien avant sa premi\u00e8re visite.<\/p>\n<h2 data-section-id=\"1ta7leo\" data-start=\"2936\" data-end=\"2990\" style=\"text-align: justify;\"><span style=\"color: #0c71c3;\">Chaque territoire poss\u00e8de des atouts diff\u00e9renciants<\/span><\/h2>\n<p data-start=\"2992\" data-end=\"3055\" style=\"text-align: justify;\">Certaines communes mettent en avant leur environnement naturel.<\/p>\n<p data-start=\"3057\" data-end=\"3214\" style=\"text-align: justify;\">D&rsquo;autres valorisent leur proximit\u00e9 avec un centre hospitalier, leur dynamisme \u00e9conomique, leur qualit\u00e9 de vie ou encore la richesse de leur tissu associatif.<\/p>\n<p data-start=\"3216\" data-end=\"3254\" style=\"text-align: justify;\">Il n&rsquo;existe pas de territoire parfait.<\/p>\n<p data-start=\"3256\" data-end=\"3507\" style=\"text-align: justify;\">En revanche, chaque territoire poss\u00e8de des caract\u00e9ristiques susceptibles de r\u00e9pondre aux attentes d&rsquo;un ou plusieurs profils de m\u00e9decins. L&rsquo;objectif est d&rsquo;identifier ces forces puis de les transformer en arguments convaincants au moment du recrutement.<\/p>\n<p>[\/et_pb_text][et_pb_cta title=\u00a0\u00bb\u00c0 retenir\u00a0\u00bb button_text=\u00a0\u00bbClics\u00a0\u00bb _builder_version=\u00a0\u00bb4.27.7&Prime; _module_preset=\u00a0\u00bbdefault\u00a0\u00bb header_font=\u00a0\u00bb|700|||||||\u00a0\u00bb header_font_size=\u00a0\u00bb35px\u00a0\u00bb body_font_size=\u00a0\u00bb19px\u00a0\u00bb width=\u00a0\u00bb100%\u00a0\u00bb min_height=\u00a0\u00bb100px\u00a0\u00bb max_height=\u00a0\u00bb1000px\u00a0\u00bb filter_hue_rotate=\u00a0\u00bb23deg\u00a0\u00bb filter_saturate=\u00a0\u00bb113%\u00a0\u00bb filter_contrast=\u00a0\u00bb111%\u00a0\u00bb box_shadow_style=\u00a0\u00bbpreset6&Prime; box_shadow_horizontal=\u00a0\u00bb23px\u00a0\u00bb box_shadow_spread=\u00a0\u00bb19px\u00a0\u00bb global_colors_info=\u00a0\u00bb{}\u00a0\u00bb]<\/p>\n<h1 data-section-id=\"maaxpz\" data-start=\"7634\" data-end=\"7655\" class=\"PDq2pG_selectionAnchorContainer\" style=\"text-align: left;\"><\/h1>\n<p data-start=\"7657\" data-end=\"7713\" style=\"text-align: left;\">Les m\u00e9decins ne choisissent pas uniquement un lieu d&rsquo;exercice. Ils choisissent \u00e9galement un territoire dans lequel ils pourront s&rsquo;\u00e9panouir professionnellement et personnellement. Une commune qui sait mettre en valeur ses atouts renforce significativement son pouvoir d&rsquo;attraction.<\/p>\n<p>[\/et_pb_cta][et_pb_cta title=\u00a0\u00bbVotre territoire est-il pr\u00e9sent\u00e9 \u00e0 sa juste valeur ?\u00a0\u00bb _builder_version=\u00a0\u00bb4.27.7&Prime; _module_preset=\u00a0\u00bbdefault\u00a0\u00bb header_level=\u00a0\u00bbh1&Prime; header_font=\u00a0\u00bb|600|||||||\u00a0\u00bb header_font_size=\u00a0\u00bb38px\u00a0\u00bb body_font=\u00a0\u00bb|600|||||||\u00a0\u00bb background_color=\u00a0\u00bb#0C71C3&Prime; global_colors_info=\u00a0\u00bb{}\u00a0\u00bb]<\/p>\n<h2 data-section-id=\"vox713\" data-start=\"3867\" data-end=\"3949\" class=\"PDq2pG_selectionAnchorContainer\"><\/h2>\n<p data-start=\"3879\" data-end=\"4120\">De nombreuses collectivit\u00e9s disposent d&rsquo;atouts r\u00e9els mais peinent \u00e0 les transformer en arguments convaincants aupr\u00e8s des m\u00e9decins. Une pr\u00e9sentation structur\u00e9e du territoire peut faire la diff\u00e9rence d\u00e8s les premiers \u00e9changes avec un candidat.<\/p>\n<p data-start=\"4122\" data-end=\"4283\">\ud83d\udc49 <strong data-start=\"4125\" data-end=\"4283\">BRM Conseil accompagne les collectivit\u00e9s pour identifier leurs points forts et construire un argumentaire d&rsquo;attractivit\u00e9 adapt\u00e9 aux attentes des m\u00e9decins.<\/strong><\/p>\n<p>[\/et_pb_cta][et_pb_button button_url=\u00a0\u00bbhttps:\/\/brm-conseil.fr\/fr\/espace-recruteurs-brm-conseil\/\u00a0\u00bb button_text=\u00a0\u00bbValoriser notre territoire\u00a0\u00bb button_alignment=\u00a0\u00bbcenter\u00a0\u00bb _builder_version=\u00a0\u00bb4.27.7&Prime; _module_preset=\u00a0\u00bbdefault\u00a0\u00bb custom_button=\u00a0\u00bbon\u00a0\u00bb button_text_size=\u00a0\u00bb25px\u00a0\u00bb button_text_color=\u00a0\u00bb#0C71C3&Prime; button_border_width=\u00a0\u00bb7px\u00a0\u00bb button_border_color=\u00a0\u00bb#0C71C3&Prime; button_border_radius=\u00a0\u00bb82px\u00a0\u00bb button_letter_spacing=\u00a0\u00bb0px\u00a0\u00bb button_font=\u00a0\u00bb|600|||||||\u00a0\u00bb global_colors_info=\u00a0\u00bb{}\u00a0\u00bb][\/et_pb_button][et_pb_text _builder_version=\u00a0\u00bb4.27.7&Prime; _module_preset=\u00a0\u00bbdefault\u00a0\u00bb global_colors_info=\u00a0\u00bb{}\u00a0\u00bb]<\/p>\n<h1 data-section-id=\"10w7o85\" data-start=\"315\" data-end=\"387\" class=\"PDq2pG_selectionAnchorContainer\" style=\"text-align: justify;\"><span role=\"text\" style=\"color: #0c71c3;\"><strong data-start=\"317\" data-end=\"387\">4. Aller chercher les m\u00e9decins au lieu d&rsquo;attendre leur candidature<\/strong><\/span><span aria-hidden=\"true\" class=\"PDq2pG_selectionAnchor\"><\/span><\/h1>\n<p><span role=\"text\"><strong data-start=\"317\" data-end=\"387\"><\/strong><\/span><\/p>\n<p data-start=\"407\" data-end=\"532\" style=\"text-align: justify;\">Pendant de nombreuses ann\u00e9es, les collectivit\u00e9s diffusaient une annonce en esp\u00e9rant qu&rsquo;un m\u00e9decin s&rsquo;y int\u00e9resse spontan\u00e9ment. Cette d\u00e9marche est g\u00e9n\u00e9ralement men\u00e9e par un <a href=\"https:\/\/brm-conseil.fr\/fr\/cabinet-de-recrutement-medecin\/\"><strong data-start=\"1667\" data-end=\"1721\">cabinet sp\u00e9cialis\u00e9 dans le recrutement de m\u00e9decins<\/strong><\/a>, capable d&rsquo;identifier les praticiens susceptibles d&rsquo;\u00eatre int\u00e9ress\u00e9s par votre territoire.<\/p>\n<p data-start=\"534\" data-end=\"586\" style=\"text-align: justify;\">Aujourd&rsquo;hui, cette approche est rarement suffisante.<\/p>\n<p data-start=\"588\" data-end=\"911\" style=\"text-align: justify;\">Le march\u00e9 du recrutement m\u00e9dical a profond\u00e9ment \u00e9volu\u00e9. Les m\u00e9decins g\u00e9n\u00e9ralistes susceptibles de changer d&rsquo;exercice sont peu nombreux et, dans leur grande majorit\u00e9, ils ne consultent pas r\u00e9guli\u00e8rement les offres d&#8217;emploi. Beaucoup sont d\u00e9j\u00e0 install\u00e9s, salari\u00e9s ou en remplacement, et ne se consid\u00e8rent pas comme candidats.<\/p>\n<p data-start=\"913\" data-end=\"1117\" style=\"text-align: justify;\">Pour recruter un m\u00e9decin, une commune doit donc adopter une d\u00e9marche proactive et aller directement \u00e0 la rencontre des praticiens dont le projet professionnel pourrait \u00eatre compatible avec son territoire.<\/p>\n<h2 data-section-id=\"15y5u8y\" data-start=\"1124\" data-end=\"1166\" style=\"text-align: justify;\"><span style=\"color: #0c71c3;\">Pourquoi les annonces ne suffisent plus<\/span><\/h2>\n<p data-start=\"1168\" data-end=\"1239\" style=\"text-align: justify;\">Publier une offre reste utile pour donner de la visibilit\u00e9 \u00e0 un projet.<\/p>\n<p data-start=\"1241\" data-end=\"1368\" style=\"text-align: justify;\">En revanche, cette d\u00e9marche ne permet g\u00e9n\u00e9ralement de toucher qu&rsquo;une faible partie des m\u00e9decins susceptibles d&rsquo;\u00eatre int\u00e9ress\u00e9s.<\/p>\n<p data-start=\"1370\" data-end=\"1553\" style=\"text-align: justify;\">Les praticiens les plus recherch\u00e9s exercent d\u00e9j\u00e0. Ils ne recherchent pas activement un poste, mais peuvent \u00eatre ouverts \u00e0 une nouvelle opportunit\u00e9 si celle-ci r\u00e9pond \u00e0 leurs attentes.<\/p>\n<p data-start=\"1555\" data-end=\"1770\" style=\"text-align: justify;\">C&rsquo;est pourquoi les recrutements les plus efficaces reposent aujourd&rsquo;hui sur une combinaison de plusieurs actions : diffusion cibl\u00e9e des offres, d\u00e9veloppement du r\u00e9seau professionnel et approche directe des m\u00e9decins.<\/p>\n<h2 data-section-id=\"1lvrfez\" data-start=\"1777\" data-end=\"1836\" style=\"text-align: justify;\"><span style=\"color: #0c71c3;\">Identifier les praticiens susceptibles d&rsquo;\u00eatre int\u00e9ress\u00e9s<\/span><\/h2>\n<p data-start=\"1838\" data-end=\"1996\" style=\"text-align: justify;\">Une strat\u00e9gie performante consiste \u00e0 rechercher les m\u00e9decins dont le projet de vie ou les conditions d&rsquo;exercice pourraient \u00e9voluer dans les prochaines ann\u00e9es.<\/p>\n<p data-start=\"1998\" data-end=\"2011\" style=\"text-align: justify;\">Par exemple :<\/p>\n<ul data-start=\"2013\" data-end=\"2339\" style=\"text-align: justify;\">\n<li data-section-id=\"1eha2u0\" data-start=\"2013\" data-end=\"2064\">un m\u00e9decin souhaitant quitter un exercice isol\u00e9 ;<\/li>\n<li data-section-id=\"d2613e\" data-start=\"2065\" data-end=\"2160\">un praticien recherchant un meilleur \u00e9quilibre entre vie professionnelle et vie personnelle ;<\/li>\n<li data-section-id=\"ojlla4\" data-start=\"2161\" data-end=\"2228\">un m\u00e9decin souhaitant rejoindre une \u00e9quipe pluriprofessionnelle ;<\/li>\n<li data-section-id=\"coq8ky\" data-start=\"2229\" data-end=\"2284\">un rempla\u00e7ant envisageant une premi\u00e8re installation ;<\/li>\n<li data-section-id=\"jkuuj1\" data-start=\"2285\" data-end=\"2339\">un praticien en recherche d&rsquo;un nouveau cadre de vie.<\/li>\n<\/ul>\n<p data-start=\"2341\" data-end=\"2508\" style=\"text-align: justify;\">L&rsquo;objectif n&rsquo;est pas de contacter le plus grand nombre de m\u00e9decins, mais d&rsquo;identifier ceux dont les attentes sont r\u00e9ellement compatibles avec les atouts de la commune.<\/p>\n<h2 data-section-id=\"11dhi3t\" data-start=\"2515\" data-end=\"2555\" style=\"text-align: justify;\"><span style=\"color: #0c71c3;\">Personnaliser chaque prise de contact<\/span><\/h2>\n<p data-start=\"2557\" data-end=\"2613\" style=\"text-align: justify;\">Les m\u00e9decins re\u00e7oivent r\u00e9guli\u00e8rement des sollicitations.<\/p>\n<p data-start=\"2615\" data-end=\"2722\" style=\"text-align: justify;\">Un message g\u00e9n\u00e9rique d\u00e9crivant simplement un cabinet disponible a peu de chances de retenir leur attention.<\/p>\n<p data-start=\"2724\" data-end=\"2898\" style=\"text-align: justify;\">\u00c0 l&rsquo;inverse, une prise de contact personnalis\u00e9e, qui met en avant le projet m\u00e9dical, les conditions d&rsquo;exercice et les sp\u00e9cificit\u00e9s du territoire, suscite davantage d&rsquo;int\u00e9r\u00eat.<\/p>\n<p data-start=\"2900\" data-end=\"3062\" style=\"text-align: justify;\">Chaque \u00e9change doit montrer que la collectivit\u00e9 conna\u00eet les attentes du praticien et qu&rsquo;elle lui propose un projet construit, plut\u00f4t qu&rsquo;une simple offre d&#8217;emploi.<\/p>\n<h2 data-section-id=\"vqxz1f\" data-start=\"3069\" data-end=\"3112\" style=\"text-align: justify;\"><span style=\"color: #0c71c3;\">La qualit\u00e9 des \u00e9changes est d\u00e9terminante<\/span><\/h2>\n<p data-start=\"3114\" data-end=\"3189\" style=\"text-align: justify;\">Le premier contact ne d\u00e9bouche pas toujours sur une installation imm\u00e9diate.<\/p>\n<p data-start=\"3191\" data-end=\"3350\" style=\"text-align: justify;\">Dans de nombreux cas, le m\u00e9decin n&rsquo;est pas disponible au moment o\u00f9 il est sollicit\u00e9, mais peut envisager une \u00e9volution professionnelle quelques mois plus tard.<\/p>\n<p data-start=\"3352\" data-end=\"3621\" style=\"text-align: justify;\">Maintenir un dialogue, r\u00e9pondre \u00e0 ses interrogations et lui laisser le temps de m\u00fbrir son projet sont souvent des facteurs d\u00e9terminants. Le recrutement m\u00e9dical s&rsquo;inscrit davantage dans une logique de relation de confiance que dans une d\u00e9marche de recrutement classique.<\/p>\n<p>[\/et_pb_text][et_pb_cta title=\u00a0\u00bb\u00c0 retenir\u00a0\u00bb button_text=\u00a0\u00bbClics\u00a0\u00bb _builder_version=\u00a0\u00bb4.27.7&Prime; _module_preset=\u00a0\u00bbdefault\u00a0\u00bb header_font=\u00a0\u00bb|700|||||||\u00a0\u00bb header_font_size=\u00a0\u00bb35px\u00a0\u00bb body_font_size=\u00a0\u00bb19px\u00a0\u00bb width=\u00a0\u00bb100%\u00a0\u00bb min_height=\u00a0\u00bb100px\u00a0\u00bb max_height=\u00a0\u00bb1000px\u00a0\u00bb filter_hue_rotate=\u00a0\u00bb23deg\u00a0\u00bb filter_saturate=\u00a0\u00bb113%\u00a0\u00bb filter_contrast=\u00a0\u00bb111%\u00a0\u00bb box_shadow_style=\u00a0\u00bbpreset6&Prime; box_shadow_horizontal=\u00a0\u00bb23px\u00a0\u00bb box_shadow_spread=\u00a0\u00bb19px\u00a0\u00bb global_colors_info=\u00a0\u00bb{}\u00a0\u00bb]<\/p>\n<h1 data-section-id=\"maaxpz\" data-start=\"7634\" data-end=\"7655\" class=\"PDq2pG_selectionAnchorContainer\" style=\"text-align: left;\"><\/h1>\n<p data-start=\"7657\" data-end=\"7713\" style=\"text-align: left;\">Les communes qui recrutent durablement ne se contentent pas de publier une annonce. Elles d\u00e9veloppent une d\u00e9marche proactive pour identifier, approcher et convaincre les m\u00e9decins dont le projet professionnel est compatible avec leur territoire.<\/p>\n<p>[\/et_pb_cta][et_pb_cta title=\u00a0\u00bbVous recherchez un m\u00e9decin mais vos annonces restent sans r\u00e9ponse ?\u00a0\u00bb _builder_version=\u00a0\u00bb4.27.7&Prime; _module_preset=\u00a0\u00bbdefault\u00a0\u00bb header_level=\u00a0\u00bbh1&Prime; header_font=\u00a0\u00bb|600|||||||\u00a0\u00bb header_font_size=\u00a0\u00bb38px\u00a0\u00bb body_font=\u00a0\u00bb|600|||||||\u00a0\u00bb background_color=\u00a0\u00bb#0C71C3&Prime; global_colors_info=\u00a0\u00bb{}\u00a0\u00bb]<\/p>\n<h2 data-section-id=\"vox713\" data-start=\"3867\" data-end=\"3949\" class=\"PDq2pG_selectionAnchorContainer\"><\/h2>\n<h2 data-section-id=\"17k6ol\" data-start=\"3900\" data-end=\"3970\" class=\"PDq2pG_selectionAnchorContainer\"><\/h2>\n<p data-start=\"3972\" data-end=\"4101\">Le probl\u00e8me ne vient pas n\u00e9cessairement de votre commune. Dans de nombreux cas, c&rsquo;est la m\u00e9thode de recrutement qui doit \u00e9voluer.<\/p>\n<p data-start=\"4103\" data-end=\"4292\">\ud83d\udc49 <strong data-start=\"4106\" data-end=\"4292\">Depuis 2012, BRM Conseil identifie et approche directement des m\u00e9decins en France et en Europe afin de pr\u00e9senter aux praticiens des projets correspondant r\u00e9ellement \u00e0 leurs attentes.<\/strong><\/p>\n<p>[\/et_pb_cta][et_pb_button button_url=\u00a0\u00bbhttps:\/\/brm-conseil.fr\/fr\/espace-recruteurs-brm-conseil\/\u00a0\u00bb button_text=\u00a0\u00bb\u00c9changer avec un consultant\u00a0\u00bb button_alignment=\u00a0\u00bbcenter\u00a0\u00bb _builder_version=\u00a0\u00bb4.27.7&Prime; _module_preset=\u00a0\u00bbdefault\u00a0\u00bb custom_button=\u00a0\u00bbon\u00a0\u00bb button_text_size=\u00a0\u00bb25px\u00a0\u00bb button_text_color=\u00a0\u00bb#0C71C3&Prime; button_border_width=\u00a0\u00bb7px\u00a0\u00bb button_border_color=\u00a0\u00bb#0C71C3&Prime; button_border_radius=\u00a0\u00bb82px\u00a0\u00bb button_letter_spacing=\u00a0\u00bb0px\u00a0\u00bb button_font=\u00a0\u00bb|600|||||||\u00a0\u00bb global_colors_info=\u00a0\u00bb{}\u00a0\u00bb][\/et_pb_button][et_pb_text _builder_version=\u00a0\u00bb4.27.7&Prime; _module_preset=\u00a0\u00bbdefault\u00a0\u00bb global_colors_info=\u00a0\u00bb{}\u00a0\u00bb]<\/p>\n<h1 data-section-id=\"prbym0\" data-start=\"333\" data-end=\"389\" class=\"PDq2pG_selectionAnchorContainer\" style=\"text-align: justify;\"><span style=\"color: #0c71c3;\"><span role=\"text\"><strong data-start=\"335\" data-end=\"389\">5. Accompagner le m\u00e9decin jusqu&rsquo;\u00e0 son installation<\/strong><\/span><span aria-hidden=\"true\" class=\"PDq2pG_selectionAnchor\"><\/span><\/span><\/h1>\n<p style=\"text-align: justify;\"><span role=\"text\"><strong data-start=\"335\" data-end=\"389\"><\/strong><\/span><\/p>\n<p data-start=\"409\" data-end=\"491\" style=\"text-align: justify;\">Trouver un m\u00e9decin constitue une \u00e9tape essentielle, mais ce n&rsquo;est pas la derni\u00e8re.<\/p>\n<p data-start=\"493\" data-end=\"739\" style=\"text-align: justify;\">Entre l&rsquo;accord de principe et le d\u00e9but de l&rsquo;activit\u00e9, plusieurs mois peuvent s&rsquo;\u00e9couler. Durant cette p\u00e9riode, le praticien doit accomplir de nombreuses d\u00e9marches administratives, organiser son installation et pr\u00e9parer son arriv\u00e9e avec sa famille.<\/p>\n<p data-start=\"741\" data-end=\"860\" style=\"text-align: justify;\">Un accompagnement structur\u00e9 permet de s\u00e9curiser cette transition et d&rsquo;augmenter les chances d&rsquo;une installation durable.<\/p>\n<h2 data-section-id=\"7j3vci\" data-start=\"867\" data-end=\"915\" style=\"text-align: justify;\"><span style=\"color: #0c71c3;\">L&rsquo;installation d\u00e9passe le cadre professionnel<\/span><\/h2>\n<p data-start=\"917\" data-end=\"1001\" style=\"text-align: justify;\">Lorsqu&rsquo;un m\u00e9decin change de territoire, il ne transf\u00e8re pas uniquement son activit\u00e9.<\/p>\n<p data-start=\"1003\" data-end=\"1064\" style=\"text-align: justify;\">Il modifie \u00e9galement son environnement personnel et familial.<\/p>\n<p data-start=\"1066\" data-end=\"1112\" style=\"text-align: justify;\">Selon sa situation, il peut notamment devoir :<\/p>\n<ul data-start=\"1114\" data-end=\"1412\" style=\"text-align: justify;\">\n<li data-section-id=\"utzdkc\" data-start=\"1114\" data-end=\"1140\">rechercher un logement ;<\/li>\n<li data-section-id=\"1g7pq23\" data-start=\"1141\" data-end=\"1196\">inscrire ses enfants dans un \u00e9tablissement scolaire ;<\/li>\n<li data-section-id=\"xst7lz\" data-start=\"1197\" data-end=\"1252\">accompagner son conjoint dans sa recherche d&#8217;emploi ;<\/li>\n<li data-section-id=\"gg5os7\" data-start=\"1253\" data-end=\"1305\">d\u00e9couvrir les services et commerces de proximit\u00e9 ;<\/li>\n<li data-section-id=\"lr59aa\" data-start=\"1306\" data-end=\"1349\">effectuer ses d\u00e9marches administratives ;<\/li>\n<li data-section-id=\"1xrsv64\" data-start=\"1350\" data-end=\"1412\">rencontrer les autres professionnels de sant\u00e9 du territoire.<\/li>\n<\/ul>\n<p data-start=\"1414\" data-end=\"1482\" style=\"text-align: justify;\">Plus cette transition est pr\u00e9par\u00e9e, plus l&rsquo;installation est sereine.<\/p>\n<h2 data-section-id=\"3owi31\" data-start=\"1489\" data-end=\"1523\" style=\"text-align: justify;\"><span style=\"color: #0c71c3;\">Pr\u00e9parer l&rsquo;arriv\u00e9e du praticien<\/span><\/h2>\n<p data-start=\"1525\" data-end=\"1640\" style=\"text-align: justify;\">Les collectivit\u00e9s les plus performantes organisent l&rsquo;accueil du futur m\u00e9decin plusieurs semaines avant son arriv\u00e9e.<\/p>\n<p data-start=\"1642\" data-end=\"1677\" style=\"text-align: justify;\">Cette pr\u00e9paration peut comprendre :<\/p>\n<ul data-start=\"1679\" data-end=\"1974\" style=\"text-align: justify;\">\n<li data-section-id=\"175le3v\" data-start=\"1679\" data-end=\"1723\">la mise \u00e0 disposition du cabinet m\u00e9dical ;<\/li>\n<li data-section-id=\"1nrzb2i\" data-start=\"1724\" data-end=\"1778\">la pr\u00e9paration du mat\u00e9riel n\u00e9cessaire \u00e0 l&rsquo;exercice ;<\/li>\n<li data-section-id=\"1vvfnwa\" data-start=\"1779\" data-end=\"1862\">l&rsquo;organisation des premiers rendez-vous avec les professionnels de sant\u00e9 locaux ;<\/li>\n<li data-section-id=\"6ilthi\" data-start=\"1863\" data-end=\"1919\">la pr\u00e9sentation aux \u00e9lus et aux partenaires de sant\u00e9 ;<\/li>\n<li data-section-id=\"le657m\" data-start=\"1920\" data-end=\"1974\">l&rsquo;accompagnement dans les d\u00e9marches administratives.<\/li>\n<\/ul>\n<p data-start=\"1976\" data-end=\"2111\" style=\"text-align: justify;\">Ces actions permettent au praticien de d\u00e9buter son activit\u00e9 dans de bonnes conditions et de s&rsquo;int\u00e9grer plus rapidement \u00e0 la vie locale.<\/p>\n<h2 data-section-id=\"2u46bl\" data-start=\"2118\" data-end=\"2154\" style=\"text-align: justify;\"><span style=\"color: #0c71c3;\">Favoriser une int\u00e9gration durable<\/span><\/h2>\n<p data-start=\"2156\" data-end=\"2231\" style=\"text-align: justify;\">L&rsquo;installation d&rsquo;un m\u00e9decin ne se limite pas aux premiers jours d&rsquo;exercice.<\/p>\n<p data-start=\"2233\" data-end=\"2273\" style=\"text-align: justify;\">Les premiers mois sont souvent d\u00e9cisifs.<\/p>\n<p data-start=\"2275\" data-end=\"2456\" style=\"text-align: justify;\">Un suivi r\u00e9gulier permet de r\u00e9pondre rapidement aux \u00e9ventuelles difficult\u00e9s rencontr\u00e9es et de faciliter l&rsquo;int\u00e9gration du praticien au sein de son nouvel environnement professionnel.<\/p>\n<p data-start=\"2458\" data-end=\"2616\" style=\"text-align: justify;\">Les \u00e9changes avec les \u00e9lus, les professionnels de sant\u00e9 et les acteurs locaux contribuent \u00e0 cr\u00e9er un climat de confiance favorable \u00e0 une installation p\u00e9renne.<\/p>\n<h2 data-section-id=\"q265k7\" data-start=\"2623\" data-end=\"2681\" style=\"text-align: justify;\"><span style=\"color: #0c71c3;\">Une installation r\u00e9ussie b\u00e9n\u00e9ficie \u00e0 tout le territoire<\/span><\/h2>\n<p data-start=\"2683\" data-end=\"2783\" style=\"text-align: justify;\">Lorsqu&rsquo;un m\u00e9decin s&rsquo;installe durablement, les b\u00e9n\u00e9fices d\u00e9passent largement le seul acc\u00e8s aux soins.<\/p>\n<p data-start=\"2785\" data-end=\"2831\" style=\"text-align: justify;\">La commune retrouve une offre m\u00e9dicale stable.<\/p>\n<p data-start=\"2833\" data-end=\"2867\" style=\"text-align: justify;\">Les habitants gagnent en s\u00e9curit\u00e9.<\/p>\n<p data-start=\"2869\" data-end=\"2946\" style=\"text-align: justify;\">Les autres professionnels de sant\u00e9 d\u00e9veloppent plus facilement leur activit\u00e9.<\/p>\n<p data-start=\"2948\" data-end=\"3032\" style=\"text-align: justify;\">Le territoire renforce son attractivit\u00e9 pour les familles et les nouveaux habitants.<\/p>\n<p data-start=\"3034\" data-end=\"3160\" style=\"text-align: justify;\">L&rsquo;accompagnement de l&rsquo;installation repr\u00e9sente ainsi un investissement qui profite durablement \u00e0 l&rsquo;ensemble de la collectivit\u00e9.<\/p>\n<p>[\/et_pb_text][et_pb_cta title=\u00a0\u00bb\u00c0 retenir\u00a0\u00bb button_text=\u00a0\u00bbClics\u00a0\u00bb _builder_version=\u00a0\u00bb4.27.7&Prime; _module_preset=\u00a0\u00bbdefault\u00a0\u00bb header_font=\u00a0\u00bb|700|||||||\u00a0\u00bb header_font_size=\u00a0\u00bb35px\u00a0\u00bb body_font_size=\u00a0\u00bb19px\u00a0\u00bb width=\u00a0\u00bb100%\u00a0\u00bb min_height=\u00a0\u00bb100px\u00a0\u00bb max_height=\u00a0\u00bb1000px\u00a0\u00bb filter_hue_rotate=\u00a0\u00bb23deg\u00a0\u00bb filter_saturate=\u00a0\u00bb113%\u00a0\u00bb filter_contrast=\u00a0\u00bb111%\u00a0\u00bb box_shadow_style=\u00a0\u00bbpreset6&Prime; box_shadow_horizontal=\u00a0\u00bb23px\u00a0\u00bb box_shadow_spread=\u00a0\u00bb19px\u00a0\u00bb global_colors_info=\u00a0\u00bb{}\u00a0\u00bb]<\/p>\n<h1 data-section-id=\"maaxpz\" data-start=\"7634\" data-end=\"7655\" class=\"PDq2pG_selectionAnchorContainer\" style=\"text-align: left;\"><\/h1>\n<p data-start=\"7657\" data-end=\"7713\" style=\"text-align: left;\">Le recrutement ne s&rsquo;arr\u00eate pas lorsque le m\u00e9decin accepte une proposition. Un accompagnement personnalis\u00e9 jusqu&rsquo;\u00e0 son installation favorise son int\u00e9gration, r\u00e9duit le risque de renoncement et augmente les chances d&rsquo;une pr\u00e9sence durable sur le territoire.<\/p>\n<p>[\/et_pb_cta][et_pb_cta title=\u00a0\u00bbVous souhaitez s\u00e9curiser l&rsquo;installation de votre futur m\u00e9decin ?\u00a0\u00bb _builder_version=\u00a0\u00bb4.27.7&Prime; _module_preset=\u00a0\u00bbdefault\u00a0\u00bb header_level=\u00a0\u00bbh1&Prime; header_font=\u00a0\u00bb|600|||||||\u00a0\u00bb header_font_size=\u00a0\u00bb38px\u00a0\u00bb body_font=\u00a0\u00bb|600|||||||\u00a0\u00bb background_color=\u00a0\u00bb#0C71C3&Prime; global_colors_info=\u00a0\u00bb{}\u00a0\u00bb]<\/p>\n<h2 data-section-id=\"vox713\" data-start=\"3867\" data-end=\"3949\" class=\"PDq2pG_selectionAnchorContainer\"><\/h2>\n<h2 data-section-id=\"17k6ol\" data-start=\"3900\" data-end=\"3970\" class=\"PDq2pG_selectionAnchorContainer\"><\/h2>\n<h2 data-section-id=\"14t2xvd\" data-start=\"3449\" data-end=\"3516\" class=\"PDq2pG_selectionAnchorContainer\"><\/h2>\n<p data-start=\"3518\" data-end=\"3732\">Au-del\u00e0 de la recherche de candidats, BRM Conseil accompagne les collectivit\u00e9s tout au long du processus afin de faciliter l&rsquo;arriv\u00e9e du praticien et de cr\u00e9er les meilleures conditions pour une installation durable.<\/p>\n<p data-start=\"3734\" data-end=\"3829\">\ud83d\udc49 <strong data-start=\"3737\" data-end=\"3829\">D\u00e9couvrez notre accompagnement d\u00e9di\u00e9 aux collectivit\u00e9s confront\u00e9es aux d\u00e9serts m\u00e9dicaux.<\/strong><\/p>\n<p>[\/et_pb_cta][et_pb_button button_url=\u00a0\u00bbhttps:\/\/brm-conseil.fr\/fr\/espace-recruteurs-brm-conseil\/\u00a0\u00bb button_text=\u00a0\u00bb\u00catre accompagn\u00e9 jusqu&rsquo;\u00e0 l&rsquo;installation\u00a0\u00bb button_alignment=\u00a0\u00bbcenter\u00a0\u00bb _builder_version=\u00a0\u00bb4.27.7&Prime; _module_preset=\u00a0\u00bbdefault\u00a0\u00bb custom_button=\u00a0\u00bbon\u00a0\u00bb button_text_size=\u00a0\u00bb25px\u00a0\u00bb button_text_color=\u00a0\u00bb#0C71C3&Prime; button_border_width=\u00a0\u00bb7px\u00a0\u00bb button_border_color=\u00a0\u00bb#0C71C3&Prime; button_border_radius=\u00a0\u00bb82px\u00a0\u00bb button_letter_spacing=\u00a0\u00bb0px\u00a0\u00bb button_font=\u00a0\u00bb|600|||||||\u00a0\u00bb global_colors_info=\u00a0\u00bb{}\u00a0\u00bb][\/et_pb_button][et_pb_text _builder_version=\u00a0\u00bb4.27.7&Prime; _module_preset=\u00a0\u00bbdefault\u00a0\u00bb global_colors_info=\u00a0\u00bb{}\u00a0\u00bb]<\/p>\n<h1 data-section-id=\"8b84yi\" data-start=\"289\" data-end=\"331\" class=\"PDq2pG_selectionAnchorContainer\" style=\"text-align: justify;\"><span role=\"text\" style=\"color: #0c71c3;\"><strong data-start=\"291\" data-end=\"331\">6. Mobiliser tous les acteurs locaux<\/strong><\/span><span aria-hidden=\"true\" class=\"PDq2pG_selectionAnchor\"><\/span><\/h1>\n<h3 data-section-id=\"zamd46\" data-start=\"333\" data-end=\"349\" style=\"text-align: justify;\"><\/h3>\n<p data-start=\"351\" data-end=\"418\" style=\"text-align: justify;\">Le recrutement d&rsquo;un m\u00e9decin ne d\u00e9pend pas uniquement de la commune.<\/p>\n<p data-start=\"420\" data-end=\"691\" style=\"text-align: justify;\">Pour qu&rsquo;un projet d&rsquo;installation aboutisse, il est souvent n\u00e9cessaire de mobiliser l&rsquo;ensemble des acteurs de sant\u00e9 du territoire. Cette coop\u00e9ration permet de proposer un environnement professionnel plus rassurant, plus structur\u00e9 et plus attractif pour le futur praticien.<\/p>\n<p data-start=\"693\" data-end=\"749\" style=\"text-align: justify;\">Plus le projet est collectif, plus il inspire confiance.<\/p>\n<h2 data-section-id=\"vg2eoi\" data-start=\"756\" data-end=\"794\" style=\"text-align: justify;\"><span style=\"color: #0c71c3;\">Les \u00e9lus jouent un r\u00f4le d&rsquo;impulsion<\/span><\/h2>\n<p data-start=\"796\" data-end=\"855\" style=\"text-align: justify;\">Les \u00e9lus locaux sont souvent \u00e0 l&rsquo;origine du projet m\u00e9dical.<\/p>\n<p data-start=\"857\" data-end=\"1041\" style=\"text-align: justify;\">Ils identifient les besoins de la population, portent la strat\u00e9gie de sant\u00e9 du territoire et coordonnent les diff\u00e9rentes initiatives destin\u00e9es \u00e0 renforcer l&rsquo;attractivit\u00e9 de la commune.<\/p>\n<p data-start=\"1043\" data-end=\"1190\" style=\"text-align: justify;\">Leur engagement est d\u00e9terminant pour cr\u00e9er les conditions favorables \u00e0 l&rsquo;installation d&rsquo;un m\u00e9decin et assurer la coh\u00e9rence du projet dans la dur\u00e9e.<\/p>\n<h2 data-section-id=\"12us565\" data-start=\"1197\" data-end=\"1258\" style=\"text-align: justify;\"><span style=\"color: #0c71c3;\">Les professionnels de sant\u00e9 sont les premiers ambassadeurs<\/span><\/h2>\n<p data-start=\"1260\" data-end=\"1425\" style=\"text-align: justify;\">Les m\u00e9decins d\u00e9j\u00e0 install\u00e9s, les infirmiers, les pharmaciens, les kin\u00e9sith\u00e9rapeutes, les sages-femmes et les autres professionnels de sant\u00e9 jouent un r\u00f4le essentiel.<\/p>\n<p data-start=\"1427\" data-end=\"1465\" style=\"text-align: justify;\">Leur implication permet notamment de :<\/p>\n<ul data-start=\"1467\" data-end=\"1657\" style=\"text-align: justify;\">\n<li data-section-id=\"x1px3c\" data-start=\"1467\" data-end=\"1512\">pr\u00e9senter l&rsquo;organisation locale des soins ;<\/li>\n<li data-section-id=\"17zzr9r\" data-start=\"1513\" data-end=\"1559\">faciliter l&rsquo;int\u00e9gration du futur praticien ;<\/li>\n<li data-section-id=\"1b8iyzb\" data-start=\"1560\" data-end=\"1596\">d\u00e9velopper un exercice coordonn\u00e9 ;<\/li>\n<li data-section-id=\"g4fhtq\" data-start=\"1597\" data-end=\"1657\">rassurer le m\u00e9decin sur ses futures conditions de travail.<\/li>\n<\/ul>\n<p data-start=\"1659\" data-end=\"1777\" style=\"text-align: justify;\">Pour un candidat, rejoindre une \u00e9quipe engag\u00e9e est souvent plus rassurant que s&rsquo;installer dans un environnement isol\u00e9.<\/p>\n<h2 data-section-id=\"t5afvz\" data-start=\"1784\" data-end=\"1846\" style=\"text-align: justify;\"><span style=\"color: #0c71c3;\">Les partenaires institutionnels peuvent renforcer le projet<\/span><\/h2>\n<p data-start=\"1848\" data-end=\"1943\" style=\"text-align: justify;\">Selon les situations, plusieurs partenaires peuvent contribuer \u00e0 la r\u00e9ussite d&rsquo;un recrutement :<\/p>\n<ul data-start=\"1945\" data-end=\"2184\" style=\"text-align: justify;\">\n<li data-section-id=\"1ylqjwu\" data-start=\"1945\" data-end=\"1982\">l&rsquo;Agence R\u00e9gionale de Sant\u00e9 (ARS) ;<\/li>\n<li data-section-id=\"c43eax\" data-start=\"1983\" data-end=\"2049\">les Communaut\u00e9s Professionnelles Territoriales de Sant\u00e9 (CPTS) ;<\/li>\n<li data-section-id=\"ijnjjj\" data-start=\"2050\" data-end=\"2085\">les \u00e9tablissements hospitaliers ;<\/li>\n<li data-section-id=\"1xhe0uc\" data-start=\"2086\" data-end=\"2132\">les maisons de sant\u00e9 pluriprofessionnelles ;<\/li>\n<li data-section-id=\"1u71iqh\" data-start=\"2133\" data-end=\"2184\">les communaut\u00e9s de communes et intercommunalit\u00e9s.<\/li>\n<\/ul>\n<p data-start=\"2186\" data-end=\"2338\" style=\"text-align: justify;\">Leur expertise, leurs dispositifs d&rsquo;accompagnement ou leur connaissance du territoire peuvent compl\u00e9ter efficacement l&rsquo;action men\u00e9e par la collectivit\u00e9.<\/p>\n<h2 data-section-id=\"4oqebi\" data-start=\"2345\" data-end=\"2397\" style=\"text-align: justify;\"><span style=\"color: #0c71c3;\">Une strat\u00e9gie commune inspire davantage confiance<\/span><\/h2>\n<p data-start=\"2399\" data-end=\"2478\" style=\"text-align: justify;\">Un m\u00e9decin \u00e9value autant la qualit\u00e9 du projet que la mani\u00e8re dont il est port\u00e9.<\/p>\n<p data-start=\"2480\" data-end=\"2670\" style=\"text-align: justify;\">Lorsqu&rsquo;il constate que les \u00e9lus, les professionnels de sant\u00e9 et les partenaires institutionnels travaillent ensemble, il per\u00e7oit un territoire organis\u00e9, capable de l&rsquo;accompagner durablement.<\/p>\n<p data-start=\"2672\" data-end=\"2745\" style=\"text-align: justify;\">Cette coh\u00e9rence r\u00e9duit les incertitudes et facilite la prise de d\u00e9cision.<\/p>\n<h2 data-section-id=\"6qn43f\" data-start=\"2752\" data-end=\"2802\" style=\"text-align: justify;\"><span style=\"color: #0c71c3;\">Faire de l&rsquo;installation un projet de territoire<\/span><\/h2>\n<p data-start=\"2804\" data-end=\"2940\" style=\"text-align: justify;\">Les communes qui obtiennent les meilleurs r\u00e9sultats consid\u00e8rent le recrutement m\u00e9dical comme un v\u00e9ritable projet de d\u00e9veloppement local.<\/p>\n<p data-start=\"2942\" data-end=\"3076\" style=\"text-align: justify;\">L&rsquo;objectif ne consiste pas uniquement \u00e0 remplacer un praticien, mais \u00e0 construire une offre de soins durable au service des habitants.<\/p>\n<p data-start=\"3078\" data-end=\"3202\" style=\"text-align: justify;\">Cette vision \u00e0 long terme favorise des installations plus p\u00e9rennes et renforce progressivement l&rsquo;attractivit\u00e9 du territoire.<\/p>\n<p>[\/et_pb_text][et_pb_cta title=\u00a0\u00bb\u00c0 retenir\u00a0\u00bb button_text=\u00a0\u00bbClics\u00a0\u00bb _builder_version=\u00a0\u00bb4.27.7&Prime; _module_preset=\u00a0\u00bbdefault\u00a0\u00bb header_font=\u00a0\u00bb|700|||||||\u00a0\u00bb header_font_size=\u00a0\u00bb35px\u00a0\u00bb body_font_size=\u00a0\u00bb19px\u00a0\u00bb width=\u00a0\u00bb100%\u00a0\u00bb min_height=\u00a0\u00bb100px\u00a0\u00bb max_height=\u00a0\u00bb1000px\u00a0\u00bb filter_hue_rotate=\u00a0\u00bb23deg\u00a0\u00bb filter_saturate=\u00a0\u00bb113%\u00a0\u00bb filter_contrast=\u00a0\u00bb111%\u00a0\u00bb box_shadow_style=\u00a0\u00bbpreset6&Prime; box_shadow_horizontal=\u00a0\u00bb23px\u00a0\u00bb box_shadow_spread=\u00a0\u00bb19px\u00a0\u00bb global_colors_info=\u00a0\u00bb{}\u00a0\u00bb]<\/p>\n<h1 data-section-id=\"maaxpz\" data-start=\"7634\" data-end=\"7655\" class=\"PDq2pG_selectionAnchorContainer\" style=\"text-align: left;\"><\/h1>\n<p data-start=\"7657\" data-end=\"7713\" style=\"text-align: left;\">Le recrutement d&rsquo;un m\u00e9decin est une d\u00e9marche collective. En mobilisant les \u00e9lus, les professionnels de sant\u00e9 et les partenaires institutionnels autour d&rsquo;un projet commun, une collectivit\u00e9 augmente significativement ses chances de r\u00e9ussir une installation durable.<\/p>\n<p>[\/et_pb_cta][et_pb_cta title=\u00a0\u00bbVous souhaitez f\u00e9d\u00e9rer les acteurs de votre territoire autour d&rsquo;un m\u00eame projet m\u00e9dical ?\u00a0\u00bb _builder_version=\u00a0\u00bb4.27.7&Prime; _module_preset=\u00a0\u00bbdefault\u00a0\u00bb header_level=\u00a0\u00bbh1&Prime; header_font=\u00a0\u00bb|600|||||||\u00a0\u00bb header_font_size=\u00a0\u00bb38px\u00a0\u00bb body_font=\u00a0\u00bb|600|||||||\u00a0\u00bb background_color=\u00a0\u00bb#0C71C3&Prime; global_colors_info=\u00a0\u00bb{}\u00a0\u00bb]<\/p>\n<h2 data-section-id=\"vox713\" data-start=\"3867\" data-end=\"3949\" class=\"PDq2pG_selectionAnchorContainer\"><\/h2>\n<h2 data-section-id=\"1rrlkad\" data-start=\"3500\" data-end=\"3591\" class=\"PDq2pG_selectionAnchorContainer\"><\/h2>\n<p data-start=\"3593\" data-end=\"3803\">BRM Conseil accompagne les collectivit\u00e9s dans la structuration de leur strat\u00e9gie de recrutement et facilite les \u00e9changes entre les diff\u00e9rents partenaires afin de cr\u00e9er les conditions d&rsquo;une installation r\u00e9ussie.<\/p>\n<p data-start=\"3805\" data-end=\"3899\">\ud83d\udc49 <strong data-start=\"3808\" data-end=\"3899\">\u00c9changez avec nos consultants pour construire une strat\u00e9gie adapt\u00e9e \u00e0 votre territoire.<\/strong><\/p>\n<p>[\/et_pb_cta][et_pb_button button_url=\u00a0\u00bbhttps:\/\/brm-conseil.fr\/fr\/espace-recruteurs-brm-conseil\/\u00a0\u00bb button_text=\u00a0\u00bbConstruire notre strat\u00e9gie de recrutement\u00a0\u00bb button_alignment=\u00a0\u00bbcenter\u00a0\u00bb _builder_version=\u00a0\u00bb4.27.7&Prime; _module_preset=\u00a0\u00bbdefault\u00a0\u00bb custom_button=\u00a0\u00bbon\u00a0\u00bb button_text_size=\u00a0\u00bb25px\u00a0\u00bb button_text_color=\u00a0\u00bb#0C71C3&Prime; button_border_width=\u00a0\u00bb7px\u00a0\u00bb button_border_color=\u00a0\u00bb#0C71C3&Prime; button_border_radius=\u00a0\u00bb82px\u00a0\u00bb button_letter_spacing=\u00a0\u00bb0px\u00a0\u00bb button_font=\u00a0\u00bb|600|||||||\u00a0\u00bb global_colors_info=\u00a0\u00bb{}\u00a0\u00bb][\/et_pb_button][et_pb_text _builder_version=\u00a0\u00bb4.27.7&Prime; _module_preset=\u00a0\u00bbdefault\u00a0\u00bb global_colors_info=\u00a0\u00bb{}\u00a0\u00bb]<\/p>\n<h1 data-section-id=\"1wu5bmm\" data-start=\"307\" data-end=\"390\" class=\"PDq2pG_selectionAnchorContainer\" style=\"text-align: justify;\"><span style=\"color: #0c71c3;\"><span role=\"text\"><strong data-start=\"309\" data-end=\"390\">7. Pourquoi faire appel \u00e0 un cabinet sp\u00e9cialis\u00e9 dans le recrutement m\u00e9dical ?<\/strong><\/span><span aria-hidden=\"true\" class=\"PDq2pG_selectionAnchor\"><\/span><\/span><\/h1>\n<h3 data-section-id=\"zamd46\" data-start=\"392\" data-end=\"408\" style=\"text-align: justify;\"><\/h3>\n<p data-start=\"410\" data-end=\"550\" style=\"text-align: justify;\">Recruter un m\u00e9decin g\u00e9n\u00e9raliste est aujourd&rsquo;hui l&rsquo;un des d\u00e9fis les plus complexes auxquels sont confront\u00e9es les collectivit\u00e9s territoriales.<\/p>\n<p data-start=\"552\" data-end=\"736\" style=\"text-align: justify;\">La p\u00e9nurie de praticiens, la concurrence entre les territoires et l&rsquo;\u00e9volution des attentes des m\u00e9decins rendent les m\u00e9thodes de recrutement traditionnelles de moins en moins efficaces. Le r\u00f4le d&rsquo;un <a href=\"https:\/\/brm-conseil.fr\/fr\/on-vous-dit-tout-sur-le-recruteur-medical\/\"><strong data-start=\"1983\" data-end=\"2004\">recruteur m\u00e9dical<\/strong><\/a> consiste notamment \u00e0 identifier les m\u00e9decins correspondant au projet de la collectivit\u00e9 et \u00e0 les accompagner tout au long du processus de recrutement.<\/p>\n<p data-start=\"738\" data-end=\"963\" style=\"text-align: justify;\">Dans ce contexte, de nombreuses communes choisissent de s&rsquo;appuyer sur un cabinet sp\u00e9cialis\u00e9 afin de structurer leur d\u00e9marche, d&rsquo;acc\u00e9der \u00e0 un r\u00e9seau de candidats qualifi\u00e9s et de maximiser leurs chances de recruter durablement.<\/p>\n<h2 data-section-id=\"tz5i5b\" data-start=\"970\" data-end=\"1020\" style=\"text-align: justify;\"><span style=\"color: #0c71c3;\">Le recrutement m\u00e9dical est devenu une expertise<\/span><\/h2>\n<p data-start=\"1022\" data-end=\"1175\" style=\"text-align: justify;\">Contrairement \u00e0 la plupart des recrutements, la recherche d&rsquo;un m\u00e9decin ne consiste pas \u00e0 publier une annonce puis \u00e0 s\u00e9lectionner les candidatures re\u00e7ues.<\/p>\n<p data-start=\"1177\" data-end=\"1301\" style=\"text-align: justify;\">La majorit\u00e9 des praticiens susceptibles d&rsquo;\u00eatre int\u00e9ress\u00e9s exercent d\u00e9j\u00e0 et ne consultent pas activement les offres d&#8217;emploi. D\u00e9couvrez \u00e9galement <a href=\"https:\/\/brm-conseil.fr\/fr\/2023\/03\/10\/pourquoi-passer-par-un-recruteur-medical\/\"><strong data-start=\"2316\" data-end=\"2363\">pourquoi faire appel \u00e0 un recruteur m\u00e9dical<\/strong> <\/a>peut acc\u00e9l\u00e9rer et s\u00e9curiser le recrutement d&rsquo;un praticien.<\/p>\n<p data-start=\"1303\" data-end=\"1371\" style=\"text-align: justify;\">Le recrutement m\u00e9dical repose donc sur une m\u00e9thodologie sp\u00e9cifique :<\/p>\n<ul data-start=\"1373\" data-end=\"1638\" style=\"text-align: justify;\">\n<li data-section-id=\"1llzx82\" data-start=\"1373\" data-end=\"1440\">identifier les profils compatibles avec le projet de la commune ;<\/li>\n<li data-section-id=\"ugt0n3\" data-start=\"1441\" data-end=\"1503\">comprendre leurs attentes professionnelles et personnelles ;<\/li>\n<li data-section-id=\"1au44d1\" data-start=\"1504\" data-end=\"1534\">\u00e9tablir un premier contact ;<\/li>\n<li data-section-id=\"13ixx9e\" data-start=\"1535\" data-end=\"1587\">pr\u00e9senter le territoire de mani\u00e8re personnalis\u00e9e ;<\/li>\n<li data-section-id=\"1mi1z4k\" data-start=\"1588\" data-end=\"1638\">accompagner les \u00e9changes jusqu&rsquo;\u00e0 l&rsquo;installation.<\/li>\n<\/ul>\n<p data-start=\"1640\" data-end=\"1738\" style=\"text-align: justify;\">Cette approche demande du temps, des ressources et une connaissance approfondie du march\u00e9 m\u00e9dical.<\/p>\n<h2 data-section-id=\"udl7zc\" data-start=\"1745\" data-end=\"1791\" style=\"text-align: justify;\"><span style=\"color: #0c71c3;\">Gagner du temps et s\u00e9curiser le recrutement<\/span><\/h2>\n<p data-start=\"1793\" data-end=\"1962\" style=\"text-align: justify;\">Un cabinet sp\u00e9cialis\u00e9 permet aux collectivit\u00e9s de concentrer leurs efforts sur leur projet de territoire tout en confiant la recherche de candidats \u00e0 des professionnels.<\/p>\n<p data-start=\"1964\" data-end=\"2004\" style=\"text-align: justify;\">Son intervention contribue notamment \u00e0 :<\/p>\n<ul data-start=\"2006\" data-end=\"2281\" style=\"text-align: justify;\">\n<li data-section-id=\"1xd5ver\" data-start=\"2006\" data-end=\"2049\">d\u00e9finir pr\u00e9cis\u00e9ment le profil recherch\u00e9 ;<\/li>\n<li data-section-id=\"1ma70cu\" data-start=\"2050\" data-end=\"2101\">construire une strat\u00e9gie de recrutement adapt\u00e9e ;<\/li>\n<li data-section-id=\"1shxsd3\" data-start=\"2102\" data-end=\"2147\">approcher directement des m\u00e9decins cibl\u00e9s ;<\/li>\n<li data-section-id=\"nbpegg\" data-start=\"2148\" data-end=\"2178\">qualifier les candidatures ;<\/li>\n<li data-section-id=\"1yxkt3w\" data-start=\"2179\" data-end=\"2207\">organiser les entretiens ;<\/li>\n<li data-section-id=\"b4ir4e\" data-start=\"2208\" data-end=\"2240\">accompagner les n\u00e9gociations ;<\/li>\n<li data-section-id=\"141mtu4\" data-start=\"2241\" data-end=\"2281\">s\u00e9curiser l&rsquo;installation du praticien.<\/li>\n<\/ul>\n<p data-start=\"2283\" data-end=\"2375\" style=\"text-align: justify;\">Cette organisation permet de limiter les erreurs et d&rsquo;optimiser chaque \u00e9tape du recrutement.<\/p>\n<h2 data-section-id=\"13shb73\" data-start=\"2382\" data-end=\"2431\" style=\"text-align: justify;\"><span style=\"color: #0c71c3;\">Une connaissance approfondie du march\u00e9 m\u00e9dical<\/span><\/h2>\n<p data-start=\"2433\" data-end=\"2516\" style=\"text-align: justify;\">Un cabinet sp\u00e9cialis\u00e9 suit en permanence l&rsquo;\u00e9volution du march\u00e9 de l&#8217;emploi m\u00e9dical.<\/p>\n<p data-start=\"2518\" data-end=\"2530\" style=\"text-align: justify;\">Il conna\u00eet :<\/p>\n<ul data-start=\"2532\" data-end=\"2780\" style=\"text-align: justify;\">\n<li data-section-id=\"10r7svm\" data-start=\"2532\" data-end=\"2588\">les attentes des m\u00e9decins selon leur mode d&rsquo;exercice ;<\/li>\n<li data-section-id=\"u2bqew\" data-start=\"2589\" data-end=\"2618\">les tendances de mobilit\u00e9 ;<\/li>\n<li data-section-id=\"a4zvxk\" data-start=\"2619\" data-end=\"2661\">les principaux freins \u00e0 l&rsquo;installation ;<\/li>\n<li data-section-id=\"198926q\" data-start=\"2662\" data-end=\"2722\">les arguments qui convainquent r\u00e9ellement les praticiens ;<\/li>\n<li data-section-id=\"1brttup\" data-start=\"2723\" data-end=\"2780\">les sp\u00e9cificit\u00e9s des diff\u00e9rentes sp\u00e9cialit\u00e9s m\u00e9dicales.<\/li>\n<\/ul>\n<p data-start=\"2782\" data-end=\"2893\" style=\"text-align: justify;\">Cette expertise permet d&rsquo;adapter la strat\u00e9gie de recrutement aux r\u00e9alit\u00e9s du march\u00e9 plut\u00f4t qu&rsquo;\u00e0 des hypoth\u00e8ses.<\/p>\n<h2 data-section-id=\"1l4ff3b\" data-start=\"2900\" data-end=\"2966\" style=\"text-align: justify;\"><span style=\"color: #0c71c3;\">BRM Conseil accompagne les collectivit\u00e9s depuis plus de dix ans<\/span><\/h2>\n<p data-start=\"2968\" data-end=\"3129\" style=\"text-align: justify;\">Depuis 2012, BRM Conseil accompagne les \u00e9tablissements de sant\u00e9, les collectivit\u00e9s territoriales et les structures m\u00e9dicales dans leurs recrutements de m\u00e9decins.<\/p>\n<p data-start=\"3131\" data-end=\"3174\" style=\"text-align: justify;\">Notre approche repose sur trois principes :<\/p>\n<ul data-start=\"3176\" data-end=\"3389\" style=\"text-align: justify;\">\n<li data-section-id=\"1fm7jxz\" data-start=\"3176\" data-end=\"3235\">comprendre les besoins sp\u00e9cifiques de chaque territoire ;<\/li>\n<li data-section-id=\"1w8c2rc\" data-start=\"3236\" data-end=\"3324\">identifier les m\u00e9decins dont le projet professionnel est compatible avec ces besoins ;<\/li>\n<li data-section-id=\"75e2nk\" data-start=\"3325\" data-end=\"3389\">accompagner les deux parties jusqu&rsquo;\u00e0 une installation durable.<\/li>\n<\/ul>\n<p data-start=\"3391\" data-end=\"3534\" style=\"text-align: justify;\">Chaque mission est men\u00e9e de mani\u00e8re personnalis\u00e9e, avec pour objectif de construire une relation durable entre le praticien et la collectivit\u00e9.<\/p>\n<p>[\/et_pb_text][et_pb_cta title=\u00a0\u00bbLes erreurs qui reviennent le plus souvent\u00a0\u00bb button_text=\u00a0\u00bbClics\u00a0\u00bb _builder_version=\u00a0\u00bb4.27.7&Prime; _module_preset=\u00a0\u00bbdefault\u00a0\u00bb header_font=\u00a0\u00bb|700|||||||\u00a0\u00bb header_font_size=\u00a0\u00bb35px\u00a0\u00bb body_font_size=\u00a0\u00bb19px\u00a0\u00bb width=\u00a0\u00bb100%\u00a0\u00bb min_height=\u00a0\u00bb100px\u00a0\u00bb max_height=\u00a0\u00bb1000px\u00a0\u00bb filter_hue_rotate=\u00a0\u00bb23deg\u00a0\u00bb filter_saturate=\u00a0\u00bb113%\u00a0\u00bb filter_contrast=\u00a0\u00bb111%\u00a0\u00bb box_shadow_style=\u00a0\u00bbpreset6&Prime; box_shadow_horizontal=\u00a0\u00bb23px\u00a0\u00bb box_shadow_spread=\u00a0\u00bb19px\u00a0\u00bb global_colors_info=\u00a0\u00bb{}\u00a0\u00bb]<\/p>\n<h1 data-section-id=\"maaxpz\" data-start=\"7634\" data-end=\"7655\" class=\"PDq2pG_selectionAnchorContainer\" style=\"text-align: left;\"><\/h1>\n<p data-start=\"2628\" data-end=\"2680\">Nous observons r\u00e9guli\u00e8rement les m\u00eames difficult\u00e9s :<\/p>\n<p data-start=\"2682\" data-end=\"2714\">\u274c attendre le d\u00e9part du m\u00e9decin.<\/p>\n<p data-start=\"2716\" data-end=\"2750\">\u274c diffuser uniquement une annonce.<\/p>\n<p data-start=\"2752\" data-end=\"2800\">\u274c miser exclusivement sur les aides financi\u00e8res.<\/p>\n<p data-start=\"2802\" data-end=\"2843\">\u274c pr\u00e9senter seulement le cabinet m\u00e9dical.<\/p>\n<p data-start=\"2845\" data-end=\"2886\">\u274c n\u00e9gliger le projet de vie du praticien.<\/p>\n<p data-start=\"2888\" data-end=\"2937\">\u274c ne pas assurer le suivi apr\u00e8s son installation.<\/p>\n<p data-start=\"2939\" data-end=\"3012\">Ces erreurs r\u00e9duisent fortement les chances de r\u00e9ussite d&rsquo;un recrutement.<\/p>\n<p>[\/et_pb_cta][et_pb_cta title=\u00a0\u00bb\u00c0 retenir\u00a0\u00bb button_text=\u00a0\u00bbClics\u00a0\u00bb _builder_version=\u00a0\u00bb4.27.7&Prime; _module_preset=\u00a0\u00bbdefault\u00a0\u00bb header_font=\u00a0\u00bb|700|||||||\u00a0\u00bb header_font_size=\u00a0\u00bb35px\u00a0\u00bb body_font_size=\u00a0\u00bb19px\u00a0\u00bb width=\u00a0\u00bb100%\u00a0\u00bb min_height=\u00a0\u00bb100px\u00a0\u00bb max_height=\u00a0\u00bb1000px\u00a0\u00bb filter_hue_rotate=\u00a0\u00bb23deg\u00a0\u00bb filter_saturate=\u00a0\u00bb113%\u00a0\u00bb filter_contrast=\u00a0\u00bb111%\u00a0\u00bb box_shadow_style=\u00a0\u00bbpreset6&Prime; box_shadow_horizontal=\u00a0\u00bb23px\u00a0\u00bb box_shadow_spread=\u00a0\u00bb19px\u00a0\u00bb global_colors_info=\u00a0\u00bb{}\u00a0\u00bb]<\/p>\n<h1 data-section-id=\"maaxpz\" data-start=\"7634\" data-end=\"7655\" class=\"PDq2pG_selectionAnchorContainer\" style=\"text-align: left;\"><\/h1>\n<p data-start=\"7657\" data-end=\"7713\" style=\"text-align: left;\">Face \u00e0 la rar\u00e9faction des m\u00e9decins, le recrutement est devenu une d\u00e9marche strat\u00e9gique qui n\u00e9cessite une expertise sp\u00e9cifique. Faire appel \u00e0 un cabinet sp\u00e9cialis\u00e9 permet d&rsquo;acc\u00e9der \u00e0 une m\u00e9thodologie \u00e9prouv\u00e9e, de gagner du temps et d&rsquo;augmenter les chances de r\u00e9ussir une installation durable.<\/p>\n<p>[\/et_pb_cta][et_pb_cta title=\u00a0\u00bbVotre commune recherche un m\u00e9decin ? Parlons de votre projet.\u00a0\u00bb _builder_version=\u00a0\u00bb4.27.7&Prime; _module_preset=\u00a0\u00bbdefault\u00a0\u00bb header_level=\u00a0\u00bbh1&Prime; header_font=\u00a0\u00bb|600|||||||\u00a0\u00bb header_font_size=\u00a0\u00bb38px\u00a0\u00bb body_font=\u00a0\u00bb|600|||||||\u00a0\u00bb background_color=\u00a0\u00bb#0C71C3&Prime; global_colors_info=\u00a0\u00bb{}\u00a0\u00bb]<\/p>\n<h2 data-section-id=\"vox713\" data-start=\"3867\" data-end=\"3949\" class=\"PDq2pG_selectionAnchorContainer\"><\/h2>\n<h2 data-section-id=\"1rrlkad\" data-start=\"3500\" data-end=\"3591\" class=\"PDq2pG_selectionAnchorContainer\"><\/h2>\n<p data-start=\"3935\" data-end=\"4061\">Chaque territoire est unique. Les solutions qui fonctionnent dans une commune ne sont pas n\u00e9cessairement adapt\u00e9es \u00e0 une autre.<\/p>\n<p data-start=\"4063\" data-end=\"4217\">Avant de lancer un recrutement, il est utile d&rsquo;\u00e9valuer votre situation, vos atouts et les leviers les plus pertinents pour attirer durablement un m\u00e9decin.<\/p>\n<p data-start=\"4219\" data-end=\"4412\">Depuis plus de dix ans, BRM Conseil accompagne les collectivit\u00e9s confront\u00e9es aux difficult\u00e9s de recrutement m\u00e9dical en construisant des strat\u00e9gies adapt\u00e9es \u00e0 leurs besoins et \u00e0 leur territoire.<\/p>\n<h3 data-section-id=\"1uu8but\" data-start=\"4414\" data-end=\"4457\"><strong>Ce premier \u00e9change est sans engagement.<\/strong><\/h3>\n<p data-start=\"4459\" data-end=\"4553\">Il permet d&rsquo;identifier rapidement les pistes d&rsquo;action les plus pertinentes pour votre commune.<\/p>\n<p>[\/et_pb_cta][et_pb_button button_url=\u00a0\u00bbhttps:\/\/brm-conseil.fr\/fr\/espace-recruteurs-brm-conseil\/\u00a0\u00bb button_text=\u00a0\u00bbDemander un diagnostic personnalis\u00e9\u00a0\u00bb button_alignment=\u00a0\u00bbcenter\u00a0\u00bb _builder_version=\u00a0\u00bb4.27.7&Prime; _module_preset=\u00a0\u00bbdefault\u00a0\u00bb custom_button=\u00a0\u00bbon\u00a0\u00bb button_text_size=\u00a0\u00bb25px\u00a0\u00bb button_text_color=\u00a0\u00bb#0C71C3&Prime; button_border_width=\u00a0\u00bb7px\u00a0\u00bb button_border_color=\u00a0\u00bb#0C71C3&Prime; button_border_radius=\u00a0\u00bb82px\u00a0\u00bb button_letter_spacing=\u00a0\u00bb0px\u00a0\u00bb button_font=\u00a0\u00bb|600|||||||\u00a0\u00bb global_colors_info=\u00a0\u00bb{}\u00a0\u00bb][\/et_pb_button][et_pb_cta title=\u00a0\u00bbNotre m\u00e9thode en 7 \u00e9tapes\u00a0\u00bb button_text=\u00a0\u00bbClics\u00a0\u00bb _builder_version=\u00a0\u00bb4.27.7&Prime; _module_preset=\u00a0\u00bbdefault\u00a0\u00bb header_font=\u00a0\u00bb|700|||||||\u00a0\u00bb header_font_size=\u00a0\u00bb35px\u00a0\u00bb body_font_size=\u00a0\u00bb19px\u00a0\u00bb width=\u00a0\u00bb100%\u00a0\u00bb min_height=\u00a0\u00bb100px\u00a0\u00bb max_height=\u00a0\u00bb1000px\u00a0\u00bb filter_hue_rotate=\u00a0\u00bb23deg\u00a0\u00bb filter_saturate=\u00a0\u00bb113%\u00a0\u00bb filter_contrast=\u00a0\u00bb111%\u00a0\u00bb box_shadow_style=\u00a0\u00bbpreset6&Prime; box_shadow_horizontal=\u00a0\u00bb23px\u00a0\u00bb box_shadow_spread=\u00a0\u00bb19px\u00a0\u00bb global_colors_info=\u00a0\u00bb{}\u00a0\u00bb]<\/p>\n<h1 data-section-id=\"maaxpz\" data-start=\"7634\" data-end=\"7655\" class=\"PDq2pG_selectionAnchorContainer\" style=\"text-align: left;\"><\/h1>\n<p>1. Diagnostiquer la situation de la commune<\/p>\n<p>\u2193<\/p>\n<p>2. Identifier les besoins m\u00e9dicaux<\/p>\n<p>\u2193<\/p>\n<p>3. Construire un projet attractif<\/p>\n<p>\u2193<\/p>\n<p>4. Rechercher les m\u00e9decins compatibles<\/p>\n<p>\u2193<\/p>\n<p>5. Pr\u00e9senter le territoire<\/p>\n<p>\u2193<\/p>\n<p>6. Accompagner le recrutement<\/p>\n<p>\u2193<\/p>\n<p>7. S\u00e9curiser l&rsquo;installation<\/p>\n<p>[\/et_pb_cta][et_pb_text _builder_version=\u00a0\u00bb4.27.7&Prime; _module_preset=\u00a0\u00bbdefault\u00a0\u00bb global_colors_info=\u00a0\u00bb{}\u00a0\u00bb]<\/p>\n<h1 data-section-id=\"190cal\" data-start=\"175\" data-end=\"225\" class=\"PDq2pG_selectionAnchorContainer\" style=\"text-align: justify;\"><span style=\"color: #0c71c3;\">FAQ &#8211; D\u00e9sert m\u00e9dical : les questions les plus fr\u00e9quentes des collectivit\u00e9s<\/span><\/h1>\n<p><span style=\"color: #0c71c3;\"><\/span><\/p>\n<p style=\"text-align: justify;\">\n<h2 data-section-id=\"1ouvwq5\" data-start=\"352\" data-end=\"390\" class=\"PDq2pG_selectionAnchorContainer\" style=\"text-align: justify;\">1. Qu&rsquo;est-ce qu&rsquo;un d\u00e9sert m\u00e9dical ?<span aria-hidden=\"true\" class=\"PDq2pG_selectionAnchor\"><\/span><\/h2>\n<p data-start=\"392\" data-end=\"796\" style=\"text-align: justify;\">Un d\u00e9sert m\u00e9dical est un territoire o\u00f9 l&rsquo;offre de soins est insuffisante pour r\u00e9pondre aux besoins de la population. Cette situation peut r\u00e9sulter d&rsquo;un nombre insuffisant de m\u00e9decins, de d\u00e9lais de rendez-vous tr\u00e8s longs ou de difficult\u00e9s d&rsquo;acc\u00e8s g\u00e9ographiques. Les d\u00e9serts m\u00e9dicaux concernent aujourd&rsquo;hui aussi bien certaines zones rurales que des secteurs p\u00e9riurbains et m\u00eame certains quartiers urbains.<\/p>\n<h2 data-section-id=\"4ndwg1\" data-start=\"803\" data-end=\"866\" style=\"text-align: justify;\">2. Pourquoi les d\u00e9serts m\u00e9dicaux progressent-ils en France ?<\/h2>\n<p data-start=\"868\" data-end=\"1202\" style=\"text-align: justify;\">Plusieurs facteurs expliquent cette \u00e9volution : le vieillissement de la population, les nombreux d\u00e9parts \u00e0 la retraite des m\u00e9decins, les difficult\u00e9s d&rsquo;installation dans certains territoires, l&rsquo;\u00e9volution des modes d&rsquo;exercice recherch\u00e9s par les jeunes praticiens et une r\u00e9partition in\u00e9gale des professionnels de sant\u00e9 sur le territoire.<\/p>\n<h2 data-section-id=\"1b3il04\" data-start=\"1209\" data-end=\"1281\" style=\"text-align: justify;\">3. Comment savoir si ma commune est concern\u00e9e par un d\u00e9sert m\u00e9dical ?<\/h2>\n<p data-start=\"1283\" data-end=\"1598\" style=\"text-align: justify;\">Plusieurs indicateurs doivent \u00eatre analys\u00e9s : le nombre de m\u00e9decins g\u00e9n\u00e9ralistes pr\u00e9sents, leur \u00e2ge, les d\u00e9lais d&rsquo;obtention d&rsquo;un rendez-vous, la proportion d&rsquo;habitants sans m\u00e9decin traitant et les projections d\u00e9mographiques. Une commune peut \u00eatre fragilis\u00e9e avant m\u00eame que le dernier m\u00e9decin ne parte \u00e0 la retraite.<\/p>\n<h2 data-section-id=\"zp7xc5\" data-start=\"1605\" data-end=\"1666\" style=\"text-align: justify;\">4. Une commune peut-elle recruter directement un m\u00e9decin ?<\/h2>\n<p data-start=\"1668\" data-end=\"1958\" style=\"text-align: justify;\">Oui. Selon son projet de sant\u00e9, une commune peut recruter un m\u00e9decin salari\u00e9, soutenir une installation lib\u00e9rale ou participer \u00e0 un projet port\u00e9 par un centre de sant\u00e9 ou une maison de sant\u00e9 pluriprofessionnelle. Le choix d\u00e9pend des besoins du territoire et du mod\u00e8le d&rsquo;organisation retenu. Selon le mod\u00e8le retenu, la commune peut \u00e9galement faire appel \u00e0 un <a href=\"https:\/\/brm-conseil.fr\/fr\/cabinet-de-recrutement-medecin\/\"><strong data-start=\"3084\" data-end=\"3138\">cabinet sp\u00e9cialis\u00e9 dans le recrutement de m\u00e9decins<\/strong><\/a>.<\/p>\n<h2 data-section-id=\"bhgioc\" data-start=\"1965\" data-end=\"2028\" style=\"text-align: justify;\">5. Comment attirer un m\u00e9decin g\u00e9n\u00e9raliste dans une commune ?<\/h2>\n<p data-start=\"2030\" data-end=\"2347\" style=\"text-align: justify;\">Attirer un m\u00e9decin n\u00e9cessite une strat\u00e9gie globale : anticiper les d\u00e9parts, construire un projet m\u00e9dical attractif, valoriser les atouts du territoire, proposer de bonnes conditions d&rsquo;exercice et accompagner le praticien dans son installation. Une simple annonce ou une aide financi\u00e8re ne suffisent g\u00e9n\u00e9ralement plus.<\/p>\n<h2 data-section-id=\"w3yusr\" data-start=\"2354\" data-end=\"2423\" style=\"text-align: justify;\">6. Les aides financi\u00e8res suffisent-elles \u00e0 convaincre un m\u00e9decin ?<\/h2>\n<p data-start=\"2425\" data-end=\"2718\" style=\"text-align: justify;\">Non. Les aides constituent un \u00e9l\u00e9ment d&rsquo;attractivit\u00e9, mais elles ne compensent pas un projet m\u00e9dical peu structur\u00e9 ou des conditions d&rsquo;exercice insuffisantes. Les m\u00e9decins accordent aujourd&rsquo;hui une grande importance \u00e0 l&rsquo;organisation du travail, \u00e0 l&rsquo;exercice coordonn\u00e9 et \u00e0 leur qualit\u00e9 de vie.<\/p>\n<h2 data-section-id=\"lqfra5\" data-start=\"2725\" data-end=\"2794\" style=\"text-align: justify;\">7. Combien de temps faut-il pour recruter un m\u00e9decin g\u00e9n\u00e9raliste ?<\/h2>\n<p data-start=\"2796\" data-end=\"3081\" style=\"text-align: justify;\">Le d\u00e9lai varie selon le territoire et le profil recherch\u00e9. Entre la d\u00e9finition du besoin, l&rsquo;identification d&rsquo;un candidat, les \u00e9changes, les visites et l&rsquo;installation, plusieurs mois sont g\u00e9n\u00e9ralement n\u00e9cessaires. Plus la d\u00e9marche est anticip\u00e9e, plus les chances de succ\u00e8s sont \u00e9lev\u00e9es.<\/p>\n<h2 data-section-id=\"6zt2p8\" data-start=\"3088\" data-end=\"3153\" style=\"text-align: justify;\">8. Quelles sont les attentes des jeunes m\u00e9decins aujourd&rsquo;hui ?<\/h2>\n<p data-start=\"3155\" data-end=\"3412\" style=\"text-align: justify;\">Les jeunes m\u00e9decins recherchent principalement un exercice collectif, un meilleur \u00e9quilibre entre vie professionnelle et vie personnelle, un partage des t\u00e2ches administratives, des conditions de travail modernes et un environnement favorable \u00e0 leur famille. Nous d\u00e9taillons cette m\u00e9thode dans notre guide consacr\u00e9 au <a href=\"https:\/\/brm-conseil.fr\/fr\/2022\/03\/11\/recruter-un-medecin-generaliste-dans-une-commune-rurale-que-doit-faire-une-mairie-pour-attirer-et-retenir-un-medecin\/\"><strong data-start=\"2677\" data-end=\"2734\">recrutement d&rsquo;un m\u00e9decin g\u00e9n\u00e9raliste dans une commune<\/strong><\/a>.<\/p>\n<h2 data-section-id=\"1txse5w\" data-start=\"3419\" data-end=\"3486\" style=\"text-align: justify;\">9. Quel est le r\u00f4le d&rsquo;une maison de sant\u00e9 pluriprofessionnelle ?<\/h2>\n<p data-start=\"3488\" data-end=\"3761\" style=\"text-align: justify;\">Une maison de sant\u00e9 permet \u00e0 plusieurs professionnels de sant\u00e9 d&rsquo;exercer de mani\u00e8re coordonn\u00e9e. Cette organisation favorise les \u00e9changes entre praticiens, am\u00e9liore la prise en charge des patients et constitue souvent un argument important pour attirer de nouveaux m\u00e9decins.<\/p>\n<h2 data-section-id=\"s87q5h\" data-start=\"3768\" data-end=\"3849\" style=\"text-align: justify;\">10. Quelle est la diff\u00e9rence entre une maison de sant\u00e9 et un centre de sant\u00e9 ?<\/h2>\n<p data-start=\"3851\" data-end=\"4062\" style=\"text-align: justify;\">Une maison de sant\u00e9 regroupe des professionnels de sant\u00e9 lib\u00e9raux qui exercent de mani\u00e8re coordonn\u00e9e. Un centre de sant\u00e9 emploie g\u00e9n\u00e9ralement des m\u00e9decins salari\u00e9s et assure directement l&rsquo;organisation des soins.<\/p>\n<h2 data-section-id=\"11dowtt\" data-start=\"4069\" data-end=\"4127\" style=\"text-align: justify;\">11. Une commune peut-elle financer un cabinet m\u00e9dical ?<\/h2>\n<p data-start=\"4129\" data-end=\"4351\" style=\"text-align: justify;\">Oui. Sous certaines conditions, une collectivit\u00e9 peut participer \u00e0 la cr\u00e9ation, \u00e0 la r\u00e9novation ou \u00e0 l&rsquo;am\u00e9nagement de locaux destin\u00e9s \u00e0 accueillir des professionnels de sant\u00e9, dans le respect du cadre juridique applicable.<\/p>\n<h2 data-section-id=\"o8badt\" data-start=\"4358\" data-end=\"4443\" style=\"text-align: justify;\">12. Comment convaincre un m\u00e9decin de choisir notre territoire plut\u00f4t qu&rsquo;un autre ?<\/h2>\n<p data-start=\"4445\" data-end=\"4734\" style=\"text-align: justify;\">Il est essentiel de pr\u00e9senter un projet coh\u00e9rent : qualit\u00e9 de vie, organisation des soins, accompagnement du praticien, patient\u00e8le disponible, exercice coordonn\u00e9 et perspectives de d\u00e9veloppement. Les m\u00e9decins choisissent aujourd&rsquo;hui un v\u00e9ritable projet de vie autant qu&rsquo;un lieu d&rsquo;exercice.<\/p>\n<h2 data-section-id=\"1l686p1\" data-start=\"4741\" data-end=\"4822\" style=\"text-align: justify;\">13. Faut-il attendre le d\u00e9part du dernier m\u00e9decin pour lancer un recrutement ?<\/h2>\n<p data-start=\"4824\" data-end=\"5059\" style=\"text-align: justify;\">Non. C&rsquo;est pr\u00e9cis\u00e9ment l&rsquo;une des erreurs les plus fr\u00e9quentes. Les collectivit\u00e9s qui anticipent plusieurs mois, voire plusieurs ann\u00e9es avant un d\u00e9part annonc\u00e9, disposent de beaucoup plus de leviers pour organiser une transition r\u00e9ussie.<\/p>\n<h2 data-section-id=\"1yq6kqw\" data-start=\"5066\" data-end=\"5142\" style=\"text-align: justify;\">14. Quel est le r\u00f4le de l&rsquo;ARS dans la lutte contre les d\u00e9serts m\u00e9dicaux ?<\/h2>\n<p data-start=\"5144\" data-end=\"5390\" style=\"text-align: justify;\">L&rsquo;Agence R\u00e9gionale de Sant\u00e9 accompagne les territoires dans leur organisation sanitaire, identifie les zones prioritaires, soutient certains projets et participe \u00e0 la mise en \u0153uvre des politiques publiques destin\u00e9es \u00e0 am\u00e9liorer l&rsquo;acc\u00e8s aux soins.<\/p>\n<h2 data-section-id=\"1s9eban\" data-start=\"5397\" data-end=\"5486\" style=\"text-align: justify;\">15. Pourquoi certaines annonces de recrutement ne re\u00e7oivent-elles aucune candidature ?<\/h2>\n<p data-start=\"5488\" data-end=\"5762\" style=\"text-align: justify;\">Parce que la majorit\u00e9 des m\u00e9decins susceptibles de changer d&rsquo;exercice ne recherchent pas activement un poste. Ils doivent \u00eatre identifi\u00e9s, contact\u00e9s directement et accompagn\u00e9s dans leur r\u00e9flexion. Le recrutement m\u00e9dical repose d\u00e9sormais largement sur une d\u00e9marche proactive.<\/p>\n<h2 data-section-id=\"gkceon\" data-start=\"5769\" data-end=\"5845\" style=\"text-align: justify;\">16. Pourquoi faire appel \u00e0 un cabinet sp\u00e9cialis\u00e9 en recrutement m\u00e9dical ?<\/h2>\n<p data-start=\"5847\" data-end=\"6133\" style=\"text-align: justify;\">Un cabinet sp\u00e9cialis\u00e9 conna\u00eet les attentes des m\u00e9decins, identifie les profils compatibles avec le territoire, approche directement les praticiens et accompagne l&rsquo;ensemble du processus jusqu&rsquo;\u00e0 leur installation. Cette expertise permet d&rsquo;augmenter les chances de r\u00e9ussite du recrutement.<\/p>\n<h2 data-section-id=\"bs9q1v\" data-start=\"6140\" data-end=\"6206\" style=\"text-align: justify;\">17. Comment \u00e9viter qu&rsquo;un m\u00e9decin quitte rapidement la commune ?<\/h2>\n<p data-start=\"6208\" data-end=\"6494\" style=\"text-align: justify;\">Une installation durable repose sur un projet m\u00e9dical solide, un bon accompagnement, une int\u00e9gration r\u00e9ussie au sein des \u00e9quipes locales et des conditions d&rsquo;exercice r\u00e9pondant aux attentes du praticien. Le suivi apr\u00e8s l&rsquo;installation est tout aussi important que le recrutement lui-m\u00eame.<\/p>\n<h2 data-section-id=\"tzagsr\" data-start=\"6501\" data-end=\"6574\" style=\"text-align: justify;\">18. Les d\u00e9serts m\u00e9dicaux concernent-ils uniquement les zones rurales ?<\/h2>\n<p data-start=\"6576\" data-end=\"6814\" style=\"text-align: justify;\">Non. Certaines communes rurales sont particuli\u00e8rement touch\u00e9es, mais des villes moyennes, des zones p\u00e9riurbaines et m\u00eame certains quartiers urbains rencontrent \u00e9galement des difficult\u00e9s importantes pour recruter ou conserver des m\u00e9decins.<\/p>\n<h2 data-section-id=\"eh7eym\" data-start=\"6821\" data-end=\"6886\" style=\"text-align: justify;\">19. Quels sont les premiers signes d&rsquo;un futur d\u00e9sert m\u00e9dical ?<\/h2>\n<p data-start=\"6888\" data-end=\"7170\" style=\"text-align: justify;\">Le vieillissement des m\u00e9decins en exercice, les difficult\u00e9s \u00e0 trouver des rempla\u00e7ants, l&rsquo;allongement des d\u00e9lais de consultation, la fermeture progressive des cabinets m\u00e9dicaux et l&rsquo;augmentation du nombre de patients sans m\u00e9decin traitant sont des signaux d&rsquo;alerte \u00e0 ne pas n\u00e9gliger.<\/p>\n<h2 data-section-id=\"g6kl7e\" data-start=\"7177\" data-end=\"7239\" style=\"text-align: justify;\">20. Comment BRM Conseil accompagne-t-il les collectivit\u00e9s ?<\/h2>\n<p data-start=\"7241\" data-end=\"7530\" style=\"text-align: justify;\">BRM Conseil accompagne les collectivit\u00e9s \u00e0 chaque \u00e9tape du projet : analyse des besoins, d\u00e9finition de la strat\u00e9gie de recrutement, valorisation du territoire, identification et approche directe des m\u00e9decins, organisation des \u00e9changes et accompagnement jusqu&rsquo;\u00e0 l&rsquo;installation du praticien.<\/p>\n<p>[\/et_pb_text][\/et_pb_column][\/et_pb_row][\/et_pb_section][et_pb_section fb_built=\u00a0\u00bb1&Prime; _builder_version=\u00a0\u00bb4.16&Prime; custom_margin=\u00a0\u00bb0px||||false|false\u00a0\u00bb custom_padding=\u00a0\u00bb0px||||false|false\u00a0\u00bb global_colors_info=\u00a0\u00bb{}\u00a0\u00bb][et_pb_row column_structure=\u00a0\u00bb1_2,1_2&Prime; _builder_version=\u00a0\u00bb4.16&Prime; background_color=\u00a0\u00bbrgba(0,0,0,0)\u00a0\u00bb background_size=\u00a0\u00bbinitial\u00a0\u00bb background_position=\u00a0\u00bbtop_left\u00a0\u00bb background_repeat=\u00a0\u00bbrepeat\u00a0\u00bb global_colors_info=\u00a0\u00bb{}\u00a0\u00bb][et_pb_column type=\u00a0\u00bb1_2&Prime; _builder_version=\u00a0\u00bb4.16&Prime; background_color=\u00a0\u00bb#0c71c3&Prime; custom_padding=\u00a0\u00bb20px|15px|20px|15px|false|false\u00a0\u00bb global_colors_info=\u00a0\u00bb{}\u00a0\u00bb][et_pb_text _builder_version=\u00a0\u00bb4.16&Prime; text_font=\u00a0\u00bb|800|||||||\u00a0\u00bb text_text_color=\u00a0\u00bb#ffffff\u00a0\u00bb text_font_size=\u00a0\u00bb16px\u00a0\u00bb global_colors_info=\u00a0\u00bb{}\u00a0\u00bb]<\/p>\n<p style=\"text-align: center\">D\u00e9couvrez toutes nos offres d\u2019emploi destin\u00e9es aux m\u00e9decins et professionnels de la sant\u00e9.<\/p>\n<p>[\/et_pb_text][et_pb_button button_url=\u00a0\u00bbhttps:\/\/brm-conseil.fr\/offres-demploi-sante\/\u00a0\u00bb button_text=\u00a0\u00bbNos offres d&#8217;emplois\u00a0\u00bb button_alignment=\u00a0\u00bbcenter\u00a0\u00bb _builder_version=\u00a0\u00bb4.16&Prime; custom_button=\u00a0\u00bbon\u00a0\u00bb button_text_size=\u00a0\u00bb18px\u00a0\u00bb button_text_color=\u00a0\u00bb#0c71c3&Prime; button_bg_color=\u00a0\u00bb#ffffff\u00a0\u00bb button_border_width=\u00a0\u00bb2px\u00a0\u00bb button_border_radius=\u00a0\u00bb30px\u00a0\u00bb global_colors_info=\u00a0\u00bb{}\u00a0\u00bb][\/et_pb_button][\/et_pb_column][et_pb_column type=\u00a0\u00bb1_2&Prime; _builder_version=\u00a0\u00bb4.16&Prime; background_color=\u00a0\u00bb#d6d6d6&Prime; custom_padding=\u00a0\u00bb20px|15px|20px|15px|false|false\u00a0\u00bb global_colors_info=\u00a0\u00bb{}\u00a0\u00bb][et_pb_text _builder_version=\u00a0\u00bb4.16&Prime; text_font=\u00a0\u00bb|800|||||||\u00a0\u00bb text_font_size=\u00a0\u00bb16px\u00a0\u00bb global_colors_info=\u00a0\u00bb{}\u00a0\u00bb]<\/p>\n<p style=\"text-align: center\">Vous souhaitez recruter un m\u00e9decin ? BRM Conseil se charge de vous en trouver un !<\/p>\n<p>[\/et_pb_text][et_pb_button button_url=\u00a0\u00bbhttps:\/\/brm-conseil.fr\/espace-recruteurs-brm-conseil\/#Formulaire_recruteur\u00a0\u00bb button_text=\u00a0\u00bbconfiez-nous votre projet de recrutement\u00a0\u00bb button_alignment=\u00a0\u00bbcenter\u00a0\u00bb _builder_version=\u00a0\u00bb4.16&Prime; custom_button=\u00a0\u00bbon\u00a0\u00bb button_text_size=\u00a0\u00bb18px\u00a0\u00bb button_border_radius=\u00a0\u00bb30px\u00a0\u00bb global_colors_info=\u00a0\u00bb{}\u00a0\u00bb][\/et_pb_button][\/et_pb_column][\/et_pb_row][\/et_pb_section]<\/p>\n","protected":false},"excerpt":{"rendered":"<p>Votre commune vient de perdre son dernier m\u00e9decin ou craint un prochain d\u00e9part ? D\u00e9couvrez les solutions concr\u00e8tes d&rsquo;un cabinet de recrutement de m\u00e9decins qui permettent aux communes fran\u00e7aises d&rsquo;attirer durablement un m\u00e9decin g\u00e9n\u00e9raliste malgr\u00e9 la d\u00e9sertification m\u00e9dicale. Lorsqu&rsquo;une commune perd son dernier m\u00e9decin g\u00e9n\u00e9raliste, les cons\u00e9quences d\u00e9passent largement le domaine de la sant\u00e9. L&rsquo;acc\u00e8s [&hellip;]<\/p>\n","protected":false},"author":6,"featured_media":12021,"comment_status":"closed","ping_status":"closed","sticky":false,"template":"","format":"standard","meta":{"_et_pb_use_builder":"on","_et_pb_old_content":"","_et_gb_content_width":"1080","footnotes":""},"categories":[2355],"tags":[1820,1534,1436,1888],"class_list":["post-12018","post","type-post","status-publish","format-standard","has-post-thumbnail","hentry","category-collectivites-territoriales","tag-installation-en-zone-rurale","tag-installation-medecin-liberal","tag-recrutement-medecin-generaliste","tag-sos-village-cherche-medecin"],"yoast_head":"<!-- This site is optimized with the Yoast SEO plugin v28.4 - https:\/\/yoast.com\/product\/yoast-seo-wordpress\/ -->\n<title>D\u00e9sert m\u00e9dical : comment sauver un village sans m\u00e9decin ?<\/title>\n<meta name=\"description\" content=\"D\u00e9sert m\u00e9dical : d\u00e9couvrez des solutions concr\u00e8tes pour sauver un village sans m\u00e9decin et attirer un m\u00e9decin dans votre commune.\" \/>\n<meta name=\"robots\" content=\"index, follow, max-snippet:-1, max-image-preview:large, max-video-preview:-1\" \/>\n<link rel=\"canonical\" href=\"https:\/\/brm-conseil.fr\/fr\/wp-json\/wp\/v2\/posts\/12018\" \/>\n<meta property=\"og:locale\" content=\"fr_FR\" \/>\n<meta property=\"og:type\" content=\"article\" \/>\n<meta property=\"og:title\" content=\"D\u00e9sert m\u00e9dical : comment sauver un village sans m\u00e9decin ?\" \/>\n<meta property=\"og:description\" content=\"D\u00e9sert m\u00e9dical : d\u00e9couvrez des solutions concr\u00e8tes pour sauver un village sans m\u00e9decin et attirer un m\u00e9decin dans votre commune.\" \/>\n<meta property=\"og:url\" content=\"https:\/\/brm-conseil.fr\/fr\/wp-json\/wp\/v2\/posts\/12018\" \/>\n<meta property=\"og:site_name\" content=\"BRM Conseil\" \/>\n<meta property=\"article:published_time\" content=\"2023-01-23T08:00:00+00:00\" \/>\n<meta property=\"article:modified_time\" content=\"2026-07-30T14:37:16+00:00\" \/>\n<meta property=\"og:image\" content=\"https:\/\/brm-conseil.fr\/wp-content\/uploads\/2020\/01\/LinkedIn_Brm-Conseil.png\" \/>\n\t<meta property=\"og:image:width\" content=\"2000\" \/>\n\t<meta property=\"og:image:height\" content=\"1333\" \/>\n\t<meta property=\"og:image:type\" content=\"image\/jpeg\" \/>\n<meta name=\"author\" content=\"genone\" \/>\n<meta name=\"twitter:card\" content=\"summary_large_image\" \/>\n<meta name=\"twitter:label1\" content=\"\u00c9crit par\" \/>\n\t<meta name=\"twitter:data1\" content=\"genone\" \/>\n\t<meta name=\"twitter:label2\" content=\"Dur\u00e9e de lecture estim\u00e9e\" \/>\n\t<meta name=\"twitter:data2\" content=\"58 minutes\" \/>\n<script type=\"application\/ld+json\" class=\"yoast-schema-graph\">{\"@context\":\"https:\\\/\\\/schema.org\",\"@graph\":[{\"@type\":\"Article\",\"@id\":\"https:\\\/\\\/brm-conseil.fr\\\/fr\\\/2023\\\/01\\\/23\\\/sos-mon-village-recherche-un-medecin-generaliste-comment-le-trouver\\\/#article\",\"isPartOf\":{\"@id\":\"https:\\\/\\\/brm-conseil.fr\\\/fr\\\/2023\\\/01\\\/23\\\/sos-mon-village-recherche-un-medecin-generaliste-comment-le-trouver\\\/\"},\"author\":{\"name\":\"genone\",\"@id\":\"https:\\\/\\\/brm-conseil.fr\\\/fr\\\/#\\\/schema\\\/person\\\/306310a2b7c316650384cfd4a81211ed\"},\"headline\":\"D\u00e9sert m\u00e9dical : comment sauver un village sans m\u00e9decin ?\",\"datePublished\":\"2023-01-23T08:00:00+00:00\",\"dateModified\":\"2026-07-30T14:37:16+00:00\",\"mainEntityOfPage\":{\"@id\":\"https:\\\/\\\/brm-conseil.fr\\\/fr\\\/2023\\\/01\\\/23\\\/sos-mon-village-recherche-un-medecin-generaliste-comment-le-trouver\\\/\"},\"wordCount\":15670,\"publisher\":{\"@id\":\"https:\\\/\\\/brm-conseil.fr\\\/fr\\\/#organization\"},\"image\":{\"@id\":\"https:\\\/\\\/brm-conseil.fr\\\/fr\\\/2023\\\/01\\\/23\\\/sos-mon-village-recherche-un-medecin-generaliste-comment-le-trouver\\\/#primaryimage\"},\"thumbnailUrl\":\"https:\\\/\\\/brm-conseil.fr\\\/wp-content\\\/uploads\\\/2023\\\/01\\\/installation-medecin-liberal.jpg\",\"keywords\":[\"installation en zone rurale\",\"Installation m\u00e9decin lib\u00e9ral\",\"recrutement m\u00e9decin g\u00e9n\u00e9raliste\",\"SOS village cherche m\u00e9decin\"],\"articleSection\":[\"Collectivit\u00e9s territoriales\"],\"inLanguage\":\"fr-FR\"},{\"@type\":\"WebPage\",\"@id\":\"https:\\\/\\\/brm-conseil.fr\\\/fr\\\/2023\\\/01\\\/23\\\/sos-mon-village-recherche-un-medecin-generaliste-comment-le-trouver\\\/\",\"url\":\"https:\\\/\\\/brm-conseil.fr\\\/fr\\\/2023\\\/01\\\/23\\\/sos-mon-village-recherche-un-medecin-generaliste-comment-le-trouver\\\/\",\"name\":\"D\u00e9sert m\u00e9dical : comment sauver un village sans m\u00e9decin ?\",\"isPartOf\":{\"@id\":\"https:\\\/\\\/brm-conseil.fr\\\/fr\\\/#website\"},\"primaryImageOfPage\":{\"@id\":\"https:\\\/\\\/brm-conseil.fr\\\/fr\\\/2023\\\/01\\\/23\\\/sos-mon-village-recherche-un-medecin-generaliste-comment-le-trouver\\\/#primaryimage\"},\"image\":{\"@id\":\"https:\\\/\\\/brm-conseil.fr\\\/fr\\\/2023\\\/01\\\/23\\\/sos-mon-village-recherche-un-medecin-generaliste-comment-le-trouver\\\/#primaryimage\"},\"thumbnailUrl\":\"https:\\\/\\\/brm-conseil.fr\\\/wp-content\\\/uploads\\\/2023\\\/01\\\/installation-medecin-liberal.jpg\",\"datePublished\":\"2023-01-23T08:00:00+00:00\",\"dateModified\":\"2026-07-30T14:37:16+00:00\",\"description\":\"D\u00e9sert m\u00e9dical : d\u00e9couvrez des solutions concr\u00e8tes pour sauver un village sans m\u00e9decin et attirer un m\u00e9decin dans votre commune.\",\"breadcrumb\":{\"@id\":\"https:\\\/\\\/brm-conseil.fr\\\/fr\\\/2023\\\/01\\\/23\\\/sos-mon-village-recherche-un-medecin-generaliste-comment-le-trouver\\\/#breadcrumb\"},\"inLanguage\":\"fr-FR\",\"potentialAction\":[{\"@type\":\"ReadAction\",\"target\":[\"https:\\\/\\\/brm-conseil.fr\\\/fr\\\/2023\\\/01\\\/23\\\/sos-mon-village-recherche-un-medecin-generaliste-comment-le-trouver\\\/\"]}]},{\"@type\":\"ImageObject\",\"inLanguage\":\"fr-FR\",\"@id\":\"https:\\\/\\\/brm-conseil.fr\\\/fr\\\/2023\\\/01\\\/23\\\/sos-mon-village-recherche-un-medecin-generaliste-comment-le-trouver\\\/#primaryimage\",\"url\":\"https:\\\/\\\/brm-conseil.fr\\\/wp-content\\\/uploads\\\/2023\\\/01\\\/installation-medecin-liberal.jpg\",\"contentUrl\":\"https:\\\/\\\/brm-conseil.fr\\\/wp-content\\\/uploads\\\/2023\\\/01\\\/installation-medecin-liberal.jpg\",\"width\":2000,\"height\":1333,\"caption\":\"installation m\u00e9decin lib\u00e9ral\"},{\"@type\":\"BreadcrumbList\",\"@id\":\"https:\\\/\\\/brm-conseil.fr\\\/fr\\\/2023\\\/01\\\/23\\\/sos-mon-village-recherche-un-medecin-generaliste-comment-le-trouver\\\/#breadcrumb\",\"itemListElement\":[{\"@type\":\"ListItem\",\"position\":1,\"name\":\"Accueil\",\"item\":\"https:\\\/\\\/brm-conseil.fr\\\/fr\\\/\"},{\"@type\":\"ListItem\",\"position\":2,\"name\":\"D\u00e9sert m\u00e9dical : comment sauver un village sans m\u00e9decin ?\"}]},{\"@type\":\"WebSite\",\"@id\":\"https:\\\/\\\/brm-conseil.fr\\\/fr\\\/#website\",\"url\":\"https:\\\/\\\/brm-conseil.fr\\\/fr\\\/\",\"name\":\"BrmConseil\",\"description\":\"Sp\u00e9cialiste du recrutement m\u00e9dical\",\"publisher\":{\"@id\":\"https:\\\/\\\/brm-conseil.fr\\\/fr\\\/#organization\"},\"potentialAction\":[{\"@type\":\"SearchAction\",\"target\":{\"@type\":\"EntryPoint\",\"urlTemplate\":\"https:\\\/\\\/brm-conseil.fr\\\/fr\\\/?s={search_term_string}\"},\"query-input\":{\"@type\":\"PropertyValueSpecification\",\"valueRequired\":true,\"valueName\":\"search_term_string\"}}],\"inLanguage\":\"fr-FR\"},{\"@type\":\"Organization\",\"@id\":\"https:\\\/\\\/brm-conseil.fr\\\/fr\\\/#organization\",\"name\":\"BRM Conseil\",\"url\":\"https:\\\/\\\/brm-conseil.fr\\\/fr\\\/\",\"logo\":{\"@type\":\"ImageObject\",\"inLanguage\":\"fr-FR\",\"@id\":\"https:\\\/\\\/brm-conseil.fr\\\/fr\\\/#\\\/schema\\\/logo\\\/image\\\/\",\"url\":\"https:\\\/\\\/brm-conseil.fr\\\/wp-content\\\/uploads\\\/2019\\\/06\\\/logo-brmconseil.png\",\"contentUrl\":\"https:\\\/\\\/brm-conseil.fr\\\/wp-content\\\/uploads\\\/2019\\\/06\\\/logo-brmconseil.png\",\"width\":420,\"height\":66,\"caption\":\"BRM Conseil\"},\"image\":{\"@id\":\"https:\\\/\\\/brm-conseil.fr\\\/fr\\\/#\\\/schema\\\/logo\\\/image\\\/\"}},{\"@type\":\"Person\",\"@id\":\"https:\\\/\\\/brm-conseil.fr\\\/fr\\\/#\\\/schema\\\/person\\\/306310a2b7c316650384cfd4a81211ed\",\"name\":\"genone\",\"image\":{\"@type\":\"ImageObject\",\"inLanguage\":\"fr-FR\",\"@id\":\"https:\\\/\\\/secure.gravatar.com\\\/avatar\\\/9dd236d8c3fbc6bf06eaf51e430e0f0d8231baf97b2c90e2513c961a2e0761c5?s=96&d=mm&r=g\",\"url\":\"https:\\\/\\\/secure.gravatar.com\\\/avatar\\\/9dd236d8c3fbc6bf06eaf51e430e0f0d8231baf97b2c90e2513c961a2e0761c5?s=96&d=mm&r=g\",\"contentUrl\":\"https:\\\/\\\/secure.gravatar.com\\\/avatar\\\/9dd236d8c3fbc6bf06eaf51e430e0f0d8231baf97b2c90e2513c961a2e0761c5?s=96&d=mm&r=g\",\"caption\":\"genone\"},\"url\":\"https:\\\/\\\/brm-conseil.fr\\\/fr\\\/author\\\/genone\\\/\"}]}<\/script>\n<!-- \/ Yoast SEO plugin. -->","yoast_head_json":{"title":"D\u00e9sert m\u00e9dical : comment sauver un village sans m\u00e9decin ?","description":"D\u00e9sert m\u00e9dical : d\u00e9couvrez des solutions concr\u00e8tes pour sauver un village sans m\u00e9decin et attirer un m\u00e9decin dans votre commune.","robots":{"index":"index","follow":"follow","max-snippet":"max-snippet:-1","max-image-preview":"max-image-preview:large","max-video-preview":"max-video-preview:-1"},"canonical":"https:\/\/brm-conseil.fr\/fr\/wp-json\/wp\/v2\/posts\/12018","og_locale":"fr_FR","og_type":"article","og_title":"D\u00e9sert m\u00e9dical : comment sauver un village sans m\u00e9decin ?","og_description":"D\u00e9sert m\u00e9dical : d\u00e9couvrez des solutions concr\u00e8tes pour sauver un village sans m\u00e9decin et attirer un m\u00e9decin dans votre commune.","og_url":"https:\/\/brm-conseil.fr\/fr\/wp-json\/wp\/v2\/posts\/12018","og_site_name":"BRM Conseil","article_published_time":"2023-01-23T08:00:00+00:00","article_modified_time":"2026-07-30T14:37:16+00:00","og_image":[{"width":2000,"height":1333,"url":"https:\/\/brm-conseil.fr\/wp-content\/uploads\/2020\/01\/LinkedIn_Brm-Conseil.png","type":"image\/jpeg"}],"author":"genone","twitter_card":"summary_large_image","twitter_misc":{"\u00c9crit par":"genone","Dur\u00e9e de lecture estim\u00e9e":"58 minutes"},"schema":{"@context":"https:\/\/schema.org","@graph":[{"@type":"Article","@id":"https:\/\/brm-conseil.fr\/fr\/2023\/01\/23\/sos-mon-village-recherche-un-medecin-generaliste-comment-le-trouver\/#article","isPartOf":{"@id":"https:\/\/brm-conseil.fr\/fr\/2023\/01\/23\/sos-mon-village-recherche-un-medecin-generaliste-comment-le-trouver\/"},"author":{"name":"genone","@id":"https:\/\/brm-conseil.fr\/fr\/#\/schema\/person\/306310a2b7c316650384cfd4a81211ed"},"headline":"D\u00e9sert m\u00e9dical : comment sauver un village sans m\u00e9decin ?","datePublished":"2023-01-23T08:00:00+00:00","dateModified":"2026-07-30T14:37:16+00:00","mainEntityOfPage":{"@id":"https:\/\/brm-conseil.fr\/fr\/2023\/01\/23\/sos-mon-village-recherche-un-medecin-generaliste-comment-le-trouver\/"},"wordCount":15670,"publisher":{"@id":"https:\/\/brm-conseil.fr\/fr\/#organization"},"image":{"@id":"https:\/\/brm-conseil.fr\/fr\/2023\/01\/23\/sos-mon-village-recherche-un-medecin-generaliste-comment-le-trouver\/#primaryimage"},"thumbnailUrl":"https:\/\/brm-conseil.fr\/wp-content\/uploads\/2023\/01\/installation-medecin-liberal.jpg","keywords":["installation en zone rurale","Installation m\u00e9decin lib\u00e9ral","recrutement m\u00e9decin g\u00e9n\u00e9raliste","SOS village cherche m\u00e9decin"],"articleSection":["Collectivit\u00e9s territoriales"],"inLanguage":"fr-FR"},{"@type":"WebPage","@id":"https:\/\/brm-conseil.fr\/fr\/2023\/01\/23\/sos-mon-village-recherche-un-medecin-generaliste-comment-le-trouver\/","url":"https:\/\/brm-conseil.fr\/fr\/2023\/01\/23\/sos-mon-village-recherche-un-medecin-generaliste-comment-le-trouver\/","name":"D\u00e9sert m\u00e9dical : comment sauver un village sans m\u00e9decin ?","isPartOf":{"@id":"https:\/\/brm-conseil.fr\/fr\/#website"},"primaryImageOfPage":{"@id":"https:\/\/brm-conseil.fr\/fr\/2023\/01\/23\/sos-mon-village-recherche-un-medecin-generaliste-comment-le-trouver\/#primaryimage"},"image":{"@id":"https:\/\/brm-conseil.fr\/fr\/2023\/01\/23\/sos-mon-village-recherche-un-medecin-generaliste-comment-le-trouver\/#primaryimage"},"thumbnailUrl":"https:\/\/brm-conseil.fr\/wp-content\/uploads\/2023\/01\/installation-medecin-liberal.jpg","datePublished":"2023-01-23T08:00:00+00:00","dateModified":"2026-07-30T14:37:16+00:00","description":"D\u00e9sert m\u00e9dical : d\u00e9couvrez des solutions concr\u00e8tes pour sauver un village sans m\u00e9decin et attirer un m\u00e9decin dans votre commune.","breadcrumb":{"@id":"https:\/\/brm-conseil.fr\/fr\/2023\/01\/23\/sos-mon-village-recherche-un-medecin-generaliste-comment-le-trouver\/#breadcrumb"},"inLanguage":"fr-FR","potentialAction":[{"@type":"ReadAction","target":["https:\/\/brm-conseil.fr\/fr\/2023\/01\/23\/sos-mon-village-recherche-un-medecin-generaliste-comment-le-trouver\/"]}]},{"@type":"ImageObject","inLanguage":"fr-FR","@id":"https:\/\/brm-conseil.fr\/fr\/2023\/01\/23\/sos-mon-village-recherche-un-medecin-generaliste-comment-le-trouver\/#primaryimage","url":"https:\/\/brm-conseil.fr\/wp-content\/uploads\/2023\/01\/installation-medecin-liberal.jpg","contentUrl":"https:\/\/brm-conseil.fr\/wp-content\/uploads\/2023\/01\/installation-medecin-liberal.jpg","width":2000,"height":1333,"caption":"installation m\u00e9decin lib\u00e9ral"},{"@type":"BreadcrumbList","@id":"https:\/\/brm-conseil.fr\/fr\/2023\/01\/23\/sos-mon-village-recherche-un-medecin-generaliste-comment-le-trouver\/#breadcrumb","itemListElement":[{"@type":"ListItem","position":1,"name":"Accueil","item":"https:\/\/brm-conseil.fr\/fr\/"},{"@type":"ListItem","position":2,"name":"D\u00e9sert m\u00e9dical : comment sauver un village sans m\u00e9decin ?"}]},{"@type":"WebSite","@id":"https:\/\/brm-conseil.fr\/fr\/#website","url":"https:\/\/brm-conseil.fr\/fr\/","name":"BrmConseil","description":"Sp\u00e9cialiste du recrutement m\u00e9dical","publisher":{"@id":"https:\/\/brm-conseil.fr\/fr\/#organization"},"potentialAction":[{"@type":"SearchAction","target":{"@type":"EntryPoint","urlTemplate":"https:\/\/brm-conseil.fr\/fr\/?s={search_term_string}"},"query-input":{"@type":"PropertyValueSpecification","valueRequired":true,"valueName":"search_term_string"}}],"inLanguage":"fr-FR"},{"@type":"Organization","@id":"https:\/\/brm-conseil.fr\/fr\/#organization","name":"BRM Conseil","url":"https:\/\/brm-conseil.fr\/fr\/","logo":{"@type":"ImageObject","inLanguage":"fr-FR","@id":"https:\/\/brm-conseil.fr\/fr\/#\/schema\/logo\/image\/","url":"https:\/\/brm-conseil.fr\/wp-content\/uploads\/2019\/06\/logo-brmconseil.png","contentUrl":"https:\/\/brm-conseil.fr\/wp-content\/uploads\/2019\/06\/logo-brmconseil.png","width":420,"height":66,"caption":"BRM Conseil"},"image":{"@id":"https:\/\/brm-conseil.fr\/fr\/#\/schema\/logo\/image\/"}},{"@type":"Person","@id":"https:\/\/brm-conseil.fr\/fr\/#\/schema\/person\/306310a2b7c316650384cfd4a81211ed","name":"genone","image":{"@type":"ImageObject","inLanguage":"fr-FR","@id":"https:\/\/secure.gravatar.com\/avatar\/9dd236d8c3fbc6bf06eaf51e430e0f0d8231baf97b2c90e2513c961a2e0761c5?s=96&d=mm&r=g","url":"https:\/\/secure.gravatar.com\/avatar\/9dd236d8c3fbc6bf06eaf51e430e0f0d8231baf97b2c90e2513c961a2e0761c5?s=96&d=mm&r=g","contentUrl":"https:\/\/secure.gravatar.com\/avatar\/9dd236d8c3fbc6bf06eaf51e430e0f0d8231baf97b2c90e2513c961a2e0761c5?s=96&d=mm&r=g","caption":"genone"},"url":"https:\/\/brm-conseil.fr\/fr\/author\/genone\/"}]}},"_links":{"self":[{"href":"https:\/\/brm-conseil.fr\/fr\/wp-json\/wp\/v2\/posts\/12018","targetHints":{"allow":["GET"]}}],"collection":[{"href":"https:\/\/brm-conseil.fr\/fr\/wp-json\/wp\/v2\/posts"}],"about":[{"href":"https:\/\/brm-conseil.fr\/fr\/wp-json\/wp\/v2\/types\/post"}],"author":[{"embeddable":true,"href":"https:\/\/brm-conseil.fr\/fr\/wp-json\/wp\/v2\/users\/6"}],"replies":[{"embeddable":true,"href":"https:\/\/brm-conseil.fr\/fr\/wp-json\/wp\/v2\/comments?post=12018"}],"version-history":[{"count":70,"href":"https:\/\/brm-conseil.fr\/fr\/wp-json\/wp\/v2\/posts\/12018\/revisions"}],"predecessor-version":[{"id":15337,"href":"https:\/\/brm-conseil.fr\/fr\/wp-json\/wp\/v2\/posts\/12018\/revisions\/15337"}],"wp:featuredmedia":[{"embeddable":true,"href":"https:\/\/brm-conseil.fr\/fr\/wp-json\/wp\/v2\/media\/12021"}],"wp:attachment":[{"href":"https:\/\/brm-conseil.fr\/fr\/wp-json\/wp\/v2\/media?parent=12018"}],"wp:term":[{"taxonomy":"category","embeddable":true,"href":"https:\/\/brm-conseil.fr\/fr\/wp-json\/wp\/v2\/categories?post=12018"},{"taxonomy":"post_tag","embeddable":true,"href":"https:\/\/brm-conseil.fr\/fr\/wp-json\/wp\/v2\/tags?post=12018"}],"curies":[{"name":"wp","href":"https:\/\/api.w.org\/{rel}","templated":true}]}}