{"id":561,"date":"2019-08-20T11:07:41","date_gmt":"2019-08-20T09:07:41","guid":{"rendered":"https:\/\/brm-conseil.fr\/?p=561"},"modified":"2020-02-11T17:26:40","modified_gmt":"2020-02-11T16:26:40","slug":"burn-out-et-mal-etre-au-travail-les-professionnels-de-sante-en-alerte","status":"publish","type":"post","link":"https:\/\/brm-conseil.fr\/es\/2019\/08\/20\/burn-out-et-mal-etre-au-travail-les-professionnels-de-sante-en-alerte\/","title":{"rendered":"Burn-out e infelicidad en el trabajo: los profesionales de la salud en alerta"},"content":{"rendered":"<p style=\"text-align:justify\">La pluralit\u00e9 des sympt\u00f4mes du burn-out complexifie le diagnostic par les m\u00e9decins, et les autres <a href=\"https:\/\/brm-conseil.fr\/es\/\">profesionales sanitarios<\/a>. Car il ne s\u2019agit pas d\u2019une maladie, mais d\u2019un syndrome aux multiples manifestations. Et en ce qui concerne les r\u00e9percussions de ce mal-\u00eatre sur le corps, il n\u2019y a pas de r\u00e9currences entre les patients, ce qui rend le d\u00e9pistage particuli\u00e8rement compliqu\u00e9.<\/p>\n\n\n\n<h2>Le difficile diagnostic du burn-out<\/h2>\n\n\n\n<p style=\"text-align:justify\">Le mot <strong>burn-out<\/strong>, bien que compr\u00e9hensible par tous, n\u2019est pas un terme m\u00e9dical, il ne s\u2019agit pas d\u2019une maladie \u00e0 proprement parler. C\u2019est un processus d\u2019accumulation de mal-\u00eatre, d\u2019angoisse, de stress, qui aboutit \u00e0 une surcharge tant morale que physique. L\u2019ensemble de ces souffrances peut induire diverses pathologies, aussi bien de simples maux de t\u00eates, qu\u2019un \u00e9tat d\u00e9pressif. Le corps peut manifester cet \u00e9tat de d\u00e9tresse par des sympt\u00f4mes qui sont tr\u00e8s variables d\u2019un individu \u00e0 l\u2019autre, il peut s\u2019agir de probl\u00e8mes musculaires, d\u2019hypertension, de maux d\u2019estomac, de troubles du sommeil&#8230; Il n\u2019y a donc pas de moyen simple de d\u00e9tecter un burn-out chez un <strong>patient<\/strong>.<\/p>\n\n\n\n<h2>La Haute Autorit\u00e9 de la Sant\u00e9 (HAS)<\/h2>\n\n\n\n<p style=\"text-align:justify\">Compte tenu de l\u2019ampleur du probl\u00e8me pos\u00e9 par la souffrance au travail, la HAS a \u00e9mis des recommandations aux <strong>m\u00e9dicos<\/strong>. Afin de les aider \u00e0 poser un diagnostic, une liste des points \u00e0 aborder lors de la consultation a fait l\u2019objet de la publication d\u2019un document \u00e0 leur encontre. Le but de la HAS est que les sympt\u00f4mes du burn-out ne soient pas ignor\u00e9s et confondus avec une pathologie diff\u00e9rente. Ce qui implique, pour les professionnels de sant\u00e9, de s\u2019attacher \u00e0 individualiser la prise en charge de leurs patients, en rep\u00e9rant des sympt\u00f4mes qui peuvent \u00eatre reli\u00e9s \u00e0 un <a href=\"https:\/\/brm-conseil.fr\/es\/2019\/04\/05\/no-ignore-los-signos-del-agotamiento-cuando-sea-profesional-sanitario\/\">\u00e9puisement professionnel<\/a>. Ils doivent aussi mettre en ad\u00e9quation le traitement et les besoins r\u00e9els du <a href=\"https:\/\/brm-conseil.fr\/es\/\">patient<\/a>.<\/p>\n\n\n\n<h2>L\u2019am\u00e9lioration du diagnostic<\/h2>\n\n\n\n<p style=\"text-align:justify\">Dans le but d\u2019identifier le burn-out et de l\u2019isoler des autres pathologies semblables, les m\u00e9decins doivent, une fois les sympt\u00f4mes d\u00e9cel\u00e9s (troubles \u00e9motionnels, physiques ou comportementaux), s\u2019int\u00e9resser \u00e0 la vie professionnelle et personnelle du patient, pour s\u2019assurer qu\u2019il s\u2019agit de la manifestation d\u2019une souffrance li\u00e9e au <a href=\"https:\/\/brm-conseil.fr\/es\/2019\/04\/30\/medecine-du-travail-le-detecteur-des-troubles-invisibles\/\">monde du travail<\/a>. Il est \u00e9galement n\u00e9cessaire, compte tenu de la situation, de jauger l\u2019\u00e9tat psychique du patient pour d\u00e9terminer la possibilit\u00e9 d\u2019un risque de suicide. Le traitement conseill\u00e9 par la Haute Autorit\u00e9 de la Sant\u00e9 n\u2019est pas le recours syst\u00e9matique \u00e0 des m\u00e9dicaments. Le repos sous forme d\u2019<strong>arr\u00eat de travail,<\/strong> des s\u00e9ances de psychoth\u00e9rapie ou toute autre forme d\u2019aide qui soit adapt\u00e9e \u00e0 chaque individu en souffrance, selon ses besoins et son ressenti, peuvent \u00eatre conseill\u00e9s. <\/p>","protected":false},"excerpt":{"rendered":"<p>La necesidad de detectar los trastornos y s\u00edntomas de ansiedad para garantizar que no se produzca el agotamiento y que se detecte a tiempo<\/p>","protected":false},"author":3,"featured_media":563,"comment_status":"closed","ping_status":"closed","sticky":false,"template":"","format":"standard","meta":{"_et_pb_use_builder":"off","_et_pb_old_content":"","_et_gb_content_width":""},"categories":[142],"tags":[],"yoast_head":"<!-- This site is optimized with the Yoast SEO plugin v19.4 - https:\/\/yoast.com\/wordpress\/plugins\/seo\/ -->\n<title>Burn-out et mal-\u00eatre au travail : inqui\u00e9tude des professionnels de la sant\u00e9<\/title>\n<meta name=\"description\" content=\"De la n\u00e9cessit\u00e9 de d\u00e9tecter les troubles anxieux et sympt\u00f4mes pour s&#039;assurer de ne pas faire un burn-out et que ce soit prit \u00e0 temps\" \/>\n<meta name=\"robots\" content=\"index, follow, max-snippet:-1, max-image-preview:large, max-video-preview:-1\" \/>\n<link rel=\"canonical\" href=\"https:\/\/brm-conseil.fr\/es\/wp-json\/wp\/v2\/posts\/561\" \/>\n<meta property=\"og:locale\" content=\"es_ES\" \/>\n<meta property=\"og:type\" content=\"article\" \/>\n<meta property=\"og:title\" content=\"Burn-out et mal-\u00eatre au travail : inqui\u00e9tude des professionnels de la sant\u00e9\" \/>\n<meta property=\"og:description\" content=\"De la n\u00e9cessit\u00e9 de d\u00e9tecter les troubles anxieux et sympt\u00f4mes pour s&#039;assurer de ne pas faire un burn-out et que ce soit prit \u00e0 temps\" \/>\n<meta property=\"og:url\" content=\"https:\/\/brm-conseil.fr\/es\/wp-json\/wp\/v2\/posts\/561\" \/>\n<meta property=\"og:site_name\" content=\"BRM Conseil\" \/>\n<meta property=\"article:published_time\" content=\"2019-08-20T09:07:41+00:00\" \/>\n<meta property=\"article:modified_time\" content=\"2020-02-11T16:26:40+00:00\" \/>\n<meta property=\"og:image\" content=\"https:\/\/brm-conseil.fr\/wp-content\/uploads\/2020\/01\/LinkedIn_Brm-Conseil.png\" \/>\n\t<meta property=\"og:image:width\" content=\"1920\" \/>\n\t<meta property=\"og:image:height\" content=\"1251\" \/>\n\t<meta property=\"og:image:type\" content=\"image\/jpeg\" \/>\n<meta name=\"author\" content=\"Blogueur BRM Conseil\" \/>\n<meta name=\"twitter:card\" content=\"summary_large_image\" \/>\n<meta name=\"twitter:label1\" content=\"Escrito por\" \/>\n\t<meta name=\"twitter:data1\" content=\"Blogueur BRM Conseil\" \/>\n\t<meta name=\"twitter:label2\" content=\"Tiempo de lectura\" \/>\n\t<meta name=\"twitter:data2\" content=\"2 minutos\" \/>\n<script type=\"application\/ld+json\" class=\"yoast-schema-graph\">{\"@context\":\"https:\/\/schema.org\",\"@graph\":[{\"@type\":\"Organization\",\"@id\":\"https:\/\/brm-conseil.fr\/fr\/#organization\",\"name\":\"BRM Conseil\",\"url\":\"https:\/\/brm-conseil.fr\/fr\/\",\"sameAs\":[],\"logo\":{\"@type\":\"ImageObject\",\"inLanguage\":\"es\",\"@id\":\"https:\/\/brm-conseil.fr\/fr\/#\/schema\/logo\/image\/\",\"url\":\"https:\/\/brm-conseil.fr\/wp-content\/uploads\/2019\/06\/logo-brmconseil.png\",\"contentUrl\":\"https:\/\/brm-conseil.fr\/wp-content\/uploads\/2019\/06\/logo-brmconseil.png\",\"width\":420,\"height\":66,\"caption\":\"BRM Conseil\"},\"image\":{\"@id\":\"https:\/\/brm-conseil.fr\/fr\/#\/schema\/logo\/image\/\"}},{\"@type\":\"WebSite\",\"@id\":\"https:\/\/brm-conseil.fr\/fr\/#website\",\"url\":\"https:\/\/brm-conseil.fr\/fr\/\",\"name\":\"BrmConseil\",\"description\":\"Sp\u00e9cialiste du recrutement m\u00e9dical\",\"publisher\":{\"@id\":\"https:\/\/brm-conseil.fr\/fr\/#organization\"},\"potentialAction\":[{\"@type\":\"SearchAction\",\"target\":{\"@type\":\"EntryPoint\",\"urlTemplate\":\"https:\/\/brm-conseil.fr\/fr\/?s={search_term_string}\"},\"query-input\":\"required name=search_term_string\"}],\"inLanguage\":\"es\"},{\"@type\":\"WebPage\",\"@id\":\"https:\/\/brm-conseil.fr\/fr\/2019\/08\/20\/burn-out-et-mal-etre-au-travail-les-professionnels-de-sante-en-alerte\/\",\"url\":\"https:\/\/brm-conseil.fr\/fr\/2019\/08\/20\/burn-out-et-mal-etre-au-travail-les-professionnels-de-sante-en-alerte\/\",\"name\":\"Burn-out et mal-\u00eatre au travail : inqui\u00e9tude des professionnels de la sant\u00e9\",\"isPartOf\":{\"@id\":\"https:\/\/brm-conseil.fr\/fr\/#website\"},\"datePublished\":\"2019-08-20T09:07:41+00:00\",\"dateModified\":\"2020-02-11T16:26:40+00:00\",\"description\":\"De la n\u00e9cessit\u00e9 de d\u00e9tecter les troubles anxieux et sympt\u00f4mes pour s'assurer de ne pas faire un burn-out et que ce soit prit \u00e0 temps\",\"breadcrumb\":{\"@id\":\"https:\/\/brm-conseil.fr\/fr\/2019\/08\/20\/burn-out-et-mal-etre-au-travail-les-professionnels-de-sante-en-alerte\/#breadcrumb\"},\"inLanguage\":\"es\",\"potentialAction\":[{\"@type\":\"ReadAction\",\"target\":[\"https:\/\/brm-conseil.fr\/fr\/2019\/08\/20\/burn-out-et-mal-etre-au-travail-les-professionnels-de-sante-en-alerte\/\"]}]},{\"@type\":\"BreadcrumbList\",\"@id\":\"https:\/\/brm-conseil.fr\/fr\/2019\/08\/20\/burn-out-et-mal-etre-au-travail-les-professionnels-de-sante-en-alerte\/#breadcrumb\",\"itemListElement\":[{\"@type\":\"ListItem\",\"position\":1,\"name\":\"Accueil\",\"item\":\"https:\/\/brm-conseil.fr\/fr\/\"},{\"@type\":\"ListItem\",\"position\":2,\"name\":\"Burn-out et mal-\u00eatre au travail : les professionnels de sant\u00e9 en alerte\"}]},{\"@type\":\"Article\",\"@id\":\"https:\/\/brm-conseil.fr\/fr\/2019\/08\/20\/burn-out-et-mal-etre-au-travail-les-professionnels-de-sante-en-alerte\/#article\",\"isPartOf\":{\"@id\":\"https:\/\/brm-conseil.fr\/fr\/2019\/08\/20\/burn-out-et-mal-etre-au-travail-les-professionnels-de-sante-en-alerte\/\"},\"author\":{\"name\":\"Blogueur BRM Conseil\",\"@id\":\"https:\/\/brm-conseil.fr\/fr\/#\/schema\/person\/9e5d4f1cb7974f23b087f35a80469c89\"},\"headline\":\"Burn-out et mal-\u00eatre au travail : les professionnels de sant\u00e9 en alerte\",\"datePublished\":\"2019-08-20T09:07:41+00:00\",\"dateModified\":\"2020-02-11T16:26:40+00:00\",\"mainEntityOfPage\":{\"@id\":\"https:\/\/brm-conseil.fr\/fr\/2019\/08\/20\/burn-out-et-mal-etre-au-travail-les-professionnels-de-sante-en-alerte\/\"},\"wordCount\":498,\"publisher\":{\"@id\":\"https:\/\/brm-conseil.fr\/fr\/#organization\"},\"articleSection\":[\"M\u00e9decin du Travail\"],\"inLanguage\":\"es\"},{\"@type\":\"Person\",\"@id\":\"https:\/\/brm-conseil.fr\/fr\/#\/schema\/person\/9e5d4f1cb7974f23b087f35a80469c89\",\"name\":\"Blogueur BRM Conseil\",\"image\":{\"@type\":\"ImageObject\",\"inLanguage\":\"es\",\"@id\":\"https:\/\/brm-conseil.fr\/fr\/#\/schema\/person\/image\/\",\"url\":\"https:\/\/secure.gravatar.com\/avatar\/970f8c3497a522d7e0e65aff2a9986ef?s=96&d=mm&r=g\",\"contentUrl\":\"https:\/\/secure.gravatar.com\/avatar\/970f8c3497a522d7e0e65aff2a9986ef?s=96&d=mm&r=g\",\"caption\":\"Blogueur BRM Conseil\"},\"url\":\"https:\/\/brm-conseil.fr\/es\/author\/brmconseilblog\/\"}]}<\/script>\n<!-- \/ Yoast SEO plugin. -->","yoast_head_json":{"title":"Burn-out et mal-\u00eatre au travail : inqui\u00e9tude des professionnels de la sant\u00e9","description":"De la n\u00e9cessit\u00e9 de d\u00e9tecter les troubles anxieux et sympt\u00f4mes pour s'assurer de ne pas faire un burn-out et que ce soit prit \u00e0 temps","robots":{"index":"index","follow":"follow","max-snippet":"max-snippet:-1","max-image-preview":"max-image-preview:large","max-video-preview":"max-video-preview:-1"},"canonical":"https:\/\/brm-conseil.fr\/es\/wp-json\/wp\/v2\/posts\/561","og_locale":"es_ES","og_type":"article","og_title":"Burn-out et mal-\u00eatre au travail : inqui\u00e9tude des professionnels de la sant\u00e9","og_description":"De la n\u00e9cessit\u00e9 de d\u00e9tecter les troubles anxieux et sympt\u00f4mes pour s'assurer de ne pas faire un burn-out et que ce soit prit \u00e0 temps","og_url":"https:\/\/brm-conseil.fr\/es\/wp-json\/wp\/v2\/posts\/561","og_site_name":"BRM Conseil","article_published_time":"2019-08-20T09:07:41+00:00","article_modified_time":"2020-02-11T16:26:40+00:00","og_image":[{"width":1920,"height":1251,"url":"https:\/\/brm-conseil.fr\/wp-content\/uploads\/2020\/01\/LinkedIn_Brm-Conseil.png","type":"image\/jpeg"}],"author":"Blogueur BRM Conseil","twitter_card":"summary_large_image","twitter_misc":{"Escrito por":"Blogueur BRM Conseil","Tiempo de lectura":"2 minutos"},"schema":{"@context":"https:\/\/schema.org","@graph":[{"@type":"Organization","@id":"https:\/\/brm-conseil.fr\/fr\/#organization","name":"BRM Conseil","url":"https:\/\/brm-conseil.fr\/fr\/","sameAs":[],"logo":{"@type":"ImageObject","inLanguage":"es","@id":"https:\/\/brm-conseil.fr\/fr\/#\/schema\/logo\/image\/","url":"https:\/\/brm-conseil.fr\/wp-content\/uploads\/2019\/06\/logo-brmconseil.png","contentUrl":"https:\/\/brm-conseil.fr\/wp-content\/uploads\/2019\/06\/logo-brmconseil.png","width":420,"height":66,"caption":"BRM Conseil"},"image":{"@id":"https:\/\/brm-conseil.fr\/fr\/#\/schema\/logo\/image\/"}},{"@type":"WebSite","@id":"https:\/\/brm-conseil.fr\/fr\/#website","url":"https:\/\/brm-conseil.fr\/fr\/","name":"BrmConseil","description":"Especialista en contrataci\u00f3n m\u00e9dica","publisher":{"@id":"https:\/\/brm-conseil.fr\/fr\/#organization"},"potentialAction":[{"@type":"SearchAction","target":{"@type":"EntryPoint","urlTemplate":"https:\/\/brm-conseil.fr\/fr\/?s={search_term_string}"},"query-input":"required name=search_term_string"}],"inLanguage":"es"},{"@type":"WebPage","@id":"https:\/\/brm-conseil.fr\/fr\/2019\/08\/20\/burn-out-et-mal-etre-au-travail-les-professionnels-de-sante-en-alerte\/","url":"https:\/\/brm-conseil.fr\/fr\/2019\/08\/20\/burn-out-et-mal-etre-au-travail-les-professionnels-de-sante-en-alerte\/","name":"Burn-out et mal-\u00eatre au travail : inqui\u00e9tude des professionnels de la sant\u00e9","isPartOf":{"@id":"https:\/\/brm-conseil.fr\/fr\/#website"},"datePublished":"2019-08-20T09:07:41+00:00","dateModified":"2020-02-11T16:26:40+00:00","description":"De la n\u00e9cessit\u00e9 de d\u00e9tecter les troubles anxieux et sympt\u00f4mes pour s'assurer de ne pas faire un burn-out et que ce soit prit \u00e0 temps","breadcrumb":{"@id":"https:\/\/brm-conseil.fr\/fr\/2019\/08\/20\/burn-out-et-mal-etre-au-travail-les-professionnels-de-sante-en-alerte\/#breadcrumb"},"inLanguage":"es","potentialAction":[{"@type":"ReadAction","target":["https:\/\/brm-conseil.fr\/fr\/2019\/08\/20\/burn-out-et-mal-etre-au-travail-les-professionnels-de-sante-en-alerte\/"]}]},{"@type":"BreadcrumbList","@id":"https:\/\/brm-conseil.fr\/fr\/2019\/08\/20\/burn-out-et-mal-etre-au-travail-les-professionnels-de-sante-en-alerte\/#breadcrumb","itemListElement":[{"@type":"ListItem","position":1,"name":"Accueil","item":"https:\/\/brm-conseil.fr\/fr\/"},{"@type":"ListItem","position":2,"name":"Burn-out et mal-\u00eatre au travail : les professionnels de sant\u00e9 en alerte"}]},{"@type":"Article","@id":"https:\/\/brm-conseil.fr\/fr\/2019\/08\/20\/burn-out-et-mal-etre-au-travail-les-professionnels-de-sante-en-alerte\/#article","isPartOf":{"@id":"https:\/\/brm-conseil.fr\/fr\/2019\/08\/20\/burn-out-et-mal-etre-au-travail-les-professionnels-de-sante-en-alerte\/"},"author":{"name":"Blogueur BRM Conseil","@id":"https:\/\/brm-conseil.fr\/fr\/#\/schema\/person\/9e5d4f1cb7974f23b087f35a80469c89"},"headline":"Burn-out et mal-\u00eatre au travail : les professionnels de sant\u00e9 en alerte","datePublished":"2019-08-20T09:07:41+00:00","dateModified":"2020-02-11T16:26:40+00:00","mainEntityOfPage":{"@id":"https:\/\/brm-conseil.fr\/fr\/2019\/08\/20\/burn-out-et-mal-etre-au-travail-les-professionnels-de-sante-en-alerte\/"},"wordCount":498,"publisher":{"@id":"https:\/\/brm-conseil.fr\/fr\/#organization"},"articleSection":["M\u00e9decin du Travail"],"inLanguage":"es"},{"@type":"Person","@id":"https:\/\/brm-conseil.fr\/fr\/#\/schema\/person\/9e5d4f1cb7974f23b087f35a80469c89","name":"Blogger BRM Conseil","image":{"@type":"ImageObject","inLanguage":"es","@id":"https:\/\/brm-conseil.fr\/fr\/#\/schema\/person\/image\/","url":"https:\/\/secure.gravatar.com\/avatar\/970f8c3497a522d7e0e65aff2a9986ef?s=96&d=mm&r=g","contentUrl":"https:\/\/secure.gravatar.com\/avatar\/970f8c3497a522d7e0e65aff2a9986ef?s=96&d=mm&r=g","caption":"Blogueur BRM Conseil"},"url":"https:\/\/brm-conseil.fr\/es\/author\/brmconseilblog\/"}]}},"_links":{"self":[{"href":"https:\/\/brm-conseil.fr\/es\/wp-json\/wp\/v2\/posts\/561"}],"collection":[{"href":"https:\/\/brm-conseil.fr\/es\/wp-json\/wp\/v2\/posts"}],"about":[{"href":"https:\/\/brm-conseil.fr\/es\/wp-json\/wp\/v2\/types\/post"}],"author":[{"embeddable":true,"href":"https:\/\/brm-conseil.fr\/es\/wp-json\/wp\/v2\/users\/3"}],"replies":[{"embeddable":true,"href":"https:\/\/brm-conseil.fr\/es\/wp-json\/wp\/v2\/comments?post=561"}],"version-history":[{"count":2,"href":"https:\/\/brm-conseil.fr\/es\/wp-json\/wp\/v2\/posts\/561\/revisions"}],"predecessor-version":[{"id":566,"href":"https:\/\/brm-conseil.fr\/es\/wp-json\/wp\/v2\/posts\/561\/revisions\/566"}],"wp:featuredmedia":[{"embeddable":true,"href":"https:\/\/brm-conseil.fr\/es\/wp-json\/wp\/v2\/media\/563"}],"wp:attachment":[{"href":"https:\/\/brm-conseil.fr\/es\/wp-json\/wp\/v2\/media?parent=561"}],"wp:term":[{"taxonomy":"category","embeddable":true,"href":"https:\/\/brm-conseil.fr\/es\/wp-json\/wp\/v2\/categories?post=561"},{"taxonomy":"post_tag","embeddable":true,"href":"https:\/\/brm-conseil.fr\/es\/wp-json\/wp\/v2\/tags?post=561"}],"curies":[{"name":"wp","href":"https:\/\/api.w.org\/{rel}","templated":true}]}}