{"id":385,"date":"2018-12-05T16:46:35","date_gmt":"2018-12-05T15:46:35","guid":{"rendered":"http:\/\/brm-conseil.fr\/?p=385"},"modified":"2020-02-11T17:30:05","modified_gmt":"2020-02-11T16:30:05","slug":"creation-dun-nouveau-metier-dassistant-medical-quelle-sera-sa-fonction","status":"publish","type":"post","link":"https:\/\/brm-conseil.fr\/es\/2018\/12\/05\/creation-dun-nouveau-metier-dassistant-medical-quelle-sera-sa-fonction\/","title":{"rendered":"Creaci\u00f3n de una nueva profesi\u00f3n de asistente m\u00e9dico: \u00bfpara qu\u00e9 servir\u00e1?"},"content":{"rendered":"\n\n[et_pb_section fb_built=\u00a0\u00bb1&Prime; _builder_version=\u00a0\u00bb3.25.2&Prime; background_image=\u00a0\u00bbhttps:\/\/brm-conseil.fr\/wp-content\/uploads\/2019\/06\/woman-3187087_640.jpg\u00a0\u00bb custom_padding=\u00a0\u00bb150px||150px\u00a0\u00bb][\/et_pb_section][et_pb_section fb_built=\u00a0\u00bb1&Prime; _builder_version=\u00a0\u00bb3.25.2&Prime; background_color=\u00a0\u00bbrgba(0,0,0,0)\u00a0\u00bb custom_margin=\u00a0\u00bb-150px||\u00a0\u00bb custom_padding=\u00a0\u00bb|||||\u00a0\u00bb][et_pb_row column_structure=\u00a0\u00bb1_2,1_2&Prime; _builder_version=\u00a0\u00bb3.25.2&Prime;][et_pb_column type=\u00a0\u00bb1_2&Prime; _builder_version=\u00a0\u00bb3.25.2&Prime;][\/et_pb_column][et_pb_column type=\u00a0\u00bb1_2&Prime; _builder_version=\u00a0\u00bb3.25.2&Prime; background_color=\u00a0\u00bb#0c71c3&Prime; custom_padding=\u00a0\u00bb30px|20px|30px|20px\u00a0\u00bb][et_pb_post_title categories=\u00a0\u00bboff\u00a0\u00bb comments=\u00a0\u00bboff\u00a0\u00bb featured_image=\u00a0\u00bboff\u00a0\u00bb _builder_version=\u00a0\u00bb3.25.2&Prime; title_font=\u00a0\u00bb|600|||||||\u00a0\u00bb title_text_align=\u00a0\u00bbleft\u00a0\u00bb title_text_color=\u00a0\u00bb#ffffff\u00a0\u00bb title_font_size=\u00a0\u00bb30px\u00a0\u00bb meta_font=\u00a0\u00bb||||||||\u00a0\u00bb meta_text_color=\u00a0\u00bb#ffffff\u00a0\u00bb title_font_size_tablet=\u00a0\u00bb20px\u00a0\u00bb title_font_size_phone=\u00a0\u00bb\u00a0\u00bb title_font_size_last_edited=\u00a0\u00bbon|phone\u00a0\u00bb][\/et_pb_post_title][\/et_pb_column][\/et_pb_row][\/et_pb_section][et_pb_section fb_built=\u00a0\u00bb1&Prime; _builder_version=\u00a0\u00bb3.25.2&Prime; custom_margin=\u00a0\u00bb-100px||\u00a0\u00bb][et_pb_row _builder_version=\u00a0\u00bb3.25.2&Prime;][et_pb_column type=\u00a0\u00bb4_4&Prime; _builder_version=\u00a0\u00bb3.25.2&Prime;][et_pb_text _builder_version=\u00a0\u00bb3.27.4&Prime; custom_margin=\u00a0\u00bb|100px||100px\u00a0\u00bb custom_margin_tablet=\u00a0\u00bb|0px||0px\u00a0\u00bb custom_margin_phone=\u00a0\u00bb\u00a0\u00bb custom_margin_last_edited=\u00a0\u00bbon|tablet\u00a0\u00bb]Destin\u00e9 \u00e0 seconder le m\u00e9decin lib\u00e9ral dans ses actes quotidiens, le poste d\u2019assistant m\u00e9dical est n\u00e9 du plan sant\u00e9 mis en place par le gouvernement. L\u2019objectif est de r\u00e9pondre aux attentes des patients afin de raccourcir les d\u00e9lais de prise en charge, surtout dans les zones de d\u00e9sertification m\u00e9dicale. Si ce statut existe d\u00e9j\u00e0 pour les orthoptistes ou les cabinets dentaires, l\u2019assistant m\u00e9dical d\u00e9di\u00e9 aux m\u00e9decins g\u00e9n\u00e9ralistes ou sp\u00e9cialistes souffle comme un vent de grandes nouveaut\u00e9s sur la profession.[\/et_pb_text][et_pb_text _builder_version=\u00a0\u00bb3.27.4&Prime; text_font=\u00a0\u00bb||||||||\u00a0\u00bb header_font=\u00a0\u00bb||||||||\u00a0\u00bb header_2_font=\u00a0\u00bb|600|||||||\u00a0\u00bb header_2_font_size=\u00a0\u00bb20px\u00a0\u00bb custom_margin=\u00a0\u00bb50px|100px||100px\u00a0\u00bb custom_margin_tablet=\u00a0\u00bb|0px||0px\u00a0\u00bb custom_margin_phone=\u00a0\u00bb\u00a0\u00bb custom_margin_last_edited=\u00a0\u00bbon|tablet\u00a0\u00bb]<h2>Les gestes m\u00e9dicaux pratiqu\u00e9s par l\u2019assistant m\u00e9dical\n<\/h2>[\/et_pb_text][et_pb_text _builder_version=\u00a0\u00bb3.27.4&Prime; custom_margin=\u00a0\u00bb-15px|100px||100px\u00a0\u00bb custom_margin_tablet=\u00a0\u00bb|0px||0px\u00a0\u00bb custom_margin_phone=\u00a0\u00bb\u00a0\u00bb custom_margin_last_edited=\u00a0\u00bbon|tablet\u00a0\u00bb]Afin de seconder le praticien ayant pour obligation d\u2019exercer avec d\u2019autres m\u00e9decins dans un centre m\u00e9dical, l\u2019\u00c9tat pr\u00e9voit 4 000 postes d\u2019assistants m\u00e9dicaux. Les missions qui seront confi\u00e9es \u00e0 l\u2019assistant n\u00e9cessitent une courte formation d\u2019une ann\u00e9e apr\u00e8s le bac.\n\nPour autant, les aides-soignantes ou les secr\u00e9taires m\u00e9dicales d\u00e9j\u00e0 en poste pourront pr\u00e9tendre, apr\u00e8s formation, de travailler en bin\u00f4me avec le m\u00e9decin. L\u2019assistant m\u00e9dical aura en charge de pr\u00e9parer la consultation en assurant des actes simples : prendre la temp\u00e9rature et la tension, peser le patient et v\u00e9rifier son \u00e9tat vaccinal ou encore st\u00e9riliser le mat\u00e9riel m\u00e9dical.[\/et_pb_text][\/et_pb_column][\/et_pb_row][et_pb_row _builder_version=\u00a0\u00bb3.25.2&Prime;][et_pb_column type=\u00a0\u00bb4_4&Prime; _builder_version=\u00a0\u00bb3.25.2&Prime;][et_pb_text _builder_version=\u00a0\u00bb3.27.4&Prime; text_font=\u00a0\u00bb||||||||\u00a0\u00bb header_font=\u00a0\u00bb||||||||\u00a0\u00bb header_2_font=\u00a0\u00bb|600|||||||\u00a0\u00bb header_2_font_size=\u00a0\u00bb20px\u00a0\u00bb custom_margin=\u00a0\u00bb|100px||100px\u00a0\u00bb custom_margin_tablet=\u00a0\u00bb|0px||0px\u00a0\u00bb custom_margin_phone=\u00a0\u00bb\u00a0\u00bb custom_margin_last_edited=\u00a0\u00bbon|tablet\u00a0\u00bb]<h2>Les fonctions administratives du poste\n<\/h2>[\/et_pb_text][et_pb_text _builder_version=\u00a0\u00bb3.27.4&Prime; custom_margin=\u00a0\u00bb-15px|100px||100px\u00a0\u00bb custom_margin_tablet=\u00a0\u00bb|0px||0px\u00a0\u00bb custom_margin_phone=\u00a0\u00bb\u00a0\u00bb custom_margin_last_edited=\u00a0\u00bbon|tablet\u00a0\u00bb]L\u2019assistant m\u00e9dical assurera les fonctions d\u00e9volues \u00e0 la gestion administrative des dossiers et des actes m\u00e9dicaux. Il facturera les actes, mettra \u00e0 jour les dossiers et prendra les rendez-vous des patients. Ainsi d\u00e9charg\u00e9 de ces actes, le praticien r\u00e9servera toute sa valeur ajout\u00e9e \u00e0 sa relation avec le patient en besoin de soins.\n\nAvec ce dispositif destin\u00e9 \u00e0 d\u00e9sengorger les urgences des CHU, l\u2019\u00c9tat pr\u00e9voit d\u2019assumer en partie le salaire de l\u2019assistant m\u00e9dical. Des n\u00e9gociations sont en cours avec le minist\u00e8re de la Sant\u00e9 pour encadrer ce nouveau dispositif. Il est pr\u00e9vu, \u00e0 terme, de l\u2019\u00e9tendre \u00e0 tous les praticiens lib\u00e9raux de toutes sp\u00e9cialit\u00e9s : cardiologues, rhumatologues, gyn\u00e9cologues\u2026[\/et_pb_text][\/et_pb_column][\/et_pb_row][et_pb_row _builder_version=\u00a0\u00bb3.25.2&Prime;][et_pb_column type=\u00a0\u00bb4_4&Prime; _builder_version=\u00a0\u00bb3.25.2&Prime;][et_pb_text _builder_version=\u00a0\u00bb3.27.4&Prime; text_font=\u00a0\u00bb||||||||\u00a0\u00bb header_font=\u00a0\u00bb||||||||\u00a0\u00bb header_2_font=\u00a0\u00bb|600|||||||\u00a0\u00bb header_2_font_size=\u00a0\u00bb20px\u00a0\u00bb custom_margin=\u00a0\u00bb|100px||100px\u00a0\u00bb custom_margin_tablet=\u00a0\u00bb|0px||0px\u00a0\u00bb custom_margin_phone=\u00a0\u00bb\u00a0\u00bb custom_margin_last_edited=\u00a0\u00bbon|tablet\u00a0\u00bb]<h2>Les qualit\u00e9s de l\u2019assistant m\u00e9dical\n<\/h2>[\/et_pb_text][et_pb_text _builder_version=\u00a0\u00bb3.27.4&Prime; custom_margin=\u00a0\u00bb-15px|100px||100px\u00a0\u00bb custom_margin_tablet=\u00a0\u00bb|0px||0px\u00a0\u00bb custom_margin_phone=\u00a0\u00bb\u00a0\u00bb custom_margin_last_edited=\u00a0\u00bbon|tablet\u00a0\u00bb]Pour b\u00e9n\u00e9ficier d\u2019un assistant m\u00e9dical, le praticien aura pour obligation de prendre en charge de nouveaux patients et d\u2019assurer les urgences. Son assistant m\u00e9dical devra, de surcro\u00eet, \u00eatre dot\u00e9 d\u2019une excellente r\u00e9activit\u00e9 et d\u2019une bonne capacit\u00e9 d\u2019\u00e9coute, deux qualit\u00e9s qui sont de rigueur afin de r\u00e9ussir pleinement sa mission d\u2019accueil du patient.\n\n\u00c0 l\u2019avenir, notre syst\u00e8me de sant\u00e9 aura autant de besoins en assistants m\u00e9dicaux qu\u2019en m\u00e9decins. Notre cabinet de recrutement est \u00e0 vos c\u00f4t\u00e9s pour vous aider \u00e0 anticiper cette mutation. Notre m\u00e9tier est de vous proposer les profils et candidatures adapt\u00e9es \u00e0 vos pr\u00e9rogatives.[\/et_pb_text][\/et_pb_column][\/et_pb_row][et_pb_row _builder_version=\u00a0\u00bb4.0.3&Prime; background_color=\u00a0\u00bb#d6d6d6&Prime; hover_enabled=\u00a0\u00bb0&Prime;][et_pb_column _builder_version=\u00a0\u00bb4.0.3&Prime; type=\u00a0\u00bb4_4&Prime;][et_pb_text _builder_version=\u00a0\u00bb4.0.3&Prime; hover_enabled=\u00a0\u00bb0&Prime; text_font=\u00a0\u00bb|800|||||||\u00a0\u00bb text_font_size=\u00a0\u00bb16px\u00a0\u00bb]<p style=\"text-align: center;\">D\u00e9couvrez toutes nos offres d\u2019emploi destin\u00e9es aux m\u00e9decins et professionnels de la sant\u00e9.<\/p>[\/et_pb_text][et_pb_button _builder_version=\u00a0\u00bb4.0.3&Prime; button_text=\u00a0\u00bbNos offres d\u2019emploi\u00a0\u00bb button_url=\u00a0\u00bbhttps:\/\/brm-conseil.fr\/offres-demploi-sante\/\u00a0\u00bb hover_enabled=\u00a0\u00bb0&Prime; button_alignment=\u00a0\u00bbcenter\u00a0\u00bb][\/et_pb_button][\/et_pb_column][\/et_pb_row][\/et_pb_section]\n\n","protected":false},"excerpt":{"rendered":"<p>Destin\u00e9 \u00e0 seconder le m\u00e9decin lib\u00e9ral dans ses actes quotidiens, le poste d\u2019assistant m\u00e9dical est n\u00e9 du plan sant\u00e9 mis en place par le gouvernement. L\u2019objectif est de r\u00e9pondre aux attentes des patients afin de raccourcir les d\u00e9lais de prise en charge, surtout dans les zones de d\u00e9sertification m\u00e9dicale. Si ce statut existe d\u00e9j\u00e0 pour [&hellip;]<\/p>\n","protected":false},"author":2,"featured_media":386,"comment_status":"closed","ping_status":"open","sticky":false,"template":"","format":"standard","meta":{"_et_pb_use_builder":"on","_et_pb_old_content":"","_et_gb_content_width":""},"categories":[159],"tags":[],"yoast_head":"<!-- This site is optimized with the Yoast SEO plugin v19.4 - https:\/\/yoast.com\/wordpress\/plugins\/seo\/ -->\n<title>Cr\u00e9ation d\u2019un nouveau m\u00e9tier d\u2019assistant m\u00e9dical : quelle sera sa fonction ? - BRM Conseil<\/title>\n<meta name=\"robots\" content=\"index, follow, max-snippet:-1, max-image-preview:large, max-video-preview:-1\" \/>\n<link rel=\"canonical\" href=\"https:\/\/brm-conseil.fr\/es\/wp-json\/wp\/v2\/posts\/385\" \/>\n<meta property=\"og:locale\" content=\"es_ES\" \/>\n<meta property=\"og:type\" content=\"article\" \/>\n<meta property=\"og:title\" content=\"Cr\u00e9ation d\u2019un nouveau m\u00e9tier d\u2019assistant m\u00e9dical : quelle sera sa fonction ? - BRM Conseil\" \/>\n<meta property=\"og:description\" content=\"Destin\u00e9 \u00e0 seconder le m\u00e9decin lib\u00e9ral dans ses actes quotidiens, le poste d\u2019assistant m\u00e9dical est n\u00e9 du plan sant\u00e9 mis en place par le gouvernement. L\u2019objectif est de r\u00e9pondre aux attentes des patients afin de raccourcir les d\u00e9lais de prise en charge, surtout dans les zones de d\u00e9sertification m\u00e9dicale. Si ce statut existe d\u00e9j\u00e0 pour [&hellip;]\" \/>\n<meta property=\"og:url\" content=\"https:\/\/brm-conseil.fr\/es\/wp-json\/wp\/v2\/posts\/385\" \/>\n<meta property=\"og:site_name\" content=\"BRM Conseil\" \/>\n<meta property=\"article:published_time\" content=\"2018-12-05T15:46:35+00:00\" \/>\n<meta property=\"article:modified_time\" content=\"2020-02-11T16:30:05+00:00\" \/>\n<meta property=\"og:image\" content=\"https:\/\/brm-conseil.fr\/wp-content\/uploads\/2020\/01\/LinkedIn_Brm-Conseil.png\" \/>\n\t<meta property=\"og:image:width\" content=\"640\" \/>\n\t<meta property=\"og:image:height\" content=\"378\" \/>\n\t<meta property=\"og:image:type\" content=\"image\/jpeg\" \/>\n<meta name=\"author\" content=\"BRM conseil\" \/>\n<meta name=\"twitter:card\" content=\"summary_large_image\" \/>\n<meta name=\"twitter:label1\" content=\"Escrito por\" \/>\n\t<meta name=\"twitter:data1\" content=\"BRM conseil\" \/>\n\t<meta name=\"twitter:label2\" content=\"Tiempo de lectura\" \/>\n\t<meta name=\"twitter:data2\" content=\"5 minutos\" \/>\n<script type=\"application\/ld+json\" class=\"yoast-schema-graph\">{\"@context\":\"https:\/\/schema.org\",\"@graph\":[{\"@type\":\"Organization\",\"@id\":\"https:\/\/brm-conseil.fr\/fr\/#organization\",\"name\":\"BRM Conseil\",\"url\":\"https:\/\/brm-conseil.fr\/fr\/\",\"sameAs\":[],\"logo\":{\"@type\":\"ImageObject\",\"inLanguage\":\"es\",\"@id\":\"https:\/\/brm-conseil.fr\/fr\/#\/schema\/logo\/image\/\",\"url\":\"https:\/\/brm-conseil.fr\/wp-content\/uploads\/2019\/06\/logo-brmconseil.png\",\"contentUrl\":\"https:\/\/brm-conseil.fr\/wp-content\/uploads\/2019\/06\/logo-brmconseil.png\",\"width\":420,\"height\":66,\"caption\":\"BRM Conseil\"},\"image\":{\"@id\":\"https:\/\/brm-conseil.fr\/fr\/#\/schema\/logo\/image\/\"}},{\"@type\":\"WebSite\",\"@id\":\"https:\/\/brm-conseil.fr\/fr\/#website\",\"url\":\"https:\/\/brm-conseil.fr\/fr\/\",\"name\":\"BrmConseil\",\"description\":\"Sp\u00e9cialiste du recrutement m\u00e9dical\",\"publisher\":{\"@id\":\"https:\/\/brm-conseil.fr\/fr\/#organization\"},\"potentialAction\":[{\"@type\":\"SearchAction\",\"target\":{\"@type\":\"EntryPoint\",\"urlTemplate\":\"https:\/\/brm-conseil.fr\/fr\/?s={search_term_string}\"},\"query-input\":\"required name=search_term_string\"}],\"inLanguage\":\"es\"},{\"@type\":\"WebPage\",\"@id\":\"https:\/\/brm-conseil.fr\/it\/2018\/12\/05\/creation-dun-nouveau-metier-dassistant-medical-quelle-sera-sa-fonction\/\",\"url\":\"https:\/\/brm-conseil.fr\/it\/2018\/12\/05\/creation-dun-nouveau-metier-dassistant-medical-quelle-sera-sa-fonction\/\",\"name\":\"Cr\u00e9ation d\u2019un nouveau m\u00e9tier d\u2019assistant m\u00e9dical : quelle sera sa fonction ? - BRM Conseil\",\"isPartOf\":{\"@id\":\"https:\/\/brm-conseil.fr\/fr\/#website\"},\"datePublished\":\"2018-12-05T15:46:35+00:00\",\"dateModified\":\"2020-02-11T16:30:05+00:00\",\"breadcrumb\":{\"@id\":\"https:\/\/brm-conseil.fr\/it\/2018\/12\/05\/creation-dun-nouveau-metier-dassistant-medical-quelle-sera-sa-fonction\/#breadcrumb\"},\"inLanguage\":\"es\",\"potentialAction\":[{\"@type\":\"ReadAction\",\"target\":[\"https:\/\/brm-conseil.fr\/it\/2018\/12\/05\/creation-dun-nouveau-metier-dassistant-medical-quelle-sera-sa-fonction\/\"]}]},{\"@type\":\"BreadcrumbList\",\"@id\":\"https:\/\/brm-conseil.fr\/it\/2018\/12\/05\/creation-dun-nouveau-metier-dassistant-medical-quelle-sera-sa-fonction\/#breadcrumb\",\"itemListElement\":[{\"@type\":\"ListItem\",\"position\":1,\"name\":\"Accueil\",\"item\":\"https:\/\/brm-conseil.fr\/fr\/\"},{\"@type\":\"ListItem\",\"position\":2,\"name\":\"Cr\u00e9ation d\u2019un nouveau m\u00e9tier d\u2019assistant m\u00e9dical : quelle sera sa fonction ?\"}]},{\"@type\":\"Article\",\"@id\":\"https:\/\/brm-conseil.fr\/it\/2018\/12\/05\/creation-dun-nouveau-metier-dassistant-medical-quelle-sera-sa-fonction\/#article\",\"isPartOf\":{\"@id\":\"https:\/\/brm-conseil.fr\/it\/2018\/12\/05\/creation-dun-nouveau-metier-dassistant-medical-quelle-sera-sa-fonction\/\"},\"author\":{\"name\":\"BRM conseil\",\"@id\":\"https:\/\/brm-conseil.fr\/fr\/#\/schema\/person\/01aea1fe6c22125cf5da1399027fc9a1\"},\"headline\":\"Cr\u00e9ation d\u2019un nouveau m\u00e9tier d\u2019assistant m\u00e9dical : quelle sera sa fonction ?\",\"datePublished\":\"2018-12-05T15:46:35+00:00\",\"dateModified\":\"2020-02-11T16:30:05+00:00\",\"mainEntityOfPage\":{\"@id\":\"https:\/\/brm-conseil.fr\/it\/2018\/12\/05\/creation-dun-nouveau-metier-dassistant-medical-quelle-sera-sa-fonction\/\"},\"wordCount\":993,\"publisher\":{\"@id\":\"https:\/\/brm-conseil.fr\/fr\/#organization\"},\"articleSection\":[\"Annonces m\u00e9dicales\"],\"inLanguage\":\"es\"},{\"@type\":\"Person\",\"@id\":\"https:\/\/brm-conseil.fr\/fr\/#\/schema\/person\/01aea1fe6c22125cf5da1399027fc9a1\",\"name\":\"BRM conseil\",\"image\":{\"@type\":\"ImageObject\",\"inLanguage\":\"es\",\"@id\":\"https:\/\/brm-conseil.fr\/fr\/#\/schema\/person\/image\/\",\"url\":\"https:\/\/secure.gravatar.com\/avatar\/26ddf4f05e41632ec4ddf756c6b291a8?s=96&d=mm&r=g\",\"contentUrl\":\"https:\/\/secure.gravatar.com\/avatar\/26ddf4f05e41632ec4ddf756c6b291a8?s=96&d=mm&r=g\",\"caption\":\"BRM conseil\"},\"url\":\"https:\/\/brm-conseil.fr\/es\/author\/asachet\/\"}]}<\/script>\n<!-- \/ Yoast SEO plugin. -->","yoast_head_json":{"title":"Cr\u00e9ation d\u2019un nouveau m\u00e9tier d\u2019assistant m\u00e9dical : quelle sera sa fonction ? - BRM Conseil","robots":{"index":"index","follow":"follow","max-snippet":"max-snippet:-1","max-image-preview":"max-image-preview:large","max-video-preview":"max-video-preview:-1"},"canonical":"https:\/\/brm-conseil.fr\/es\/wp-json\/wp\/v2\/posts\/385","og_locale":"es_ES","og_type":"article","og_title":"Cr\u00e9ation d\u2019un nouveau m\u00e9tier d\u2019assistant m\u00e9dical : quelle sera sa fonction ? - BRM Conseil","og_description":"Destin\u00e9 \u00e0 seconder le m\u00e9decin lib\u00e9ral dans ses actes quotidiens, le poste d\u2019assistant m\u00e9dical est n\u00e9 du plan sant\u00e9 mis en place par le gouvernement. L\u2019objectif est de r\u00e9pondre aux attentes des patients afin de raccourcir les d\u00e9lais de prise en charge, surtout dans les zones de d\u00e9sertification m\u00e9dicale. Si ce statut existe d\u00e9j\u00e0 pour [&hellip;]","og_url":"https:\/\/brm-conseil.fr\/es\/wp-json\/wp\/v2\/posts\/385","og_site_name":"BRM Conseil","article_published_time":"2018-12-05T15:46:35+00:00","article_modified_time":"2020-02-11T16:30:05+00:00","og_image":[{"width":640,"height":378,"url":"https:\/\/brm-conseil.fr\/wp-content\/uploads\/2020\/01\/LinkedIn_Brm-Conseil.png","type":"image\/jpeg"}],"author":"BRM conseil","twitter_card":"summary_large_image","twitter_misc":{"Escrito por":"BRM conseil","Tiempo de lectura":"5 minutos"},"schema":{"@context":"https:\/\/schema.org","@graph":[{"@type":"Organization","@id":"https:\/\/brm-conseil.fr\/fr\/#organization","name":"BRM Conseil","url":"https:\/\/brm-conseil.fr\/fr\/","sameAs":[],"logo":{"@type":"ImageObject","inLanguage":"es","@id":"https:\/\/brm-conseil.fr\/fr\/#\/schema\/logo\/image\/","url":"https:\/\/brm-conseil.fr\/wp-content\/uploads\/2019\/06\/logo-brmconseil.png","contentUrl":"https:\/\/brm-conseil.fr\/wp-content\/uploads\/2019\/06\/logo-brmconseil.png","width":420,"height":66,"caption":"BRM Conseil"},"image":{"@id":"https:\/\/brm-conseil.fr\/fr\/#\/schema\/logo\/image\/"}},{"@type":"WebSite","@id":"https:\/\/brm-conseil.fr\/fr\/#website","url":"https:\/\/brm-conseil.fr\/fr\/","name":"BrmConseil","description":"Especialista en contrataci\u00f3n m\u00e9dica","publisher":{"@id":"https:\/\/brm-conseil.fr\/fr\/#organization"},"potentialAction":[{"@type":"SearchAction","target":{"@type":"EntryPoint","urlTemplate":"https:\/\/brm-conseil.fr\/fr\/?s={search_term_string}"},"query-input":"required name=search_term_string"}],"inLanguage":"es"},{"@type":"WebPage","@id":"https:\/\/brm-conseil.fr\/it\/2018\/12\/05\/creation-dun-nouveau-metier-dassistant-medical-quelle-sera-sa-fonction\/","url":"https:\/\/brm-conseil.fr\/it\/2018\/12\/05\/creation-dun-nouveau-metier-dassistant-medical-quelle-sera-sa-fonction\/","name":"Cr\u00e9ation d\u2019un nouveau m\u00e9tier d\u2019assistant m\u00e9dical : quelle sera sa fonction ? - BRM Conseil","isPartOf":{"@id":"https:\/\/brm-conseil.fr\/fr\/#website"},"datePublished":"2018-12-05T15:46:35+00:00","dateModified":"2020-02-11T16:30:05+00:00","breadcrumb":{"@id":"https:\/\/brm-conseil.fr\/it\/2018\/12\/05\/creation-dun-nouveau-metier-dassistant-medical-quelle-sera-sa-fonction\/#breadcrumb"},"inLanguage":"es","potentialAction":[{"@type":"ReadAction","target":["https:\/\/brm-conseil.fr\/it\/2018\/12\/05\/creation-dun-nouveau-metier-dassistant-medical-quelle-sera-sa-fonction\/"]}]},{"@type":"BreadcrumbList","@id":"https:\/\/brm-conseil.fr\/it\/2018\/12\/05\/creation-dun-nouveau-metier-dassistant-medical-quelle-sera-sa-fonction\/#breadcrumb","itemListElement":[{"@type":"ListItem","position":1,"name":"Accueil","item":"https:\/\/brm-conseil.fr\/fr\/"},{"@type":"ListItem","position":2,"name":"Cr\u00e9ation d\u2019un nouveau m\u00e9tier d\u2019assistant m\u00e9dical : quelle sera sa fonction ?"}]},{"@type":"Article","@id":"https:\/\/brm-conseil.fr\/it\/2018\/12\/05\/creation-dun-nouveau-metier-dassistant-medical-quelle-sera-sa-fonction\/#article","isPartOf":{"@id":"https:\/\/brm-conseil.fr\/it\/2018\/12\/05\/creation-dun-nouveau-metier-dassistant-medical-quelle-sera-sa-fonction\/"},"author":{"name":"BRM conseil","@id":"https:\/\/brm-conseil.fr\/fr\/#\/schema\/person\/01aea1fe6c22125cf5da1399027fc9a1"},"headline":"Cr\u00e9ation d\u2019un nouveau m\u00e9tier d\u2019assistant m\u00e9dical : quelle sera sa fonction ?","datePublished":"2018-12-05T15:46:35+00:00","dateModified":"2020-02-11T16:30:05+00:00","mainEntityOfPage":{"@id":"https:\/\/brm-conseil.fr\/it\/2018\/12\/05\/creation-dun-nouveau-metier-dassistant-medical-quelle-sera-sa-fonction\/"},"wordCount":993,"publisher":{"@id":"https:\/\/brm-conseil.fr\/fr\/#organization"},"articleSection":["Annonces m\u00e9dicales"],"inLanguage":"es"},{"@type":"Person","@id":"https:\/\/brm-conseil.fr\/fr\/#\/schema\/person\/01aea1fe6c22125cf5da1399027fc9a1","name":"BRM conseil","image":{"@type":"ImageObject","inLanguage":"es","@id":"https:\/\/brm-conseil.fr\/fr\/#\/schema\/person\/image\/","url":"https:\/\/secure.gravatar.com\/avatar\/26ddf4f05e41632ec4ddf756c6b291a8?s=96&d=mm&r=g","contentUrl":"https:\/\/secure.gravatar.com\/avatar\/26ddf4f05e41632ec4ddf756c6b291a8?s=96&d=mm&r=g","caption":"BRM conseil"},"url":"https:\/\/brm-conseil.fr\/es\/author\/asachet\/"}]}},"_links":{"self":[{"href":"https:\/\/brm-conseil.fr\/es\/wp-json\/wp\/v2\/posts\/385"}],"collection":[{"href":"https:\/\/brm-conseil.fr\/es\/wp-json\/wp\/v2\/posts"}],"about":[{"href":"https:\/\/brm-conseil.fr\/es\/wp-json\/wp\/v2\/types\/post"}],"author":[{"embeddable":true,"href":"https:\/\/brm-conseil.fr\/es\/wp-json\/wp\/v2\/users\/2"}],"replies":[{"embeddable":true,"href":"https:\/\/brm-conseil.fr\/es\/wp-json\/wp\/v2\/comments?post=385"}],"version-history":[{"count":5,"href":"https:\/\/brm-conseil.fr\/es\/wp-json\/wp\/v2\/posts\/385\/revisions"}],"predecessor-version":[{"id":1813,"href":"https:\/\/brm-conseil.fr\/es\/wp-json\/wp\/v2\/posts\/385\/revisions\/1813"}],"wp:featuredmedia":[{"embeddable":true,"href":"https:\/\/brm-conseil.fr\/es\/wp-json\/wp\/v2\/media\/386"}],"wp:attachment":[{"href":"https:\/\/brm-conseil.fr\/es\/wp-json\/wp\/v2\/media?parent=385"}],"wp:term":[{"taxonomy":"category","embeddable":true,"href":"https:\/\/brm-conseil.fr\/es\/wp-json\/wp\/v2\/categories?post=385"},{"taxonomy":"post_tag","embeddable":true,"href":"https:\/\/brm-conseil.fr\/es\/wp-json\/wp\/v2\/tags?post=385"}],"curies":[{"name":"wp","href":"https:\/\/api.w.org\/{rel}","templated":true}]}}