{"id":357,"date":"2019-01-12T16:31:49","date_gmt":"2019-01-12T15:31:49","guid":{"rendered":"http:\/\/brm-conseil.fr\/?p=357"},"modified":"2020-02-11T17:29:06","modified_gmt":"2020-02-11T16:29:06","slug":"quelle-place-pour-les-medecines-paralleles-dans-les-structures-de-sante","status":"publish","type":"post","link":"https:\/\/brm-conseil.fr\/es\/2019\/01\/12\/quelle-place-pour-les-medecines-paralleles-dans-les-structures-de-sante\/","title":{"rendered":"Quelle place pour les m\u00e9decines parall\u00e8les dans les structures de sant\u00e9 ?"},"content":{"rendered":"\n\n[et_pb_section fb_built=\u00a0\u00bb1&Prime; _builder_version=\u00a0\u00bb3.25.2&Prime; background_image=\u00a0\u00bbhttps:\/\/brm-conseil.fr\/wp-content\/uploads\/2019\/06\/massage-2722936_640.jpg\u00a0\u00bb custom_padding=\u00a0\u00bb150px||150px\u00a0\u00bb][\/et_pb_section][et_pb_section fb_built=\u00a0\u00bb1&Prime; _builder_version=\u00a0\u00bb3.25.2&Prime; background_color=\u00a0\u00bbrgba(0,0,0,0)\u00a0\u00bb custom_margin=\u00a0\u00bb-150px||\u00a0\u00bb custom_padding=\u00a0\u00bb|||||\u00a0\u00bb][et_pb_row column_structure=\u00a0\u00bb1_2,1_2&Prime; _builder_version=\u00a0\u00bb3.25.2&Prime;][et_pb_column type=\u00a0\u00bb1_2&Prime; _builder_version=\u00a0\u00bb3.25.2&Prime;][\/et_pb_column][et_pb_column type=\u00a0\u00bb1_2&Prime; _builder_version=\u00a0\u00bb3.25.2&Prime; background_color=\u00a0\u00bb#0c71c3&Prime; custom_padding=\u00a0\u00bb30px|20px|30px|20px\u00a0\u00bb][et_pb_post_title categories=\u00a0\u00bboff\u00a0\u00bb comments=\u00a0\u00bboff\u00a0\u00bb featured_image=\u00a0\u00bboff\u00a0\u00bb _builder_version=\u00a0\u00bb3.25.2&Prime; title_font=\u00a0\u00bb|600|||||||\u00a0\u00bb title_text_align=\u00a0\u00bbleft\u00a0\u00bb title_text_color=\u00a0\u00bb#ffffff\u00a0\u00bb title_font_size=\u00a0\u00bb30px\u00a0\u00bb meta_font=\u00a0\u00bb||||||||\u00a0\u00bb meta_text_color=\u00a0\u00bb#ffffff\u00a0\u00bb title_font_size_tablet=\u00a0\u00bb20px\u00a0\u00bb title_font_size_last_edited=\u00a0\u00bbon|phone\u00a0\u00bb][\/et_pb_post_title][\/et_pb_column][\/et_pb_row][\/et_pb_section][et_pb_section fb_built=\u00a0\u00bb1&Prime; _builder_version=\u00a0\u00bb3.25.2&Prime; custom_margin=\u00a0\u00bb-100px||\u00a0\u00bb][et_pb_row _builder_version=\u00a0\u00bb3.25.2&Prime;][et_pb_column type=\u00a0\u00bb4_4&Prime; _builder_version=\u00a0\u00bb3.25.2&Prime;][et_pb_text _builder_version=\u00a0\u00bb3.25.2&Prime; custom_margin=\u00a0\u00bb|100px||100px\u00a0\u00bb custom_margin_tablet=\u00a0\u00bb|0px||0px\u00a0\u00bb custom_margin_last_edited=\u00a0\u00bbon|tablet\u00a0\u00bb]Compte tenu du manque de m\u00e9decins dans de nombreuses villes, et afin de renforcer les offres de soins m\u00e9dicaux, l\u2019\u00e9tablissement de structures pluriprofessionnelles est une solution qui b\u00e9n\u00e9ficie \u00e0 de nombreux patients. Ces structures de sant\u00e9 permettent des soins de proximit\u00e9, dans un lieu qui regroupe des professionnels de sant\u00e9 pluridisciplinaires. Les m\u00e9decines douces ou m\u00e9decines parall\u00e8les ne sont pas consid\u00e9r\u00e9es comme des professions de sant\u00e9, mais plut\u00f4t comme des soins alternatifs. Bien que ces soins soient largement pl\u00e9biscit\u00e9s par les patients, des m\u00e9decins souhaitent qu\u2019ils ne puissent plus \u00eatre administr\u00e9s dans les structures de sant\u00e9.[\/et_pb_text][et_pb_text _builder_version=\u00a0\u00bb3.25.2&Prime; text_font=\u00a0\u00bb||||||||\u00a0\u00bb header_font=\u00a0\u00bb||||||||\u00a0\u00bb header_2_font=\u00a0\u00bb|600|||||||\u00a0\u00bb header_2_font_size=\u00a0\u00bb20px\u00a0\u00bb custom_margin=\u00a0\u00bb50px|100px||100px\u00a0\u00bb custom_margin_tablet=\u00a0\u00bb|0px||0px\u00a0\u00bb custom_margin_last_edited=\u00a0\u00bbon|tablet\u00a0\u00bb]<h2>La structure de sant\u00e9<\/h2>[\/et_pb_text][et_pb_text _builder_version=\u00a0\u00bb3.25.2&Prime; custom_margin=\u00a0\u00bb-15px|100px||100px\u00a0\u00bb custom_margin_tablet=\u00a0\u00bb|0px||0px\u00a0\u00bb custom_margin_last_edited=\u00a0\u00bbon|tablet\u00a0\u00bb]Au sein de la structure, les m\u00e9decins conventionn\u00e9s c\u00f4toient les professionnels de sant\u00e9, infirmiers, ambulanciers, kin\u00e9sith\u00e9rapeutes, podologues, psychomotriciens, orthoptistes, ergoth\u00e9rapeutes ou orthophonistes. Et parfois dans ces centres de soins les patients peuvent \u00e9galement avoir acc\u00e8s \u00e0 des m\u00e9decines alternatives. Les m\u00e9decins (allopathes) peuvent, parfois, h\u00e9siter \u00e0 partager un espace qui est d\u00e9di\u00e9 aux soins m\u00e9dicaux, avec des pratiquants dont les comp\u00e9tences ne sont pas scientifiquement prouv\u00e9es.\n\nLa crainte que les patients puissent voir dans ce rapprochement g\u00e9ographique, une valorisation des soins effectu\u00e9s par ces pratiquants, conduit certains m\u00e9decins conventionn\u00e9s \u00e0 refuser de s\u2019installer dans une structure partag\u00e9e. Certains sous-entendent que ces professions param\u00e9dicales, n\u2019\u00e9tant pas r\u00e9glement\u00e9es, ne sont pas soumises au respect de la d\u00e9ontologie, ou que la m\u00e9decine classique p\u00e2tit du partage du lieu de soins. Alors que d\u2019autres m\u00e9decins acceptent sans aucun a priori toutes ces m\u00e9decines non conventionnelles.[\/et_pb_text][\/et_pb_column][\/et_pb_row][et_pb_row _builder_version=\u00a0\u00bb3.25.2&Prime;][et_pb_column type=\u00a0\u00bb4_4&Prime; _builder_version=\u00a0\u00bb3.25.2&Prime;][et_pb_text _builder_version=\u00a0\u00bb3.25.2&Prime; text_font=\u00a0\u00bb||||||||\u00a0\u00bb header_font=\u00a0\u00bb||||||||\u00a0\u00bb header_2_font=\u00a0\u00bb|600|||||||\u00a0\u00bb header_2_font_size=\u00a0\u00bb20px\u00a0\u00bb custom_margin=\u00a0\u00bb|100px||100px\u00a0\u00bb custom_margin_tablet=\u00a0\u00bb|0px||0px\u00a0\u00bb custom_margin_last_edited=\u00a0\u00bbon|tablet\u00a0\u00bb]<h2>Les m\u00e9decines parall\u00e8les<\/h2>[\/et_pb_text][et_pb_text _builder_version=\u00a0\u00bb3.25.2&Prime; custom_margin=\u00a0\u00bb-15px|100px||100px\u00a0\u00bb custom_margin_tablet=\u00a0\u00bb|0px||0px\u00a0\u00bb custom_margin_last_edited=\u00a0\u00bbon|tablet\u00a0\u00bb]Les m\u00e9decines douces sont pl\u00e9biscit\u00e9es par les personnes qui souhaitent, que pour les soins, le corps soit pris en compte dans sa globalit\u00e9. Un grand nombre d\u2019entre elles a enti\u00e8rement confiance dans ces m\u00e9decines alternatives. Car, pour beaucoup de patients la m\u00e9decine classique ne s\u2019adresse qu\u2019au sympt\u00f4me flagrant, et non \u00e0 l\u2019ensemble du mal-\u00eatre. Et surtout le recours syst\u00e9matique aux m\u00e9dicaments qui, souvent, ne sont pas sans cons\u00e9quences, engendre une insatisfaction grandissante.\n\nQue le choix des m\u00e9decines parall\u00e8les se fasse pour att\u00e9nuer une souffrance physique, pr\u00e9venir des maladies ou rechercher un \u00e9quilibre, un bien-\u00eatre. Dans ces cas l\u2019acupuncture, l\u2019ost\u00e9opathie et l\u2019hom\u00e9opathie ont leurs inconditionnels. En ce qui concerne, les troubles anxieux, le stress, le recours \u00e0 des m\u00e9decines \u00e0 base de plantes ou de min\u00e9raux, naturopathie, aromath\u00e9rapie, phytoth\u00e9rapie ou encore \u00e0 la relaxation avec la sophrologie ou la r\u00e9flexologie sont particuli\u00e8rement pris\u00e9s. Malgr\u00e9 ce besoin ressenti par les patients et les bienfaits qu\u2019ils en retirent, une large partie du monde m\u00e9dical et scientifique, mettent ces soins \u00e0 l\u2019index. Elle demande \u00e0 ce que soit retir\u00e9s les qualifications m\u00e9dicales des acupuncteurs et des hom\u00e9opathes.[\/et_pb_text][\/et_pb_column][\/et_pb_row][\/et_pb_section]\n\n","protected":false},"excerpt":{"rendered":"<p>Compte tenu du manque de m\u00e9decins dans de nombreuses villes, et afin de renforcer les offres de soins m\u00e9dicaux, l\u2019\u00e9tablissement de structures pluriprofessionnelles est une solution qui b\u00e9n\u00e9ficie \u00e0 de nombreux patients. Ces structures de sant\u00e9 permettent des soins de proximit\u00e9, dans un lieu qui regroupe des professionnels de sant\u00e9 pluridisciplinaires. Les m\u00e9decines douces ou [&hellip;]<\/p>\n","protected":false},"author":2,"featured_media":359,"comment_status":"closed","ping_status":"open","sticky":false,"template":"","format":"standard","meta":{"_et_pb_use_builder":"on","_et_pb_old_content":"","_et_gb_content_width":""},"categories":[141],"tags":[],"yoast_head":"<!-- This site is optimized with the Yoast SEO plugin v19.4 - https:\/\/yoast.com\/wordpress\/plugins\/seo\/ -->\n<title>Quelle place pour les m\u00e9decines parall\u00e8les dans les structures de sant\u00e9 ? - BRM Conseil<\/title>\n<meta name=\"robots\" content=\"index, follow, max-snippet:-1, max-image-preview:large, max-video-preview:-1\" \/>\n<link rel=\"canonical\" href=\"https:\/\/brm-conseil.fr\/es\/wp-json\/wp\/v2\/posts\/357\" \/>\n<meta property=\"og:locale\" content=\"es_ES\" \/>\n<meta property=\"og:type\" content=\"article\" \/>\n<meta property=\"og:title\" content=\"Quelle place pour les m\u00e9decines parall\u00e8les dans les structures de sant\u00e9 ? - BRM Conseil\" \/>\n<meta property=\"og:description\" content=\"Compte tenu du manque de m\u00e9decins dans de nombreuses villes, et afin de renforcer les offres de soins m\u00e9dicaux, l\u2019\u00e9tablissement de structures pluriprofessionnelles est une solution qui b\u00e9n\u00e9ficie \u00e0 de nombreux patients. Ces structures de sant\u00e9 permettent des soins de proximit\u00e9, dans un lieu qui regroupe des professionnels de sant\u00e9 pluridisciplinaires. Les m\u00e9decines douces ou [&hellip;]\" \/>\n<meta property=\"og:url\" content=\"https:\/\/brm-conseil.fr\/es\/wp-json\/wp\/v2\/posts\/357\" \/>\n<meta property=\"og:site_name\" content=\"BRM Conseil\" \/>\n<meta property=\"article:published_time\" content=\"2019-01-12T15:31:49+00:00\" \/>\n<meta property=\"article:modified_time\" content=\"2020-02-11T16:29:06+00:00\" \/>\n<meta property=\"og:image\" content=\"https:\/\/brm-conseil.fr\/wp-content\/uploads\/2020\/01\/LinkedIn_Brm-Conseil.png\" \/>\n\t<meta property=\"og:image:width\" content=\"640\" \/>\n\t<meta property=\"og:image:height\" content=\"426\" \/>\n\t<meta property=\"og:image:type\" content=\"image\/jpeg\" \/>\n<meta name=\"author\" content=\"BRM conseil\" \/>\n<meta name=\"twitter:card\" content=\"summary_large_image\" \/>\n<meta name=\"twitter:label1\" content=\"Escrito por\" \/>\n\t<meta name=\"twitter:data1\" content=\"BRM conseil\" \/>\n\t<meta name=\"twitter:label2\" content=\"Tiempo de lectura\" \/>\n\t<meta name=\"twitter:data2\" content=\"4 minutos\" \/>\n<script type=\"application\/ld+json\" class=\"yoast-schema-graph\">{\"@context\":\"https:\/\/schema.org\",\"@graph\":[{\"@type\":\"Organization\",\"@id\":\"https:\/\/brm-conseil.fr\/fr\/#organization\",\"name\":\"BRM Conseil\",\"url\":\"https:\/\/brm-conseil.fr\/fr\/\",\"sameAs\":[],\"logo\":{\"@type\":\"ImageObject\",\"inLanguage\":\"es\",\"@id\":\"https:\/\/brm-conseil.fr\/fr\/#\/schema\/logo\/image\/\",\"url\":\"https:\/\/brm-conseil.fr\/wp-content\/uploads\/2019\/06\/logo-brmconseil.png\",\"contentUrl\":\"https:\/\/brm-conseil.fr\/wp-content\/uploads\/2019\/06\/logo-brmconseil.png\",\"width\":420,\"height\":66,\"caption\":\"BRM Conseil\"},\"image\":{\"@id\":\"https:\/\/brm-conseil.fr\/fr\/#\/schema\/logo\/image\/\"}},{\"@type\":\"WebSite\",\"@id\":\"https:\/\/brm-conseil.fr\/fr\/#website\",\"url\":\"https:\/\/brm-conseil.fr\/fr\/\",\"name\":\"BrmConseil\",\"description\":\"Sp\u00e9cialiste du recrutement m\u00e9dical\",\"publisher\":{\"@id\":\"https:\/\/brm-conseil.fr\/fr\/#organization\"},\"potentialAction\":[{\"@type\":\"SearchAction\",\"target\":{\"@type\":\"EntryPoint\",\"urlTemplate\":\"https:\/\/brm-conseil.fr\/fr\/?s={search_term_string}\"},\"query-input\":\"required name=search_term_string\"}],\"inLanguage\":\"es\"},{\"@type\":\"WebPage\",\"@id\":\"https:\/\/brm-conseil.fr\/es\/2019\/01\/12\/quelle-place-pour-les-medecines-paralleles-dans-les-structures-de-sante\/\",\"url\":\"https:\/\/brm-conseil.fr\/es\/2019\/01\/12\/quelle-place-pour-les-medecines-paralleles-dans-les-structures-de-sante\/\",\"name\":\"Quelle place pour les m\u00e9decines parall\u00e8les dans les structures de sant\u00e9 ? - BRM Conseil\",\"isPartOf\":{\"@id\":\"https:\/\/brm-conseil.fr\/fr\/#website\"},\"datePublished\":\"2019-01-12T15:31:49+00:00\",\"dateModified\":\"2020-02-11T16:29:06+00:00\",\"breadcrumb\":{\"@id\":\"https:\/\/brm-conseil.fr\/es\/2019\/01\/12\/quelle-place-pour-les-medecines-paralleles-dans-les-structures-de-sante\/#breadcrumb\"},\"inLanguage\":\"es\",\"potentialAction\":[{\"@type\":\"ReadAction\",\"target\":[\"https:\/\/brm-conseil.fr\/es\/2019\/01\/12\/quelle-place-pour-les-medecines-paralleles-dans-les-structures-de-sante\/\"]}]},{\"@type\":\"BreadcrumbList\",\"@id\":\"https:\/\/brm-conseil.fr\/es\/2019\/01\/12\/quelle-place-pour-les-medecines-paralleles-dans-les-structures-de-sante\/#breadcrumb\",\"itemListElement\":[{\"@type\":\"ListItem\",\"position\":1,\"name\":\"Accueil\",\"item\":\"https:\/\/brm-conseil.fr\/fr\/\"},{\"@type\":\"ListItem\",\"position\":2,\"name\":\"Quelle place pour les m\u00e9decines parall\u00e8les dans les structures de sant\u00e9 ?\"}]},{\"@type\":\"Article\",\"@id\":\"https:\/\/brm-conseil.fr\/es\/2019\/01\/12\/quelle-place-pour-les-medecines-paralleles-dans-les-structures-de-sante\/#article\",\"isPartOf\":{\"@id\":\"https:\/\/brm-conseil.fr\/es\/2019\/01\/12\/quelle-place-pour-les-medecines-paralleles-dans-les-structures-de-sante\/\"},\"author\":{\"name\":\"BRM conseil\",\"@id\":\"https:\/\/brm-conseil.fr\/fr\/#\/schema\/person\/01aea1fe6c22125cf5da1399027fc9a1\"},\"headline\":\"Quelle place pour les m\u00e9decines parall\u00e8les dans les structures de sant\u00e9 ?\",\"datePublished\":\"2019-01-12T15:31:49+00:00\",\"dateModified\":\"2020-02-11T16:29:06+00:00\",\"mainEntityOfPage\":{\"@id\":\"https:\/\/brm-conseil.fr\/es\/2019\/01\/12\/quelle-place-pour-les-medecines-paralleles-dans-les-structures-de-sante\/\"},\"wordCount\":833,\"publisher\":{\"@id\":\"https:\/\/brm-conseil.fr\/fr\/#organization\"},\"articleSection\":[\"M\u00e9decin g\u00e9n\u00e9raliste\"],\"inLanguage\":\"es\"},{\"@type\":\"Person\",\"@id\":\"https:\/\/brm-conseil.fr\/fr\/#\/schema\/person\/01aea1fe6c22125cf5da1399027fc9a1\",\"name\":\"BRM conseil\",\"image\":{\"@type\":\"ImageObject\",\"inLanguage\":\"es\",\"@id\":\"https:\/\/brm-conseil.fr\/fr\/#\/schema\/person\/image\/\",\"url\":\"https:\/\/secure.gravatar.com\/avatar\/26ddf4f05e41632ec4ddf756c6b291a8?s=96&d=mm&r=g\",\"contentUrl\":\"https:\/\/secure.gravatar.com\/avatar\/26ddf4f05e41632ec4ddf756c6b291a8?s=96&d=mm&r=g\",\"caption\":\"BRM conseil\"},\"url\":\"https:\/\/brm-conseil.fr\/es\/author\/asachet\/\"}]}<\/script>\n<!-- \/ Yoast SEO plugin. -->","yoast_head_json":{"title":"Quelle place pour les m\u00e9decines parall\u00e8les dans les structures de sant\u00e9 ? - BRM Conseil","robots":{"index":"index","follow":"follow","max-snippet":"max-snippet:-1","max-image-preview":"max-image-preview:large","max-video-preview":"max-video-preview:-1"},"canonical":"https:\/\/brm-conseil.fr\/es\/wp-json\/wp\/v2\/posts\/357","og_locale":"es_ES","og_type":"article","og_title":"Quelle place pour les m\u00e9decines parall\u00e8les dans les structures de sant\u00e9 ? - BRM Conseil","og_description":"Compte tenu du manque de m\u00e9decins dans de nombreuses villes, et afin de renforcer les offres de soins m\u00e9dicaux, l\u2019\u00e9tablissement de structures pluriprofessionnelles est une solution qui b\u00e9n\u00e9ficie \u00e0 de nombreux patients. Ces structures de sant\u00e9 permettent des soins de proximit\u00e9, dans un lieu qui regroupe des professionnels de sant\u00e9 pluridisciplinaires. Les m\u00e9decines douces ou [&hellip;]","og_url":"https:\/\/brm-conseil.fr\/es\/wp-json\/wp\/v2\/posts\/357","og_site_name":"BRM Conseil","article_published_time":"2019-01-12T15:31:49+00:00","article_modified_time":"2020-02-11T16:29:06+00:00","og_image":[{"width":640,"height":426,"url":"https:\/\/brm-conseil.fr\/wp-content\/uploads\/2020\/01\/LinkedIn_Brm-Conseil.png","type":"image\/jpeg"}],"author":"BRM conseil","twitter_card":"summary_large_image","twitter_misc":{"Escrito por":"BRM conseil","Tiempo de lectura":"4 minutos"},"schema":{"@context":"https:\/\/schema.org","@graph":[{"@type":"Organization","@id":"https:\/\/brm-conseil.fr\/fr\/#organization","name":"BRM Conseil","url":"https:\/\/brm-conseil.fr\/fr\/","sameAs":[],"logo":{"@type":"ImageObject","inLanguage":"es","@id":"https:\/\/brm-conseil.fr\/fr\/#\/schema\/logo\/image\/","url":"https:\/\/brm-conseil.fr\/wp-content\/uploads\/2019\/06\/logo-brmconseil.png","contentUrl":"https:\/\/brm-conseil.fr\/wp-content\/uploads\/2019\/06\/logo-brmconseil.png","width":420,"height":66,"caption":"BRM Conseil"},"image":{"@id":"https:\/\/brm-conseil.fr\/fr\/#\/schema\/logo\/image\/"}},{"@type":"WebSite","@id":"https:\/\/brm-conseil.fr\/fr\/#website","url":"https:\/\/brm-conseil.fr\/fr\/","name":"BrmConseil","description":"Especialista en contrataci\u00f3n m\u00e9dica","publisher":{"@id":"https:\/\/brm-conseil.fr\/fr\/#organization"},"potentialAction":[{"@type":"SearchAction","target":{"@type":"EntryPoint","urlTemplate":"https:\/\/brm-conseil.fr\/fr\/?s={search_term_string}"},"query-input":"required name=search_term_string"}],"inLanguage":"es"},{"@type":"WebPage","@id":"https:\/\/brm-conseil.fr\/es\/2019\/01\/12\/quelle-place-pour-les-medecines-paralleles-dans-les-structures-de-sante\/","url":"https:\/\/brm-conseil.fr\/es\/2019\/01\/12\/quelle-place-pour-les-medecines-paralleles-dans-les-structures-de-sante\/","name":"Quelle place pour les m\u00e9decines parall\u00e8les dans les structures de sant\u00e9 ? - BRM Conseil","isPartOf":{"@id":"https:\/\/brm-conseil.fr\/fr\/#website"},"datePublished":"2019-01-12T15:31:49+00:00","dateModified":"2020-02-11T16:29:06+00:00","breadcrumb":{"@id":"https:\/\/brm-conseil.fr\/es\/2019\/01\/12\/quelle-place-pour-les-medecines-paralleles-dans-les-structures-de-sante\/#breadcrumb"},"inLanguage":"es","potentialAction":[{"@type":"ReadAction","target":["https:\/\/brm-conseil.fr\/es\/2019\/01\/12\/quelle-place-pour-les-medecines-paralleles-dans-les-structures-de-sante\/"]}]},{"@type":"BreadcrumbList","@id":"https:\/\/brm-conseil.fr\/es\/2019\/01\/12\/quelle-place-pour-les-medecines-paralleles-dans-les-structures-de-sante\/#breadcrumb","itemListElement":[{"@type":"ListItem","position":1,"name":"Accueil","item":"https:\/\/brm-conseil.fr\/fr\/"},{"@type":"ListItem","position":2,"name":"Quelle place pour les m\u00e9decines parall\u00e8les dans les structures de sant\u00e9 ?"}]},{"@type":"Article","@id":"https:\/\/brm-conseil.fr\/es\/2019\/01\/12\/quelle-place-pour-les-medecines-paralleles-dans-les-structures-de-sante\/#article","isPartOf":{"@id":"https:\/\/brm-conseil.fr\/es\/2019\/01\/12\/quelle-place-pour-les-medecines-paralleles-dans-les-structures-de-sante\/"},"author":{"name":"BRM conseil","@id":"https:\/\/brm-conseil.fr\/fr\/#\/schema\/person\/01aea1fe6c22125cf5da1399027fc9a1"},"headline":"Quelle place pour les m\u00e9decines parall\u00e8les dans les structures de sant\u00e9 ?","datePublished":"2019-01-12T15:31:49+00:00","dateModified":"2020-02-11T16:29:06+00:00","mainEntityOfPage":{"@id":"https:\/\/brm-conseil.fr\/es\/2019\/01\/12\/quelle-place-pour-les-medecines-paralleles-dans-les-structures-de-sante\/"},"wordCount":833,"publisher":{"@id":"https:\/\/brm-conseil.fr\/fr\/#organization"},"articleSection":["M\u00e9decin g\u00e9n\u00e9raliste"],"inLanguage":"es"},{"@type":"Person","@id":"https:\/\/brm-conseil.fr\/fr\/#\/schema\/person\/01aea1fe6c22125cf5da1399027fc9a1","name":"BRM conseil","image":{"@type":"ImageObject","inLanguage":"es","@id":"https:\/\/brm-conseil.fr\/fr\/#\/schema\/person\/image\/","url":"https:\/\/secure.gravatar.com\/avatar\/26ddf4f05e41632ec4ddf756c6b291a8?s=96&d=mm&r=g","contentUrl":"https:\/\/secure.gravatar.com\/avatar\/26ddf4f05e41632ec4ddf756c6b291a8?s=96&d=mm&r=g","caption":"BRM conseil"},"url":"https:\/\/brm-conseil.fr\/es\/author\/asachet\/"}]}},"_links":{"self":[{"href":"https:\/\/brm-conseil.fr\/es\/wp-json\/wp\/v2\/posts\/357"}],"collection":[{"href":"https:\/\/brm-conseil.fr\/es\/wp-json\/wp\/v2\/posts"}],"about":[{"href":"https:\/\/brm-conseil.fr\/es\/wp-json\/wp\/v2\/types\/post"}],"author":[{"embeddable":true,"href":"https:\/\/brm-conseil.fr\/es\/wp-json\/wp\/v2\/users\/2"}],"replies":[{"embeddable":true,"href":"https:\/\/brm-conseil.fr\/es\/wp-json\/wp\/v2\/comments?post=357"}],"version-history":[{"count":4,"href":"https:\/\/brm-conseil.fr\/es\/wp-json\/wp\/v2\/posts\/357\/revisions"}],"predecessor-version":[{"id":1828,"href":"https:\/\/brm-conseil.fr\/es\/wp-json\/wp\/v2\/posts\/357\/revisions\/1828"}],"wp:featuredmedia":[{"embeddable":true,"href":"https:\/\/brm-conseil.fr\/es\/wp-json\/wp\/v2\/media\/359"}],"wp:attachment":[{"href":"https:\/\/brm-conseil.fr\/es\/wp-json\/wp\/v2\/media?parent=357"}],"wp:term":[{"taxonomy":"category","embeddable":true,"href":"https:\/\/brm-conseil.fr\/es\/wp-json\/wp\/v2\/categories?post=357"},{"taxonomy":"post_tag","embeddable":true,"href":"https:\/\/brm-conseil.fr\/es\/wp-json\/wp\/v2\/tags?post=357"}],"curies":[{"name":"wp","href":"https:\/\/api.w.org\/{rel}","templated":true}]}}