{"id":335,"date":"2019-02-13T16:16:25","date_gmt":"2019-02-13T15:16:25","guid":{"rendered":"http:\/\/brm-conseil.fr\/?p=335"},"modified":"2020-02-11T17:28:53","modified_gmt":"2020-02-11T16:28:53","slug":"les-formations-sante-cest-dabord-bien-sinformer-afin-de-choisir-la-formation-ideale","status":"publish","type":"post","link":"https:\/\/brm-conseil.fr\/es\/2019\/02\/13\/les-formations-sante-cest-dabord-bien-sinformer-afin-de-choisir-la-formation-ideale\/","title":{"rendered":"Cuando se trata de formaci\u00f3n sanitaria, se trata de obtener la informaci\u00f3n adecuada para elegir el curso ideal."},"content":{"rendered":"\n\n[et_pb_section fb_built=\u00a0\u00bb1&Prime; _builder_version=\u00a0\u00bb3.25.2&Prime; background_image=\u00a0\u00bbhttps:\/\/brm-conseil.fr\/wp-content\/uploads\/2019\/06\/x-ray-of-the-jaw-2416945_640.jpg\u00a0\u00bb custom_padding=\u00a0\u00bb150px||150px\u00a0\u00bb][\/et_pb_section][et_pb_section fb_built=\u00a0\u00bb1&Prime; _builder_version=\u00a0\u00bb3.25.2&Prime; background_color=\u00a0\u00bbrgba(0,0,0,0)\u00a0\u00bb custom_margin=\u00a0\u00bb-150px||\u00a0\u00bb custom_padding=\u00a0\u00bb|||||\u00a0\u00bb][et_pb_row column_structure=\u00a0\u00bb1_2,1_2&Prime; _builder_version=\u00a0\u00bb3.25.2&Prime;][et_pb_column type=\u00a0\u00bb1_2&Prime; _builder_version=\u00a0\u00bb3.25.2&Prime;][\/et_pb_column][et_pb_column type=\u00a0\u00bb1_2&Prime; _builder_version=\u00a0\u00bb3.25.2&Prime; background_color=\u00a0\u00bb#0c71c3&Prime; custom_padding=\u00a0\u00bb30px|20px|30px|20px\u00a0\u00bb][et_pb_post_title categories=\u00a0\u00bboff\u00a0\u00bb comments=\u00a0\u00bboff\u00a0\u00bb featured_image=\u00a0\u00bboff\u00a0\u00bb _builder_version=\u00a0\u00bb3.25.2&Prime; title_font=\u00a0\u00bb|600|||||||\u00a0\u00bb title_text_align=\u00a0\u00bbleft\u00a0\u00bb title_text_color=\u00a0\u00bb#ffffff\u00a0\u00bb title_font_size=\u00a0\u00bb30px\u00a0\u00bb meta_font=\u00a0\u00bb||||||||\u00a0\u00bb meta_text_color=\u00a0\u00bb#ffffff\u00a0\u00bb title_font_size_tablet=\u00a0\u00bb20px\u00a0\u00bb title_font_size_last_edited=\u00a0\u00bbon|phone\u00a0\u00bb][\/et_pb_post_title][\/et_pb_column][\/et_pb_row][\/et_pb_section][et_pb_section fb_built=\u00a0\u00bb1&Prime; _builder_version=\u00a0\u00bb3.25.2&Prime; custom_margin=\u00a0\u00bb-100px||\u00a0\u00bb][et_pb_row _builder_version=\u00a0\u00bb3.25.2&Prime;][et_pb_column type=\u00a0\u00bb4_4&Prime; _builder_version=\u00a0\u00bb3.25.2&Prime;][et_pb_text _builder_version=\u00a0\u00bb3.25.2&Prime; custom_margin=\u00a0\u00bb|100px||100px\u00a0\u00bb custom_margin_tablet=\u00a0\u00bb|0px||0px\u00a0\u00bb custom_margin_last_edited=\u00a0\u00bbon|tablet\u00a0\u00bb]Vous \u00eates attir\u00e9 par les professions de la sant\u00e9 ? Vous devez tout d\u2019abord d\u00e9finir votre objectif : il existe des formations sp\u00e9cifiques pour chacune des branches du syst\u00e8me de sant\u00e9. Vous pouvez travailler dans les \u00e9tablissements m\u00e9dico-sociaux, vous installer en tant que profession lib\u00e9rale ou encore \u00eatre salari\u00e9 dans un centre hospitalier ou un EPADH. Voici un aper\u00e7u des formations :[\/et_pb_text][et_pb_text _builder_version=\u00a0\u00bb3.25.2&Prime; text_font=\u00a0\u00bb||||||||\u00a0\u00bb header_font=\u00a0\u00bb||||||||\u00a0\u00bb header_2_font=\u00a0\u00bb|600|||||||\u00a0\u00bb header_2_font_size=\u00a0\u00bb20px\u00a0\u00bb custom_margin=\u00a0\u00bb50px|100px||100px\u00a0\u00bb custom_margin_tablet=\u00a0\u00bb|0px||0px\u00a0\u00bb custom_margin_last_edited=\u00a0\u00bbon|tablet\u00a0\u00bb]<h2>PACES (Premi\u00e8re Ann\u00e9e Commune aux Etudes de Sant\u00e9) : le tronc commun des formations sant\u00e9<\/h2>[\/et_pb_text][et_pb_text _builder_version=\u00a0\u00bb3.25.2&Prime; custom_margin=\u00a0\u00bb-15px|100px||100px\u00a0\u00bb custom_margin_tablet=\u00a0\u00bb|0px||0px\u00a0\u00bb custom_margin_last_edited=\u00a0\u00bbon|tablet\u00a0\u00bb]Le PACES est la pierre angulaire de toutes les initiations aux m\u00e9tiers de la sant\u00e9.\n\nCeux-ci se divisent en deux cat\u00e9gories :\n\n\u00b7 Professions m\u00e9dicales : m\u00e9decin, pharmacien, dentiste, sage-femme\n\n\u00b7 Professions param\u00e9dicales : infirmier, kin\u00e9sith\u00e9rapeute, etc.\n\nLe PACES est un concours d\u2019entr\u00e9e qui vous permettra d\u2019int\u00e9grer la formation choisie. Les pr\u00e9parations au PACES vous habituent \u00e0 acqu\u00e9rir une culture scientifique g\u00e9n\u00e9rale pour passer les \u00e9preuves avec aisance. Les r\u00e9sultats au concours d\u00e9terminent vos options futures. Les professions param\u00e9dicales peuvent aussi vous \u00eatre accord\u00e9es sur dossier.\n\nCinq types de formations selon votre niveau d\u2019\u00e9tudes et vos d\u00e9sirs :\n\n\u00b7 Dipl\u00f4me d\u2019\u00c9tat niveau CAP ou \u00e9quivalent : vous entra\u00eene \u00e0 passer les concours pour devenir auxiliaire de pu\u00e9riculture, aide-soignant, aide m\u00e9dico-psychologique.\n\n\u00b7 Dipl\u00f4me d\u2019\u00c9tat niveau baccalaur\u00e9at : vous instruit pour faire de vous un(e) secr\u00e9taire m\u00e9dicale ou secr\u00e9taire ou m\u00e9dico-sociale.\n\n\u00b7 Dipl\u00f4me d\u2019\u00c9tat infirmier niveau baccalaur\u00e9at : dispense des cours destin\u00e9s \u00e0 la pr\u00e9paration aux concours d\u2019infirmier(\u00e8re).\n\n\u00b7 CFA (Centre de Formation d\u2019Apprentis), en alternance, depuis le niveau CAP jusqu\u2019aux \u00e9tudes universitaires.\n\n\u00b7 Pr\u00e9paration aux \u00e9coles de m\u00e9decine, pharmacie et dentaire.\n\nLes \u00e9tudes m\u00e9dicales, de pharmacie ou de dentaire, sont un parcours long d\u2019\u00e9tudes sup\u00e9rieures (Bac + 6 ou 7).\n\nLes cycles courts sont d\u00e9di\u00e9s aux autres formations allant de un \u00e0 trois ans.[\/et_pb_text][\/et_pb_column][\/et_pb_row][et_pb_row _builder_version=\u00a0\u00bb3.25.2&Prime;][et_pb_column type=\u00a0\u00bb4_4&Prime; _builder_version=\u00a0\u00bb3.25.2&Prime;][et_pb_text _builder_version=\u00a0\u00bb3.25.2&Prime; text_font=\u00a0\u00bb||||||||\u00a0\u00bb header_font=\u00a0\u00bb||||||||\u00a0\u00bb header_2_font=\u00a0\u00bb|600|||||||\u00a0\u00bb header_2_font_size=\u00a0\u00bb20px\u00a0\u00bb custom_margin=\u00a0\u00bb|100px||100px\u00a0\u00bb custom_margin_tablet=\u00a0\u00bb|0px||0px\u00a0\u00bb custom_margin_last_edited=\u00a0\u00bbon|tablet\u00a0\u00bb]<h2>Formations \u00e0 distance<\/h2>[\/et_pb_text][et_pb_text _builder_version=\u00a0\u00bb3.25.2&Prime; custom_margin=\u00a0\u00bb-15px|100px||100px\u00a0\u00bb custom_margin_tablet=\u00a0\u00bb|0px||0px\u00a0\u00bb custom_margin_last_edited=\u00a0\u00bbon|tablet\u00a0\u00bb]Plusieurs centres de formation \u00e0 distance assurent votre apprentissage aux m\u00e9tiers de la sant\u00e9, avec ou sans concours. Ces \u00e9tudes en ligne ne vous permettent pas d\u2019acc\u00e9der aux formations m\u00e9dicales \u00e0 proprement parler.\n\nCes centres de formation vous accompagnent avec des \u00e9quipes p\u00e9dagogiques, vers les m\u00e9tiers du param\u00e9dical ou pour concours d\u2019entr\u00e9e dans les \u00e9coles sp\u00e9cialis\u00e9es.\n\nCes formations sont pr\u00e9vues dans le respect des r\u00e8gles des professionnels de la sant\u00e9. Ce secteur est, en effet, strictement encadr\u00e9. Vous ne pouvez pas exercer sans avoir pr\u00e9alablement acquis les dipl\u00f4mes requis.\n\nEnfin, il existe les centres de formation du r\u00e9seau GRETA qui vous forment et vous accueillent sans niveau sp\u00e9cifique. Les formations de niveau CAP jusqu\u2019\u00e0 BAC + 3 ou 4 sont \u00e9galement disponibles[\/et_pb_text][\/et_pb_column][\/et_pb_row][\/et_pb_section]\n\n","protected":false},"excerpt":{"rendered":"<p>Vous \u00eates attir\u00e9 par les professions de la sant\u00e9 ? Vous devez tout d\u2019abord d\u00e9finir votre objectif : il existe des formations sp\u00e9cifiques pour chacune des branches du syst\u00e8me de sant\u00e9. Vous pouvez travailler dans les \u00e9tablissements m\u00e9dico-sociaux, vous installer en tant que profession lib\u00e9rale ou encore \u00eatre salari\u00e9 dans un centre hospitalier ou un [&hellip;]<\/p>\n","protected":false},"author":2,"featured_media":336,"comment_status":"closed","ping_status":"open","sticky":false,"template":"","format":"standard","meta":{"_et_pb_use_builder":"on","_et_pb_old_content":"","_et_gb_content_width":""},"categories":[159],"tags":[],"yoast_head":"<!-- This site is optimized with the Yoast SEO plugin v19.4 - https:\/\/yoast.com\/wordpress\/plugins\/seo\/ -->\n<title>Les formations sant\u00e9, c\u2019est d\u2019abord bien s\u2019informer afin de choisir la formation id\u00e9ale - BRM Conseil<\/title>\n<meta name=\"robots\" content=\"index, follow, max-snippet:-1, max-image-preview:large, max-video-preview:-1\" \/>\n<link rel=\"canonical\" href=\"https:\/\/brm-conseil.fr\/es\/wp-json\/wp\/v2\/posts\/335\" \/>\n<meta property=\"og:locale\" content=\"es_ES\" \/>\n<meta property=\"og:type\" content=\"article\" \/>\n<meta property=\"og:title\" content=\"Les formations sant\u00e9, c\u2019est d\u2019abord bien s\u2019informer afin de choisir la formation id\u00e9ale - BRM Conseil\" \/>\n<meta property=\"og:description\" content=\"Vous \u00eates attir\u00e9 par les professions de la sant\u00e9 ? Vous devez tout d\u2019abord d\u00e9finir votre objectif : il existe des formations sp\u00e9cifiques pour chacune des branches du syst\u00e8me de sant\u00e9. Vous pouvez travailler dans les \u00e9tablissements m\u00e9dico-sociaux, vous installer en tant que profession lib\u00e9rale ou encore \u00eatre salari\u00e9 dans un centre hospitalier ou un [&hellip;]\" \/>\n<meta property=\"og:url\" content=\"https:\/\/brm-conseil.fr\/es\/wp-json\/wp\/v2\/posts\/335\" \/>\n<meta property=\"og:site_name\" content=\"BRM Conseil\" \/>\n<meta property=\"article:published_time\" content=\"2019-02-13T15:16:25+00:00\" \/>\n<meta property=\"article:modified_time\" content=\"2020-02-11T16:28:53+00:00\" \/>\n<meta property=\"og:image\" content=\"https:\/\/brm-conseil.fr\/wp-content\/uploads\/2020\/01\/LinkedIn_Brm-Conseil.png\" \/>\n\t<meta property=\"og:image:width\" content=\"640\" \/>\n\t<meta property=\"og:image:height\" content=\"426\" \/>\n\t<meta property=\"og:image:type\" content=\"image\/jpeg\" \/>\n<meta name=\"author\" content=\"BRM conseil\" \/>\n<meta name=\"twitter:card\" content=\"summary_large_image\" \/>\n<meta name=\"twitter:label1\" content=\"Escrito por\" \/>\n\t<meta name=\"twitter:data1\" content=\"BRM conseil\" \/>\n\t<meta name=\"twitter:label2\" content=\"Tiempo de lectura\" \/>\n\t<meta name=\"twitter:data2\" content=\"4 minutos\" \/>\n<script type=\"application\/ld+json\" class=\"yoast-schema-graph\">{\"@context\":\"https:\/\/schema.org\",\"@graph\":[{\"@type\":\"Organization\",\"@id\":\"https:\/\/brm-conseil.fr\/fr\/#organization\",\"name\":\"BRM Conseil\",\"url\":\"https:\/\/brm-conseil.fr\/fr\/\",\"sameAs\":[],\"logo\":{\"@type\":\"ImageObject\",\"inLanguage\":\"es\",\"@id\":\"https:\/\/brm-conseil.fr\/fr\/#\/schema\/logo\/image\/\",\"url\":\"https:\/\/brm-conseil.fr\/wp-content\/uploads\/2019\/06\/logo-brmconseil.png\",\"contentUrl\":\"https:\/\/brm-conseil.fr\/wp-content\/uploads\/2019\/06\/logo-brmconseil.png\",\"width\":420,\"height\":66,\"caption\":\"BRM Conseil\"},\"image\":{\"@id\":\"https:\/\/brm-conseil.fr\/fr\/#\/schema\/logo\/image\/\"}},{\"@type\":\"WebSite\",\"@id\":\"https:\/\/brm-conseil.fr\/fr\/#website\",\"url\":\"https:\/\/brm-conseil.fr\/fr\/\",\"name\":\"BrmConseil\",\"description\":\"Sp\u00e9cialiste du recrutement m\u00e9dical\",\"publisher\":{\"@id\":\"https:\/\/brm-conseil.fr\/fr\/#organization\"},\"potentialAction\":[{\"@type\":\"SearchAction\",\"target\":{\"@type\":\"EntryPoint\",\"urlTemplate\":\"https:\/\/brm-conseil.fr\/fr\/?s={search_term_string}\"},\"query-input\":\"required name=search_term_string\"}],\"inLanguage\":\"es\"},{\"@type\":\"WebPage\",\"@id\":\"https:\/\/brm-conseil.fr\/it\/2019\/02\/13\/les-formations-sante-cest-dabord-bien-sinformer-afin-de-choisir-la-formation-ideale\/\",\"url\":\"https:\/\/brm-conseil.fr\/it\/2019\/02\/13\/les-formations-sante-cest-dabord-bien-sinformer-afin-de-choisir-la-formation-ideale\/\",\"name\":\"Les formations sant\u00e9, c\u2019est d\u2019abord bien s\u2019informer afin de choisir la formation id\u00e9ale - BRM Conseil\",\"isPartOf\":{\"@id\":\"https:\/\/brm-conseil.fr\/fr\/#website\"},\"datePublished\":\"2019-02-13T15:16:25+00:00\",\"dateModified\":\"2020-02-11T16:28:53+00:00\",\"breadcrumb\":{\"@id\":\"https:\/\/brm-conseil.fr\/it\/2019\/02\/13\/les-formations-sante-cest-dabord-bien-sinformer-afin-de-choisir-la-formation-ideale\/#breadcrumb\"},\"inLanguage\":\"es\",\"potentialAction\":[{\"@type\":\"ReadAction\",\"target\":[\"https:\/\/brm-conseil.fr\/it\/2019\/02\/13\/les-formations-sante-cest-dabord-bien-sinformer-afin-de-choisir-la-formation-ideale\/\"]}]},{\"@type\":\"BreadcrumbList\",\"@id\":\"https:\/\/brm-conseil.fr\/it\/2019\/02\/13\/les-formations-sante-cest-dabord-bien-sinformer-afin-de-choisir-la-formation-ideale\/#breadcrumb\",\"itemListElement\":[{\"@type\":\"ListItem\",\"position\":1,\"name\":\"Accueil\",\"item\":\"https:\/\/brm-conseil.fr\/fr\/\"},{\"@type\":\"ListItem\",\"position\":2,\"name\":\"Les formations sant\u00e9, c\u2019est d\u2019abord bien s\u2019informer afin de choisir la formation id\u00e9ale\"}]},{\"@type\":\"Article\",\"@id\":\"https:\/\/brm-conseil.fr\/it\/2019\/02\/13\/les-formations-sante-cest-dabord-bien-sinformer-afin-de-choisir-la-formation-ideale\/#article\",\"isPartOf\":{\"@id\":\"https:\/\/brm-conseil.fr\/it\/2019\/02\/13\/les-formations-sante-cest-dabord-bien-sinformer-afin-de-choisir-la-formation-ideale\/\"},\"author\":{\"name\":\"BRM conseil\",\"@id\":\"https:\/\/brm-conseil.fr\/fr\/#\/schema\/person\/01aea1fe6c22125cf5da1399027fc9a1\"},\"headline\":\"Les formations sant\u00e9, c\u2019est d\u2019abord bien s\u2019informer afin de choisir la formation id\u00e9ale\",\"datePublished\":\"2019-02-13T15:16:25+00:00\",\"dateModified\":\"2020-02-11T16:28:53+00:00\",\"mainEntityOfPage\":{\"@id\":\"https:\/\/brm-conseil.fr\/it\/2019\/02\/13\/les-formations-sante-cest-dabord-bien-sinformer-afin-de-choisir-la-formation-ideale\/\"},\"wordCount\":794,\"publisher\":{\"@id\":\"https:\/\/brm-conseil.fr\/fr\/#organization\"},\"articleSection\":[\"Annonces m\u00e9dicales\"],\"inLanguage\":\"es\"},{\"@type\":\"Person\",\"@id\":\"https:\/\/brm-conseil.fr\/fr\/#\/schema\/person\/01aea1fe6c22125cf5da1399027fc9a1\",\"name\":\"BRM conseil\",\"image\":{\"@type\":\"ImageObject\",\"inLanguage\":\"es\",\"@id\":\"https:\/\/brm-conseil.fr\/fr\/#\/schema\/person\/image\/\",\"url\":\"https:\/\/secure.gravatar.com\/avatar\/26ddf4f05e41632ec4ddf756c6b291a8?s=96&d=mm&r=g\",\"contentUrl\":\"https:\/\/secure.gravatar.com\/avatar\/26ddf4f05e41632ec4ddf756c6b291a8?s=96&d=mm&r=g\",\"caption\":\"BRM conseil\"},\"url\":\"https:\/\/brm-conseil.fr\/es\/author\/asachet\/\"}]}<\/script>\n<!-- \/ Yoast SEO plugin. -->","yoast_head_json":{"title":"Les formations sant\u00e9, c\u2019est d\u2019abord bien s\u2019informer afin de choisir la formation id\u00e9ale - BRM Conseil","robots":{"index":"index","follow":"follow","max-snippet":"max-snippet:-1","max-image-preview":"max-image-preview:large","max-video-preview":"max-video-preview:-1"},"canonical":"https:\/\/brm-conseil.fr\/es\/wp-json\/wp\/v2\/posts\/335","og_locale":"es_ES","og_type":"article","og_title":"Les formations sant\u00e9, c\u2019est d\u2019abord bien s\u2019informer afin de choisir la formation id\u00e9ale - BRM Conseil","og_description":"Vous \u00eates attir\u00e9 par les professions de la sant\u00e9 ? Vous devez tout d\u2019abord d\u00e9finir votre objectif : il existe des formations sp\u00e9cifiques pour chacune des branches du syst\u00e8me de sant\u00e9. Vous pouvez travailler dans les \u00e9tablissements m\u00e9dico-sociaux, vous installer en tant que profession lib\u00e9rale ou encore \u00eatre salari\u00e9 dans un centre hospitalier ou un [&hellip;]","og_url":"https:\/\/brm-conseil.fr\/es\/wp-json\/wp\/v2\/posts\/335","og_site_name":"BRM Conseil","article_published_time":"2019-02-13T15:16:25+00:00","article_modified_time":"2020-02-11T16:28:53+00:00","og_image":[{"width":640,"height":426,"url":"https:\/\/brm-conseil.fr\/wp-content\/uploads\/2020\/01\/LinkedIn_Brm-Conseil.png","type":"image\/jpeg"}],"author":"BRM conseil","twitter_card":"summary_large_image","twitter_misc":{"Escrito por":"BRM conseil","Tiempo de lectura":"4 minutos"},"schema":{"@context":"https:\/\/schema.org","@graph":[{"@type":"Organization","@id":"https:\/\/brm-conseil.fr\/fr\/#organization","name":"BRM Conseil","url":"https:\/\/brm-conseil.fr\/fr\/","sameAs":[],"logo":{"@type":"ImageObject","inLanguage":"es","@id":"https:\/\/brm-conseil.fr\/fr\/#\/schema\/logo\/image\/","url":"https:\/\/brm-conseil.fr\/wp-content\/uploads\/2019\/06\/logo-brmconseil.png","contentUrl":"https:\/\/brm-conseil.fr\/wp-content\/uploads\/2019\/06\/logo-brmconseil.png","width":420,"height":66,"caption":"BRM Conseil"},"image":{"@id":"https:\/\/brm-conseil.fr\/fr\/#\/schema\/logo\/image\/"}},{"@type":"WebSite","@id":"https:\/\/brm-conseil.fr\/fr\/#website","url":"https:\/\/brm-conseil.fr\/fr\/","name":"BrmConseil","description":"Especialista en contrataci\u00f3n m\u00e9dica","publisher":{"@id":"https:\/\/brm-conseil.fr\/fr\/#organization"},"potentialAction":[{"@type":"SearchAction","target":{"@type":"EntryPoint","urlTemplate":"https:\/\/brm-conseil.fr\/fr\/?s={search_term_string}"},"query-input":"required name=search_term_string"}],"inLanguage":"es"},{"@type":"WebPage","@id":"https:\/\/brm-conseil.fr\/it\/2019\/02\/13\/les-formations-sante-cest-dabord-bien-sinformer-afin-de-choisir-la-formation-ideale\/","url":"https:\/\/brm-conseil.fr\/it\/2019\/02\/13\/les-formations-sante-cest-dabord-bien-sinformer-afin-de-choisir-la-formation-ideale\/","name":"Les formations sant\u00e9, c\u2019est d\u2019abord bien s\u2019informer afin de choisir la formation id\u00e9ale - BRM Conseil","isPartOf":{"@id":"https:\/\/brm-conseil.fr\/fr\/#website"},"datePublished":"2019-02-13T15:16:25+00:00","dateModified":"2020-02-11T16:28:53+00:00","breadcrumb":{"@id":"https:\/\/brm-conseil.fr\/it\/2019\/02\/13\/les-formations-sante-cest-dabord-bien-sinformer-afin-de-choisir-la-formation-ideale\/#breadcrumb"},"inLanguage":"es","potentialAction":[{"@type":"ReadAction","target":["https:\/\/brm-conseil.fr\/it\/2019\/02\/13\/les-formations-sante-cest-dabord-bien-sinformer-afin-de-choisir-la-formation-ideale\/"]}]},{"@type":"BreadcrumbList","@id":"https:\/\/brm-conseil.fr\/it\/2019\/02\/13\/les-formations-sante-cest-dabord-bien-sinformer-afin-de-choisir-la-formation-ideale\/#breadcrumb","itemListElement":[{"@type":"ListItem","position":1,"name":"Accueil","item":"https:\/\/brm-conseil.fr\/fr\/"},{"@type":"ListItem","position":2,"name":"Les formations sant\u00e9, c\u2019est d\u2019abord bien s\u2019informer afin de choisir la formation id\u00e9ale"}]},{"@type":"Article","@id":"https:\/\/brm-conseil.fr\/it\/2019\/02\/13\/les-formations-sante-cest-dabord-bien-sinformer-afin-de-choisir-la-formation-ideale\/#article","isPartOf":{"@id":"https:\/\/brm-conseil.fr\/it\/2019\/02\/13\/les-formations-sante-cest-dabord-bien-sinformer-afin-de-choisir-la-formation-ideale\/"},"author":{"name":"BRM conseil","@id":"https:\/\/brm-conseil.fr\/fr\/#\/schema\/person\/01aea1fe6c22125cf5da1399027fc9a1"},"headline":"Les formations sant\u00e9, c\u2019est d\u2019abord bien s\u2019informer afin de choisir la formation id\u00e9ale","datePublished":"2019-02-13T15:16:25+00:00","dateModified":"2020-02-11T16:28:53+00:00","mainEntityOfPage":{"@id":"https:\/\/brm-conseil.fr\/it\/2019\/02\/13\/les-formations-sante-cest-dabord-bien-sinformer-afin-de-choisir-la-formation-ideale\/"},"wordCount":794,"publisher":{"@id":"https:\/\/brm-conseil.fr\/fr\/#organization"},"articleSection":["Annonces m\u00e9dicales"],"inLanguage":"es"},{"@type":"Person","@id":"https:\/\/brm-conseil.fr\/fr\/#\/schema\/person\/01aea1fe6c22125cf5da1399027fc9a1","name":"BRM conseil","image":{"@type":"ImageObject","inLanguage":"es","@id":"https:\/\/brm-conseil.fr\/fr\/#\/schema\/person\/image\/","url":"https:\/\/secure.gravatar.com\/avatar\/26ddf4f05e41632ec4ddf756c6b291a8?s=96&d=mm&r=g","contentUrl":"https:\/\/secure.gravatar.com\/avatar\/26ddf4f05e41632ec4ddf756c6b291a8?s=96&d=mm&r=g","caption":"BRM conseil"},"url":"https:\/\/brm-conseil.fr\/es\/author\/asachet\/"}]}},"_links":{"self":[{"href":"https:\/\/brm-conseil.fr\/es\/wp-json\/wp\/v2\/posts\/335"}],"collection":[{"href":"https:\/\/brm-conseil.fr\/es\/wp-json\/wp\/v2\/posts"}],"about":[{"href":"https:\/\/brm-conseil.fr\/es\/wp-json\/wp\/v2\/types\/post"}],"author":[{"embeddable":true,"href":"https:\/\/brm-conseil.fr\/es\/wp-json\/wp\/v2\/users\/2"}],"replies":[{"embeddable":true,"href":"https:\/\/brm-conseil.fr\/es\/wp-json\/wp\/v2\/comments?post=335"}],"version-history":[{"count":4,"href":"https:\/\/brm-conseil.fr\/es\/wp-json\/wp\/v2\/posts\/335\/revisions"}],"predecessor-version":[{"id":1829,"href":"https:\/\/brm-conseil.fr\/es\/wp-json\/wp\/v2\/posts\/335\/revisions\/1829"}],"wp:featuredmedia":[{"embeddable":true,"href":"https:\/\/brm-conseil.fr\/es\/wp-json\/wp\/v2\/media\/336"}],"wp:attachment":[{"href":"https:\/\/brm-conseil.fr\/es\/wp-json\/wp\/v2\/media?parent=335"}],"wp:term":[{"taxonomy":"category","embeddable":true,"href":"https:\/\/brm-conseil.fr\/es\/wp-json\/wp\/v2\/categories?post=335"},{"taxonomy":"post_tag","embeddable":true,"href":"https:\/\/brm-conseil.fr\/es\/wp-json\/wp\/v2\/tags?post=335"}],"curies":[{"name":"wp","href":"https:\/\/api.w.org\/{rel}","templated":true}]}}