{"id":3247,"date":"2020-02-26T15:06:57","date_gmt":"2020-02-26T14:06:57","guid":{"rendered":"https:\/\/brm-conseil.fr\/?p=3247"},"modified":"2022-06-22T23:15:13","modified_gmt":"2022-06-22T21:15:13","slug":"3247","status":"publish","type":"post","link":"https:\/\/brm-conseil.fr\/es\/2020\/02\/26\/3247\/","title":{"rendered":"Empleo en Francia: \u00bfcu\u00e1les son los tr\u00e1mites administrativos para trabajar como m\u00e9dico generalista?"},"content":{"rendered":"<p>[et_pb_section fb_built=\u00a0\u00bb1&Prime; _builder_version=\u00a0\u00bb4.3.2&Prime; background_image=\u00a0\u00bbhttps:\/\/brm-conseil.fr\/wp-content\/uploads\/2020\/02\/helloquence-EPppwcVTZEo-unsplash-1-scaled.jpg\u00a0\u00bb custom_padding=\u00a0\u00bb150px||150px\u00a0\u00bb global_colors_info=\u00a0\u00bb{}\u00a0\u00bb][\/et_pb_section][et_pb_section fb_built=\u00a0\u00bb1&Prime; _builder_version=\u00a0\u00bb3.25.2&Prime; background_color=\u00a0\u00bbrgba(0,0,0,0)\u00a0\u00bb custom_margin=\u00a0\u00bb-150px||\u00a0\u00bb custom_padding=\u00a0\u00bb|||||\u00a0\u00bb global_colors_info=\u00a0\u00bb{}\u00a0\u00bb][et_pb_row column_structure=\u00a0\u00bb1_2,1_2&Prime; _builder_version=\u00a0\u00bb3.25.2&Prime; global_colors_info=\u00a0\u00bb{}\u00a0\u00bb][et_pb_column type=\u00a0\u00bb1_2&Prime; _builder_version=\u00a0\u00bb3.25.2&Prime; global_colors_info=\u00a0\u00bb{}\u00a0\u00bb][\/et_pb_column][et_pb_column type=\u00a0\u00bb1_2&Prime; _builder_version=\u00a0\u00bb3.25.2&Prime; background_color=\u00a0\u00bb#0c71c3&Prime; custom_padding=\u00a0\u00bb30px|20px|30px|20px\u00a0\u00bb global_colors_info=\u00a0\u00bb{}\u00a0\u00bb][et_pb_post_title author=\u00a0\u00bboff\u00a0\u00bb date_format=\u00a0\u00bbj F Y\u00a0\u00bb comments=\u00a0\u00bboff\u00a0\u00bb featured_image=\u00a0\u00bboff\u00a0\u00bb _builder_version=\u00a0\u00bb4.0.3&Prime; title_font=\u00a0\u00bb|600|||||||\u00a0\u00bb title_text_align=\u00a0\u00bbleft\u00a0\u00bb title_text_color=\u00a0\u00bb#ffffff\u00a0\u00bb title_font_size=\u00a0\u00bb30px\u00a0\u00bb meta_font=\u00a0\u00bb||||||||\u00a0\u00bb meta_text_color=\u00a0\u00bb#ffffff\u00a0\u00bb title_font_size_tablet=\u00a0\u00bb20px\u00a0\u00bb title_font_size_phone=\u00a0\u00bb\u00a0\u00bb title_font_size_last_edited=\u00a0\u00bbon|phone\u00a0\u00bb global_colors_info=\u00a0\u00bb{}\u00a0\u00bb][\/et_pb_post_title][\/et_pb_column][\/et_pb_row][\/et_pb_section][et_pb_section fb_built=\u00a0\u00bb1&Prime; _builder_version=\u00a0\u00bb4.0.3&Prime; custom_margin=\u00a0\u00bb-100px||-30px||false|false\u00a0\u00bb global_colors_info=\u00a0\u00bb{}\u00a0\u00bb][et_pb_row _builder_version=\u00a0\u00bb3.25.2&Prime; global_colors_info=\u00a0\u00bb{}\u00a0\u00bb][et_pb_column type=\u00a0\u00bb4_4&Prime; _builder_version=\u00a0\u00bb3.25.2&Prime; global_colors_info=\u00a0\u00bb{}\u00a0\u00bb][et_pb_text _builder_version=\u00a0\u00bb4.0.3&Prime; custom_margin=\u00a0\u00bb-9px|100px||100px||\u00a0\u00bb custom_margin_tablet=\u00a0\u00bb|0px||0px\u00a0\u00bb custom_margin_phone=\u00a0\u00bb\u00a0\u00bb custom_margin_last_edited=\u00a0\u00bbon|tablet\u00a0\u00bb global_colors_info=\u00a0\u00bb{}\u00a0\u00bb]<\/p>\n<p style=\"text-align: justify\">\u00bfEst\u00e1 buscando <a href=\"https:\/\/brm-conseil.fr\/\">trabajo como m\u00e9dico generalista en Francia<\/a>\u2009? \u00bfEst\u00e1 estudiando actualmente medicina, es m\u00e9dico en Francia o en el <strong>extranjero<\/strong>, o se encuentra atravesando un proceso de reconversi\u00f3n profesional? Conozca todos los requisitos administrativos para emprender su carrera como m\u00e9dico generalista en Francia.<\/p>\n<h2 style=\"text-align: justify\">Elecci\u00f3n del lugar de inter\u00e9s para ejercer como m\u00e9dico en Francia<\/h2>\n<p style=\"text-align: justify\">Durante la realizaci\u00f3n de los tr\u00e1mites administrativos, debe indicarse el lugar de inter\u00e9s para desempe\u00f1ar su actividad. Esta informaci\u00f3n afecta a su inscripci\u00f3n obligatoria en el Consejo Nacional del Colegio de M\u00e9dicos, requisito necesario para trabajar legalmente en Francia. Por lo tanto, es esencial seleccionar uno o m\u00e1s destinos donde buscar <a href=\"https:\/\/brm-conseil.fr\/offres-demploi-sante\/\">trabajo como m\u00e9dico generalista<\/a>.\u00a0\u00a0<\/p>\n<h2 style=\"text-align: justify\">El Consejo Nacional del Colegio de M\u00e9dicos<\/h2>\n<p style=\"text-align: justify\">Para poder ejercer como <strong>m\u00e9dico generalista <\/strong>en Francia, el primer tr\u00e1mite administrativo consiste en inscribirse en el Consejo Departamental del Colegio de M\u00e9dicos adscrito al destino donde se vaya a llevar a cabo la actividad m\u00e9dica. Este es un paso esencial, sin el cual la pr\u00e1ctica m\u00e9dica no estar\u00e1 <a href=\"https:\/\/brm-conseil.fr\/2020\/01\/31\/pourquoi-de-plus-en-plus-de-medecins-etrangers-sinstallent-dans-les-campagnes-en-france\/\">permitida en el territorio franc\u00e9s<\/a>. Una vez realizado el registro, el m\u00e9dico recibir\u00e1 autom\u00e1ticamente su tarjeta profesional remitida por la Agencia de Sistemas de Informaci\u00f3n Compartidos en Materia de Salud (ASIP Sant\u00e9).<\/p>\n<p style=\"text-align: justify\">El Colegio de M\u00e9dicos se encarga de emitir un certificado para los m\u00e9dicos con un n\u00famero \u00fanico RPPS. En el constan los destinos de ejercicio previamente indicados durante el proceso de registro en el Colegio de M\u00e9dicos.<\/p>\n<h2 style=\"text-align: justify\">Inscripci\u00f3n del seguro m\u00e9dico<\/h2>\n<p style=\"text-align: justify\">Una vez obtenida la <strong>tarjeta profesional,<\/strong> el m\u00e9dico debe registrarse en el seguro m\u00e9dico del departamento donde vaya a ejercer. En este paso, el m\u00e9dico debe indicar si est\u00e1 concertado 1, o 2 (tiene tarifas de libre elecci\u00f3n). El seguro m\u00e9dico acompa\u00f1a a los m\u00e9dicos generalistas durante el proceso de registro en la Urssaf.<\/p>\n<h2 style=\"text-align: justify\">Asegurar su carrera de m\u00e9dico en Francia<\/h2>\n<p style=\"text-align: justify\">Cualquier m\u00e9dico debe contar con un seguro de responsabilidad civil. Los m\u00e9dicos generalistas en Francia est\u00e1n obligados a asegurar las pr\u00e1cticas m\u00e9dicas que realiza contratando un seguro de responsabilidad civil profesional.<\/p>\n<h2 style=\"text-align: justify\">Cotizar para la jubilaci\u00f3n en Francia<\/h2>\n<p style=\"text-align: justify\">En una actividad liberal, a tiempo completo o a tiempo parcial, los profesionales de la salud deben abonar sus cotizaciones a un fondo de pensiones. Se aconseja inscribirse en el Fondo Aut\u00f3nomo de Pensiones de los M\u00e9dicos de Francia (Caisse autonome de retraite des m\u00e9decins de France (CARMF)).<\/p>\n<h2 style=\"text-align: justify\">La CAF, sus derechos y deberes<\/h2>\n<p style=\"text-align: justify\">Para beneficiarse de los derechos y ayudas del Fondo de Subsidio Familiar (CAF), los m\u00e9dicos generalistas deben registrarse en el Fondo adscrito al lugar donde ejercen la pr\u00e1ctica m\u00e9dica.<\/p>\n<h2 style=\"text-align: justify\">Las normas de instalaci\u00f3n para m\u00e9dicos generalistas<\/h2>\n<p style=\"text-align: justify\">Los m\u00e9dicos generalistas deben ejercer la<strong> medicina<\/strong> y recibir a sus pacientes en instalaciones que respeten unas normas estrictas de higiene. Es obligatorio indicar en un lugar visible las tarifas, el\u00a0<a href=\"https:\/\/drees.solidarites-sante.gouv.fr\/IMG\/pdf\/fiche5-4.pdf\">sector concertado<\/a> y la participaci\u00f3n en asociaciones.<\/p>\n<p>[\/et_pb_text][\/et_pb_column][\/et_pb_row][\/et_pb_section][et_pb_section fb_built=\u00a0\u00bb1&Prime; _builder_version=\u00a0\u00bb4.0.3&Prime; custom_margin=\u00a0\u00bb0px||||false|false\u00a0\u00bb custom_padding=\u00a0\u00bb0px||||false|false\u00a0\u00bb global_colors_info=\u00a0\u00bb{}\u00a0\u00bb][et_pb_row column_structure=\u00a0\u00bb1_2,1_2&Prime; _builder_version=\u00a0\u00bb4.0.3&Prime; background_color=\u00a0\u00bbrgba(0,0,0,0)\u00a0\u00bb background_size=\u00a0\u00bbinitial\u00a0\u00bb background_position=\u00a0\u00bbtop_left\u00a0\u00bb background_repeat=\u00a0\u00bbrepeat\u00a0\u00bb global_colors_info=\u00a0\u00bb{}\u00a0\u00bb][et_pb_column type=\u00a0\u00bb1_2&Prime; _builder_version=\u00a0\u00bb4.0.3&Prime; background_color=\u00a0\u00bb#0c71c3&Prime; custom_padding=\u00a0\u00bb20px|15px|20px|15px|false|false\u00a0\u00bb global_colors_info=\u00a0\u00bb{}\u00a0\u00bb][et_pb_text _builder_version=\u00a0\u00bb4.3.2&Prime; text_font=\u00a0\u00bb|800|||||||\u00a0\u00bb text_text_color=\u00a0\u00bb#ffffff\u00a0\u00bb text_font_size=\u00a0\u00bb16px\u00a0\u00bb global_colors_info=\u00a0\u00bb{}\u00a0\u00bb]<\/p>\n<p style=\"text-align: center\">Solicite nuestras ofertas de trabajo para m\u00e9dicos<\/p>\n<p>[\/et_pb_text][et_pb_button button_url=\u00a0\u00bbhttps:\/\/brm-conseil.fr\/es\/annonces-medicales-dentaires\/\u00a0\u00bb button_text=\u00a0\u00bbCandidatura espont\u00e1nea\u00a0\u00bb button_alignment=\u00a0\u00bbcenter\u00a0\u00bb _builder_version=\u00a0\u00bb4.10.7&Prime; custom_button=\u00a0\u00bbon\u00a0\u00bb button_text_size=\u00a0\u00bb18px\u00a0\u00bb button_text_color=\u00a0\u00bb#0c71c3&Prime; button_bg_color=\u00a0\u00bb#ffffff\u00a0\u00bb button_border_width=\u00a0\u00bb2px\u00a0\u00bb button_border_radius=\u00a0\u00bb30px\u00a0\u00bb hover_enabled=\u00a0\u00bb0&Prime; global_colors_info=\u00a0\u00bb{}\u00a0\u00bb sticky_enabled=\u00a0\u00bb0&Prime;][\/et_pb_button][\/et_pb_column][et_pb_column type=\u00a0\u00bb1_2&Prime; _builder_version=\u00a0\u00bb4.0.3&Prime; background_color=\u00a0\u00bb#d6d6d6&Prime; custom_padding=\u00a0\u00bb20px|15px|20px|15px|false|false\u00a0\u00bb global_colors_info=\u00a0\u00bb{}\u00a0\u00bb][et_pb_text _builder_version=\u00a0\u00bb4.3.2&Prime; text_font=\u00a0\u00bb|800|||||||\u00a0\u00bb text_font_size=\u00a0\u00bb16px\u00a0\u00bb global_colors_info=\u00a0\u00bb{}\u00a0\u00bb]<\/p>\n<p style=\"text-align: center\">\u00bf Quieres contactarnos directamente ?<\/p>\n<p>[\/et_pb_text][et_pb_button button_url=\u00a0\u00bbhttps:\/\/brm-conseil.fr\/es\/contacto\/\u00a0\u00bb button_text=\u00a0\u00bbCont\u00e1ctanos\u00a0\u00bb button_alignment=\u00a0\u00bbcenter\u00a0\u00bb _builder_version=\u00a0\u00bb4.3.2&Prime; custom_button=\u00a0\u00bbon\u00a0\u00bb button_text_size=\u00a0\u00bb18px\u00a0\u00bb button_border_radius=\u00a0\u00bb30px\u00a0\u00bb global_colors_info=\u00a0\u00bb{}\u00a0\u00bb][\/et_pb_button][\/et_pb_column][\/et_pb_row][\/et_pb_section]<\/p>\n","protected":false},"excerpt":{"rendered":"<p>Encontrar un trabajo como m\u00e9dico general implica llevar a cabo varios procedimientos administrativos obligatorios para ejercer legalmente.<\/p>","protected":false},"author":3,"featured_media":3177,"comment_status":"closed","ping_status":"closed","sticky":false,"template":"","format":"standard","meta":{"_et_pb_use_builder":"on","_et_pb_old_content":"","_et_gb_content_width":"1080"},"categories":[646],"tags":[],"yoast_head":"<!-- This site is optimized with the Yoast SEO plugin v19.4 - https:\/\/yoast.com\/wordpress\/plugins\/seo\/ -->\n<title>Empleo en Francia: \u00bfcu\u00e1les son los tr\u00e1mites administrativos para trabajar como m\u00e9dico generalista? - BRM Conseil<\/title>\n<meta name=\"description\" content=\"Los m\u00e9dicos espa\u00f1oles, como todos los m\u00e9dicos europeos, pueden venir a trabajar a Francia. Sin embargo, los m\u00e9dicos espa\u00f1oles que quieran venir a trabajar a Francia deben realizar procedimientos administrativos.\" \/>\n<meta name=\"robots\" content=\"index, follow, max-snippet:-1, max-image-preview:large, max-video-preview:-1\" \/>\n<link rel=\"canonical\" href=\"https:\/\/brm-conseil.fr\/es\/wp-json\/wp\/v2\/posts\/3247\" \/>\n<meta property=\"og:locale\" content=\"es_ES\" \/>\n<meta property=\"og:type\" content=\"article\" \/>\n<meta property=\"og:title\" content=\"Empleo en Francia: \u00bfcu\u00e1les son los tr\u00e1mites administrativos para trabajar como m\u00e9dico generalista? - BRM Conseil\" \/>\n<meta property=\"og:description\" content=\"Los m\u00e9dicos espa\u00f1oles, como todos los m\u00e9dicos europeos, pueden venir a trabajar a Francia. Sin embargo, los m\u00e9dicos espa\u00f1oles que quieran venir a trabajar a Francia deben realizar procedimientos administrativos.\" \/>\n<meta property=\"og:url\" content=\"https:\/\/brm-conseil.fr\/es\/wp-json\/wp\/v2\/posts\/3247\" \/>\n<meta property=\"og:site_name\" content=\"BRM Conseil\" \/>\n<meta property=\"article:published_time\" content=\"2020-02-26T14:06:57+00:00\" \/>\n<meta property=\"article:modified_time\" content=\"2022-06-22T21:15:13+00:00\" \/>\n<meta property=\"og:image\" content=\"https:\/\/brm-conseil.fr\/wp-content\/uploads\/2020\/01\/LinkedIn_Brm-Conseil.png\" \/>\n\t<meta property=\"og:image:width\" content=\"2560\" \/>\n\t<meta property=\"og:image:height\" content=\"1709\" \/>\n\t<meta property=\"og:image:type\" content=\"image\/jpeg\" \/>\n<meta name=\"author\" content=\"Blogueur BRM Conseil\" \/>\n<meta name=\"twitter:card\" content=\"summary_large_image\" \/>\n<meta name=\"twitter:label1\" content=\"Escrito por\" \/>\n\t<meta name=\"twitter:data1\" content=\"Blogueur BRM Conseil\" \/>\n\t<meta name=\"twitter:label2\" content=\"Tiempo de lectura\" \/>\n\t<meta name=\"twitter:data2\" content=\"5 minutos\" \/>\n<script type=\"application\/ld+json\" class=\"yoast-schema-graph\">{\"@context\":\"https:\/\/schema.org\",\"@graph\":[{\"@type\":\"Organization\",\"@id\":\"https:\/\/brm-conseil.fr\/fr\/#organization\",\"name\":\"BRM Conseil\",\"url\":\"https:\/\/brm-conseil.fr\/fr\/\",\"sameAs\":[],\"logo\":{\"@type\":\"ImageObject\",\"inLanguage\":\"es\",\"@id\":\"https:\/\/brm-conseil.fr\/fr\/#\/schema\/logo\/image\/\",\"url\":\"https:\/\/brm-conseil.fr\/wp-content\/uploads\/2019\/06\/logo-brmconseil.png\",\"contentUrl\":\"https:\/\/brm-conseil.fr\/wp-content\/uploads\/2019\/06\/logo-brmconseil.png\",\"width\":420,\"height\":66,\"caption\":\"BRM Conseil\"},\"image\":{\"@id\":\"https:\/\/brm-conseil.fr\/fr\/#\/schema\/logo\/image\/\"}},{\"@type\":\"WebSite\",\"@id\":\"https:\/\/brm-conseil.fr\/fr\/#website\",\"url\":\"https:\/\/brm-conseil.fr\/fr\/\",\"name\":\"BrmConseil\",\"description\":\"Sp\u00e9cialiste du recrutement m\u00e9dical\",\"publisher\":{\"@id\":\"https:\/\/brm-conseil.fr\/fr\/#organization\"},\"potentialAction\":[{\"@type\":\"SearchAction\",\"target\":{\"@type\":\"EntryPoint\",\"urlTemplate\":\"https:\/\/brm-conseil.fr\/fr\/?s={search_term_string}\"},\"query-input\":\"required name=search_term_string\"}],\"inLanguage\":\"es\"},{\"@type\":\"WebPage\",\"@id\":\"https:\/\/brm-conseil.fr\/fr\/2020\/02\/26\/3247\/\",\"url\":\"https:\/\/brm-conseil.fr\/fr\/2020\/02\/26\/3247\/\",\"name\":\"Empleo en Francia: \u00bfcu\u00e1les son los tr\u00e1mites administrativos para trabajar como m\u00e9dico generalista? - BRM Conseil\",\"isPartOf\":{\"@id\":\"https:\/\/brm-conseil.fr\/fr\/#website\"},\"datePublished\":\"2020-02-26T14:06:57+00:00\",\"dateModified\":\"2022-06-22T21:15:13+00:00\",\"description\":\"Los m\u00e9dicos espa\u00f1oles, como todos los m\u00e9dicos europeos, pueden venir a trabajar a Francia. Sin embargo, los m\u00e9dicos espa\u00f1oles que quieran venir a trabajar a Francia deben realizar procedimientos administrativos.\",\"breadcrumb\":{\"@id\":\"https:\/\/brm-conseil.fr\/fr\/2020\/02\/26\/3247\/#breadcrumb\"},\"inLanguage\":\"es\",\"potentialAction\":[{\"@type\":\"ReadAction\",\"target\":[\"https:\/\/brm-conseil.fr\/fr\/2020\/02\/26\/3247\/\"]}]},{\"@type\":\"BreadcrumbList\",\"@id\":\"https:\/\/brm-conseil.fr\/fr\/2020\/02\/26\/3247\/#breadcrumb\",\"itemListElement\":[{\"@type\":\"ListItem\",\"position\":1,\"name\":\"Accueil\",\"item\":\"https:\/\/brm-conseil.fr\/fr\/\"},{\"@type\":\"ListItem\",\"position\":2,\"name\":\"Empleo en Francia: \u00bfcu\u00e1les son los tr\u00e1mites administrativos para trabajar como m\u00e9dico generalista?\"}]},{\"@type\":\"Article\",\"@id\":\"https:\/\/brm-conseil.fr\/fr\/2020\/02\/26\/3247\/#article\",\"isPartOf\":{\"@id\":\"https:\/\/brm-conseil.fr\/fr\/2020\/02\/26\/3247\/\"},\"author\":{\"name\":\"Blogueur BRM Conseil\",\"@id\":\"https:\/\/brm-conseil.fr\/fr\/#\/schema\/person\/9e5d4f1cb7974f23b087f35a80469c89\"},\"headline\":\"Empleo en Francia: \u00bfcu\u00e1les son los tr\u00e1mites administrativos para trabajar como m\u00e9dico generalista?\",\"datePublished\":\"2020-02-26T14:06:57+00:00\",\"dateModified\":\"2022-06-22T21:15:13+00:00\",\"mainEntityOfPage\":{\"@id\":\"https:\/\/brm-conseil.fr\/fr\/2020\/02\/26\/3247\/\"},\"wordCount\":1004,\"publisher\":{\"@id\":\"https:\/\/brm-conseil.fr\/fr\/#organization\"},\"articleSection\":[\"M\u00e9dico generalista\"],\"inLanguage\":\"es\"},{\"@type\":\"Person\",\"@id\":\"https:\/\/brm-conseil.fr\/fr\/#\/schema\/person\/9e5d4f1cb7974f23b087f35a80469c89\",\"name\":\"Blogueur BRM Conseil\",\"image\":{\"@type\":\"ImageObject\",\"inLanguage\":\"es\",\"@id\":\"https:\/\/brm-conseil.fr\/fr\/#\/schema\/person\/image\/\",\"url\":\"https:\/\/secure.gravatar.com\/avatar\/970f8c3497a522d7e0e65aff2a9986ef?s=96&d=mm&r=g\",\"contentUrl\":\"https:\/\/secure.gravatar.com\/avatar\/970f8c3497a522d7e0e65aff2a9986ef?s=96&d=mm&r=g\",\"caption\":\"Blogueur BRM Conseil\"},\"url\":\"https:\/\/brm-conseil.fr\/es\/author\/brmconseilblog\/\"}]}<\/script>\n<!-- \/ Yoast SEO plugin. -->","yoast_head_json":{"title":"Empleo en Francia: \u00bfcu\u00e1les son los tr\u00e1mites administrativos para trabajar como m\u00e9dico generalista? - BRM Conseil","description":"Los m\u00e9dicos espa\u00f1oles, como todos los m\u00e9dicos europeos, pueden venir a trabajar a Francia. Sin embargo, los m\u00e9dicos espa\u00f1oles que quieran venir a trabajar a Francia deben realizar procedimientos administrativos.","robots":{"index":"index","follow":"follow","max-snippet":"max-snippet:-1","max-image-preview":"max-image-preview:large","max-video-preview":"max-video-preview:-1"},"canonical":"https:\/\/brm-conseil.fr\/es\/wp-json\/wp\/v2\/posts\/3247","og_locale":"es_ES","og_type":"article","og_title":"Empleo en Francia: \u00bfcu\u00e1les son los tr\u00e1mites administrativos para trabajar como m\u00e9dico generalista? - BRM Conseil","og_description":"Los m\u00e9dicos espa\u00f1oles, como todos los m\u00e9dicos europeos, pueden venir a trabajar a Francia. Sin embargo, los m\u00e9dicos espa\u00f1oles que quieran venir a trabajar a Francia deben realizar procedimientos administrativos.","og_url":"https:\/\/brm-conseil.fr\/es\/wp-json\/wp\/v2\/posts\/3247","og_site_name":"BRM Conseil","article_published_time":"2020-02-26T14:06:57+00:00","article_modified_time":"2022-06-22T21:15:13+00:00","og_image":[{"width":2560,"height":1709,"url":"https:\/\/brm-conseil.fr\/wp-content\/uploads\/2020\/01\/LinkedIn_Brm-Conseil.png","type":"image\/jpeg"}],"author":"Blogueur BRM Conseil","twitter_card":"summary_large_image","twitter_misc":{"Escrito por":"Blogueur BRM Conseil","Tiempo de lectura":"5 minutos"},"schema":{"@context":"https:\/\/schema.org","@graph":[{"@type":"Organization","@id":"https:\/\/brm-conseil.fr\/fr\/#organization","name":"BRM Conseil","url":"https:\/\/brm-conseil.fr\/fr\/","sameAs":[],"logo":{"@type":"ImageObject","inLanguage":"es","@id":"https:\/\/brm-conseil.fr\/fr\/#\/schema\/logo\/image\/","url":"https:\/\/brm-conseil.fr\/wp-content\/uploads\/2019\/06\/logo-brmconseil.png","contentUrl":"https:\/\/brm-conseil.fr\/wp-content\/uploads\/2019\/06\/logo-brmconseil.png","width":420,"height":66,"caption":"BRM Conseil"},"image":{"@id":"https:\/\/brm-conseil.fr\/fr\/#\/schema\/logo\/image\/"}},{"@type":"WebSite","@id":"https:\/\/brm-conseil.fr\/fr\/#website","url":"https:\/\/brm-conseil.fr\/fr\/","name":"BrmConseil","description":"Especialista en contrataci\u00f3n m\u00e9dica","publisher":{"@id":"https:\/\/brm-conseil.fr\/fr\/#organization"},"potentialAction":[{"@type":"SearchAction","target":{"@type":"EntryPoint","urlTemplate":"https:\/\/brm-conseil.fr\/fr\/?s={search_term_string}"},"query-input":"required name=search_term_string"}],"inLanguage":"es"},{"@type":"WebPage","@id":"https:\/\/brm-conseil.fr\/fr\/2020\/02\/26\/3247\/","url":"https:\/\/brm-conseil.fr\/fr\/2020\/02\/26\/3247\/","name":"Empleo en Francia: \u00bfcu\u00e1les son los tr\u00e1mites administrativos para trabajar como m\u00e9dico generalista? - BRM Conseil","isPartOf":{"@id":"https:\/\/brm-conseil.fr\/fr\/#website"},"datePublished":"2020-02-26T14:06:57+00:00","dateModified":"2022-06-22T21:15:13+00:00","description":"Los m\u00e9dicos espa\u00f1oles, como todos los m\u00e9dicos europeos, pueden venir a trabajar a Francia. Sin embargo, los m\u00e9dicos espa\u00f1oles que quieran venir a trabajar a Francia deben realizar procedimientos administrativos.","breadcrumb":{"@id":"https:\/\/brm-conseil.fr\/fr\/2020\/02\/26\/3247\/#breadcrumb"},"inLanguage":"es","potentialAction":[{"@type":"ReadAction","target":["https:\/\/brm-conseil.fr\/fr\/2020\/02\/26\/3247\/"]}]},{"@type":"BreadcrumbList","@id":"https:\/\/brm-conseil.fr\/fr\/2020\/02\/26\/3247\/#breadcrumb","itemListElement":[{"@type":"ListItem","position":1,"name":"Accueil","item":"https:\/\/brm-conseil.fr\/fr\/"},{"@type":"ListItem","position":2,"name":"Empleo en Francia: \u00bfcu\u00e1les son los tr\u00e1mites administrativos para trabajar como m\u00e9dico generalista?"}]},{"@type":"Article","@id":"https:\/\/brm-conseil.fr\/fr\/2020\/02\/26\/3247\/#article","isPartOf":{"@id":"https:\/\/brm-conseil.fr\/fr\/2020\/02\/26\/3247\/"},"author":{"name":"Blogueur BRM Conseil","@id":"https:\/\/brm-conseil.fr\/fr\/#\/schema\/person\/9e5d4f1cb7974f23b087f35a80469c89"},"headline":"Empleo en Francia: \u00bfcu\u00e1les son los tr\u00e1mites administrativos para trabajar como m\u00e9dico generalista?","datePublished":"2020-02-26T14:06:57+00:00","dateModified":"2022-06-22T21:15:13+00:00","mainEntityOfPage":{"@id":"https:\/\/brm-conseil.fr\/fr\/2020\/02\/26\/3247\/"},"wordCount":1004,"publisher":{"@id":"https:\/\/brm-conseil.fr\/fr\/#organization"},"articleSection":["M\u00e9dico generalista"],"inLanguage":"es"},{"@type":"Person","@id":"https:\/\/brm-conseil.fr\/fr\/#\/schema\/person\/9e5d4f1cb7974f23b087f35a80469c89","name":"Blogger BRM Conseil","image":{"@type":"ImageObject","inLanguage":"es","@id":"https:\/\/brm-conseil.fr\/fr\/#\/schema\/person\/image\/","url":"https:\/\/secure.gravatar.com\/avatar\/970f8c3497a522d7e0e65aff2a9986ef?s=96&d=mm&r=g","contentUrl":"https:\/\/secure.gravatar.com\/avatar\/970f8c3497a522d7e0e65aff2a9986ef?s=96&d=mm&r=g","caption":"Blogueur BRM Conseil"},"url":"https:\/\/brm-conseil.fr\/es\/author\/brmconseilblog\/"}]}},"_links":{"self":[{"href":"https:\/\/brm-conseil.fr\/es\/wp-json\/wp\/v2\/posts\/3247"}],"collection":[{"href":"https:\/\/brm-conseil.fr\/es\/wp-json\/wp\/v2\/posts"}],"about":[{"href":"https:\/\/brm-conseil.fr\/es\/wp-json\/wp\/v2\/types\/post"}],"author":[{"embeddable":true,"href":"https:\/\/brm-conseil.fr\/es\/wp-json\/wp\/v2\/users\/3"}],"replies":[{"embeddable":true,"href":"https:\/\/brm-conseil.fr\/es\/wp-json\/wp\/v2\/comments?post=3247"}],"version-history":[{"count":7,"href":"https:\/\/brm-conseil.fr\/es\/wp-json\/wp\/v2\/posts\/3247\/revisions"}],"predecessor-version":[{"id":10850,"href":"https:\/\/brm-conseil.fr\/es\/wp-json\/wp\/v2\/posts\/3247\/revisions\/10850"}],"wp:featuredmedia":[{"embeddable":true,"href":"https:\/\/brm-conseil.fr\/es\/wp-json\/wp\/v2\/media\/3177"}],"wp:attachment":[{"href":"https:\/\/brm-conseil.fr\/es\/wp-json\/wp\/v2\/media?parent=3247"}],"wp:term":[{"taxonomy":"category","embeddable":true,"href":"https:\/\/brm-conseil.fr\/es\/wp-json\/wp\/v2\/categories?post=3247"},{"taxonomy":"post_tag","embeddable":true,"href":"https:\/\/brm-conseil.fr\/es\/wp-json\/wp\/v2\/tags?post=3247"}],"curies":[{"name":"wp","href":"https:\/\/api.w.org\/{rel}","templated":true}]}}